{"id":139106,"date":"2026-01-11T01:38:12","date_gmt":"2026-01-11T01:38:12","guid":{"rendered":"https:\/\/www.europesays.com\/fi\/139106\/"},"modified":"2026-01-11T01:38:12","modified_gmt":"2026-01-11T01:38:12","slug":"jalkapallo-hurja-huhu-vie-roman-eremenkoa-venajalle-ehka-han-saa-orenburgin-keskikentan-kuntoon-2","status":"publish","type":"post","link":"https:\/\/www.europesays.com\/fi\/139106\/","title":{"rendered":"Jalkapallo: Hurja huhu vie Roman Eremenkoa Ven\u00e4j\u00e4lle: \u201dEhk\u00e4 h\u00e4n saa Orenburgin keskikent\u00e4n kuntoon\u201d"},"content":{"rendered":"<p>Huhumylly py\u00f6rii Roman Eremenkon ymp\u00e4rill\u00e4.<\/p>\n<p>10.1. 20:17<\/p>\n<p class=\"article-body mb-nof-24 px-nof-16\">Huuhkajien entist\u00e4 t\u00e4htipelaajaa <a class=\"font-bold underline-offset-[0.12em] [text-decoration:var(--person-link-text-decoration)] ![text-decoration-color:var(--person-link-text-decoration-color)]\" href=\"https:\/\/www.is.fi\/haku\/?query=Roman%20Eremenkoa\" rel=\"nofollow noopener\" target=\"_blank\">Roman Eremenkoa<\/a> vied\u00e4\u00e4n Ven\u00e4j\u00e4lt\u00e4 kantautuvissa huhuissa takaisin Ven\u00e4j\u00e4n Valioliigaan.<\/p>\n<p class=\"article-body mb-nof-24 px-nof-16\">Tunnetut urheilumediat <a class=\"underline underline-offset-[0.12em] [text-decoration-thickness:var(--generic-link-underline-thickness)] [text-decoration-color:var(--generic-link-underline-color)] [text-decoration-skip-ink:var(--generic-link-underline-skip-ink)] break-words\" href=\"https:\/\/www.sport-express.ru\/football\/transfers\/reviews\/transfernye-novosti-i-sluhi-dnya-9-yanvarya-zherson-uzhe-v-brazilii-koksharov-v-pari-nn-eremenko-mozhet-vernutsya-v-rpl-2389109\/\" rel=\"nofollow noopener\" target=\"_blank\">Sport-Ekspress<\/a> ja <a class=\"underline underline-offset-[0.12em] [text-decoration-thickness:var(--generic-link-underline-thickness)] [text-decoration-color:var(--generic-link-underline-color)] [text-decoration-skip-ink:var(--generic-link-underline-skip-ink)] break-words\" href=\"https:\/\/www.championat.com\/football\/news-6310650-eks-igrok-cska-i-spartaka-roman-eryomenko-blizok-k-vozvrascheniyu-v-rpl-istochnik.html\" rel=\"nofollow noopener\" target=\"_blank\">Championat<\/a> kertovat 38-vuotiaan keskikent\u00e4n taiturin olevan l\u00e4hell\u00e4 siirtoa FK Orenburgiin.<\/p>\n<p class=\"article-body mb-nof-24 px-nof-16\">Sport-Ekspress ja Championat kertovat l\u00e4hteekseen toimittaja <a class=\"font-bold underline-offset-[0.12em] [text-decoration:var(--person-link-text-decoration)] ![text-decoration-color:var(--person-link-text-decoration-color)]\" href=\"https:\/\/www.is.fi\/haku\/?query=Ivan%20Karpovin\" rel=\"nofollow noopener\" target=\"_blank\">Ivan Karpovin<\/a>, jonka mukaan Eremenko olisi osallistumassa seuran harjoitusleirille.<\/p>\n<p class=\"article-body mb-nof-24 px-nof-16\">Ven\u00e4j\u00e4n Valioliiga palaa joulukuun alussa alkaneelta talvitauoltaan helmikuun lopussa. FK Orenburg l\u00e4hti talvitauolle 15:nten\u00e4, kun sarjassa on 16 joukkuetta.<\/p>\n<p><img decoding=\"async\" src=\"https:\/\/www.europesays.com\/fi\/wp-content\/uploads\/2026\/01\/1768076768_934_468.jpg\" alt=\"Roman Eremenko taituroi Rubin Kazanin paidassa syksyll\u00e4 2012.\" class=\"_Img_1rerz_1\" style=\"aspect-ratio:1.5011727912431587\" loading=\"eager\"\/><\/p>\n<p class=\"article-picture-caption\">Roman Eremenko taituroi Rubin Kazanin paidassa syksyll\u00e4 2012. Kuva:\u00a0Imago Sport \/ AOP<\/p>\n<p class=\"article-body mb-nof-24 px-nof-16\">Eremenko on pelannut Ven\u00e4j\u00e4ll\u00e4 Rubin Kazanin, TsSKA Moskovan, Spartak Moskovan ja FK Rostovin riveiss\u00e4.<\/p>\n<p class=\"article-body mb-nof-24 px-nof-16\">\u2013 Eremenko oli eritt\u00e4in lahjakas jalkapalloilija. Valitettavasti h\u00e4n ei ole ensimm\u00e4inen eik\u00e4 viimeinen, jonka erilaiset houkutukset ovat tuhonneet, Spartakin entinen puheenjohtaja <a class=\"font-bold underline-offset-[0.12em] [text-decoration:var(--person-link-text-decoration)] ![text-decoration-color:var(--person-link-text-decoration-color)]\" href=\"https:\/\/www.is.fi\/haku\/?query=Andrei%20Tshervitshenko\" rel=\"nofollow noopener\" target=\"_blank\">Andrei Tshervitshenko<\/a> <a class=\"underline underline-offset-[0.12em] [text-decoration-thickness:var(--generic-link-underline-thickness)] [text-decoration-color:var(--generic-link-underline-color)] [text-decoration-skip-ink:var(--generic-link-underline-skip-ink)] break-words\" href=\"https:\/\/www.championat.ru\/football\/news-6311428-andrej-chervichenko-mozhet-eryomenko-vse-eti-gody-posvyatil-vosstanovleniyu-formy-i-rezhimil.html\" rel=\"nofollow noopener\" target=\"_blank\">kommentoi<\/a> lauantaina Championatille.<\/p>\n<p class=\"article-body mb-nof-24 px-nof-16\">\u2013 Ehk\u00e4 h\u00e4n saa Orenburgin keskikent\u00e4n kuntoon vuodessa. En tied\u00e4, miss\u00e4 kunnossa h\u00e4n on. Ehk\u00e4 h\u00e4n on treenannut ahkerasti ja on nyt mallikelpoinen.<\/p>\n<p class=\"article-body mb-nof-24 px-nof-16\">Eremenko j\u00e4i syyskuussa 2016 j\u00e4rjestetyss\u00e4 dopingtestiss\u00e4 kiinni kokaiinin k\u00e4yt\u00f6st\u00e4. H\u00e4n on pelannut viime vuodet Suomessa HIFK:n, FC Hongan ja IF Gnistanin riveiss\u00e4.<\/p>\n<p><img decoding=\"async\" src=\"https:\/\/www.europesays.com\/fi\/wp-content\/uploads\/2026\/01\/1768076768_672_468.jpg\" alt=\"Roman Eremenko juhli TsSKA Moskovan paidassa tekem\u00e4\u00e4ns\u00e4 tasoitusmaalia Bayer Leverkusenin verkkoon Mestarien liigan ottelussa 14. syyskuuta 2016. Ottelun j\u00e4lkeinen dopingtesti muutti h\u00e4nen el\u00e4m\u00e4ns\u00e4.\" class=\"_Img_1rerz_1\" style=\"aspect-ratio:1.4024835646457268\" loading=\"eager\"\/><\/p>\n<p class=\"article-picture-caption\">Roman Eremenko juhli TsSKA Moskovan paidassa tekem\u00e4\u00e4ns\u00e4 tasoitusmaalia Bayer Leverkusenin verkkoon Mestarien liigan ottelussa 14. syyskuuta 2016. Ottelun j\u00e4lkeinen dopingtesti muutti h\u00e4nen el\u00e4m\u00e4ns\u00e4. Kuva:\u00a0Leon Kuegeler \/ Anadolu Agency \/ Stella Pictures \/ AOP<\/p>\n<p class=\"article-body mb-nof-24 px-nof-16\">Entinen Ven\u00e4j\u00e4n maajoukkuepuolustaja <a class=\"font-bold underline-offset-[0.12em] [text-decoration:var(--person-link-text-decoration)] ![text-decoration-color:var(--person-link-text-decoration-color)]\" href=\"https:\/\/www.is.fi\/haku\/?query=Vladimir%20Ponomarev\" rel=\"nofollow noopener\" target=\"_blank\">Vladimir Ponomarev<\/a> h\u00e4mm\u00e4stelee siirtohuhua Ven\u00e4j\u00e4n valtiolliselle uutistoimistolle <a class=\"underline underline-offset-[0.12em] [text-decoration-thickness:var(--generic-link-underline-thickness)] [text-decoration-color:var(--generic-link-underline-color)] [text-decoration-skip-ink:var(--generic-link-underline-skip-ink)] break-words\" href=\"https:\/\/ria.ru\/20260110\/ponomarev-2067121883.html\" rel=\"nofollow noopener\" target=\"_blank\">Ria Novostille<\/a>.<\/p>\n<p class=\"article-body mb-nof-24 px-nof-16\">Ponomarev ei usko, ett\u00e4 h\u00e4nen kanssaan samanik\u00e4iselle Eremenkolle on k\u00e4ytt\u00f6\u00e4 Ven\u00e4j\u00e4n p\u00e4\u00e4sarjassa.<\/p>\n<p class=\"article-body mb-nof-24 px-nof-16\">\u2013 H\u00e4n on 38-vuotias ja haluaa pelata jalkapalloa. Annetaan Orenburgin hankkia h\u00e4net, mutta heid\u00e4n tiens\u00e4 eroavat nopeasti, Ponomarev sanoo.<\/p>\n<p class=\"article-body mb-nof-24 px-nof-16\">\u2013 H\u00e4nen taso ei en\u00e4\u00e4 riit\u00e4 liigassamme, h\u00e4n loukkaantuu nopeasti eik\u00e4 en\u00e4\u00e4 pysty suojelemaan terveytt\u00e4\u00e4n. Ik\u00e4, nopeus tai lihakset eiv\u00e4t ole entisell\u00e4\u00e4n.<\/p>\n","protected":false},"excerpt":{"rendered":"Huhumylly py\u00f6rii Roman Eremenkon ymp\u00e4rill\u00e4. 10.1. 20:17 Huuhkajien entist\u00e4 t\u00e4htipelaajaa Roman Eremenkoa vied\u00e4\u00e4n Ven\u00e4j\u00e4lt\u00e4 kantautuvissa huhuissa takaisin Ven\u00e4j\u00e4n&hellip;\n","protected":false},"author":2,"featured_media":139107,"comment_status":"","ping_status":"","sticky":false,"template":"","format":"standard","meta":{"footnotes":""},"categories":[158],"tags":[33,31,30,34,159,32,160],"class_list":{"0":"post-139106","1":"post","2":"type-post","3":"status-publish","4":"format-standard","5":"has-post-thumbnail","7":"category-urheilu","8":"tag-fi","9":"tag-finland","10":"tag-finnish","11":"tag-ilta-sanomat","12":"tag-sports","13":"tag-suomi","14":"tag-urheilu"},"share_on_mastodon":{"url":"https:\/\/pubeurope.com\/@fi\/115873913421436256","error":""},"_links":{"self":[{"href":"https:\/\/www.europesays.com\/fi\/wp-json\/wp\/v2\/posts\/139106","targetHints":{"allow":["GET"]}}],"collection":[{"href":"https:\/\/www.europesays.com\/fi\/wp-json\/wp\/v2\/posts"}],"about":[{"href":"https:\/\/www.europesays.com\/fi\/wp-json\/wp\/v2\/types\/post"}],"author":[{"embeddable":true,"href":"https:\/\/www.europesays.com\/fi\/wp-json\/wp\/v2\/users\/2"}],"replies":[{"embeddable":true,"href":"https:\/\/www.europesays.com\/fi\/wp-json\/wp\/v2\/comments?post=139106"}],"version-history":[{"count":0,"href":"https:\/\/www.europesays.com\/fi\/wp-json\/wp\/v2\/posts\/139106\/revisions"}],"wp:featuredmedia":[{"embeddable":true,"href":"https:\/\/www.europesays.com\/fi\/wp-json\/wp\/v2\/media\/139107"}],"wp:attachment":[{"href":"https:\/\/www.europesays.com\/fi\/wp-json\/wp\/v2\/media?parent=139106"}],"wp:term":[{"taxonomy":"category","embeddable":true,"href":"https:\/\/www.europesays.com\/fi\/wp-json\/wp\/v2\/categories?post=139106"},{"taxonomy":"post_tag","embeddable":true,"href":"https:\/\/www.europesays.com\/fi\/wp-json\/wp\/v2\/tags?post=139106"}],"curies":[{"name":"wp","href":"https:\/\/api.w.org\/{rel}","templated":true}]}}