{"id":139108,"date":"2026-01-11T01:39:13","date_gmt":"2026-01-11T01:39:13","guid":{"rendered":"https:\/\/www.europesays.com\/fi\/139108\/"},"modified":"2026-01-11T01:39:13","modified_gmt":"2026-01-11T01:39:13","slug":"kulttuurivieras-soutajan-somepaivitys-tiivistaa-ihmisten-kuuroutumisen-tekoalyn-tekemalle-musiikille-paikalliset","status":"publish","type":"post","link":"https:\/\/www.europesays.com\/fi\/139108\/","title":{"rendered":"Kulttuurivieras | Soutajan somep\u00e4ivitys tiivist\u00e4\u00e4 ihmisten kuuroutumisen teko\u00e4lyn tekem\u00e4lle musiikille | Paikalliset"},"content":{"rendered":"<p>Yh\u00e4 useampi meist\u00e4 k\u00e4ytt\u00e4\u00e4 teko\u00e4ly\u00e4 osana omaa arkea ja ty\u00f6el\u00e4m\u00e4\u00e4. Tuntuu, ett\u00e4 t\u00e4n\u00e4 p\u00e4iv\u00e4n\u00e4 kahvip\u00f6ytien kulutetuimmat lauseet ovat \u201cKysyin teko\u00e4lylt\u00e4, ett\u00e4\u2026\u201d ja \u201cPyysin teko\u00e4ly\u00e4 tekem\u00e4\u00e4n\u2026\u201d.<\/p>\n<p>Sama ilmi\u00f6 on rantautunut my\u00f6s musiikkialalle. Siin\u00e4 miss\u00e4 osa tekij\u00f6ist\u00e4 k\u00e4ytt\u00e4\u00e4 teko\u00e4ly\u00e4 biisin sanoituksen, s\u00e4vellyksen ja\/tai tuotannon tukena, on sosiaalinen media t\u00e4ynn\u00e4 my\u00f6s kokonaan teko\u00e4lyn tekemi\u00e4 kappaleita.<\/p>\n<p><strong class=\"diks-storyline__impact\">Selaillessani muutama<\/strong> p\u00e4iv\u00e4 sitten instagramia vastaan ui j\u00e4lleen yksi esimerkki teko\u00e4lyartistin aikaansaannoksesta. Soutaja <strong>Jari Saario<\/strong> oli postannut vuoden viimeisen\u00e4 p\u00e4iv\u00e4n\u00e4 itsest\u00e4\u00e4n kuvan, jonka taustalla soi h\u00e4nelle tehty ylistyslaulu.<\/p>\n<p>\u201cSoututiimilt\u00e4, kun tulee t\u00e4llainen biisi, niin siihen on hyv\u00e4 lopettaa vuosi 2025!\u201d, h\u00e4n hehkutti kuvatekstiss\u00e4.<\/p>\n<p>Kommenttikentt\u00e4 t\u00e4yttyi nopeasti sadoista uudenvuodentoivotuksista, joissa ihmiset kehuivat Saariosta tehty\u00e4 kappaletta sek\u00e4 my\u00f6s postaukseen valittua kuvaa. Teko\u00e4lyll\u00e4 on siis faneja selv\u00e4sti my\u00f6s valokuvataiteen saralla, sill\u00e4 my\u00f6s soutajan itsest\u00e4\u00e4n ottama selfie ja sen tausta oli editoitu teko\u00e4lyll\u00e4.<\/p>\n<p>Min\u00e4 itse, kuten meist\u00e4 nuoremmista varmasti valtaosa, tunnistan teko\u00e4lyll\u00e4 tehdyn musiikin v\u00e4litt\u00f6m\u00e4sti. Tai korjataan, ainakin suomen kielell\u00e4 laulettujen kappaleiden joukosta n\u00e4m\u00e4 on helppo poimia, sill\u00e4 pelk\u00e4st\u00e4\u00e4n jo \u00e4\u00e4ni ja \u00e4\u00e4nenpaino paljastavat ettei kyseess\u00e4 ole todellinen henkil\u00f6.<\/p>\n<p><strong class=\"diks-storyline__impact\">Teko\u00e4lyst\u00e4 ja sen <\/strong>vaikutuksista musiikkialaan voisi varmasti paasata kokonaisen juttusarjan verran, mutta j\u00e4tet\u00e4\u00e4n se viisaammille ja palataan takaisin soutajan somep\u00e4ivitykseen.<\/p>\n<p>5. tammikuuta aamup\u00e4iv\u00e4\u00e4n menness\u00e4 postaus oli ker\u00e4nnyt 349 kommenttia. Ainoa n\u00e4ist\u00e4 kommenteista, joka nosti esille teko\u00e4lyn, on sama henkil\u00f6, joka on tehnyt postauksessa soivan kappaleen.<\/p>\n<p>H\u00e4n kertoo t\u00e4ysin avoimesti kappaleen melodioiden, sovituksen ja \u00e4\u00e4nen olevan teko\u00e4lyn k\u00e4sialaa. Kommentilla on t\u00e4t\u00e4 kirjoittaessa 35 tykk\u00e4yst\u00e4 ja yksi kommentti, jossa toinen hengenheimolainen kertoo tekev\u00e4ns\u00e4 lauluja tismalleen samalla tavalla.<\/p>\n<p><strong class=\"diks-storyline__impact\">Vaihtoehtoja on <\/strong>kaksi. Joko ihmiset eiv\u00e4t oikeasti en\u00e4\u00e4 n\u00e4e tai kuule, mitk\u00e4 ovat teko\u00e4lyn tuotoksia ja mitk\u00e4 eiv\u00e4t, tai sitten he n\u00e4kev\u00e4t ja kuulevat, mutta eiv\u00e4t v\u00e4lit\u00e4. Pieni optimisti sis\u00e4ll\u00e4ni liputtaa tuota ensimm\u00e4ist\u00e4 vaihtoehtoa, mutta silm\u00e4testi kommenttikent\u00e4n uumeniin ly\u00f6 pelimerkit p\u00f6yt\u00e4\u00e4n j\u00e4lkimm\u00e4isen puolesta.<\/p>\n<p>Ymm\u00e4rr\u00e4n, ett\u00e4 kommenteissa valtaosa on yli 40-vuotiailta, mutta ei se mielest\u00e4ni perustele kuuroutumista oikealle musiikille ja ihmisen itse tekem\u00e4lle taiteelle.<\/p>\n<p>En oikein tied\u00e4, pit\u00e4isik\u00f6 itke\u00e4 vai nauraa. Toisaalta aikuisten ihmisten uskomaton kyvytt\u00f6myys tunnistaa teko\u00e4lyn luomuksia luo allekirjoittaneessa s\u00e4\u00e4li\u00e4, mutta samalla se kuumottaa.<\/p>\n<p>Onko maailmaan v\u00e4hitellen kehittym\u00e4ss\u00e4 kuulijakunta, joka ei en\u00e4\u00e4 v\u00e4lit\u00e4, onko somessa vastaan tuleva kappale jonkun nuoren taiteilijan hengentuotos vai 5 minuutissa teko\u00e4lyn generoima satunnainen kasa sanoja ja sointuja?<\/p>\n<p class=\"diks-storyline__additional-information\">Kirjoittaja on Janakkalasta kotoisin oleva laulaja-lauluntekij\u00e4.<\/p>\n","protected":false},"excerpt":{"rendered":"Yh\u00e4 useampi meist\u00e4 k\u00e4ytt\u00e4\u00e4 teko\u00e4ly\u00e4 osana omaa arkea ja ty\u00f6el\u00e4m\u00e4\u00e4. Tuntuu, ett\u00e4 t\u00e4n\u00e4 p\u00e4iv\u00e4n\u00e4 kahvip\u00f6ytien kulutetuimmat lauseet ovat&hellip;\n","protected":false},"author":2,"featured_media":139109,"comment_status":"","ping_status":"","sticky":false,"template":"","format":"standard","meta":{"footnotes":""},"categories":[130],"tags":[138,137,33,31,30,3888,3889,108,47,32,484,398,109],"class_list":{"0":"post-139108","1":"post","2":"type-post","3":"status-publish","4":"format-standard","5":"has-post-thumbnail","7":"category-viihde","8":"tag-audio","9":"tag-entertainment","10":"tag-fi","11":"tag-finland","12":"tag-finnish","13":"tag-hameenlinnan-seutukunta","14":"tag-janakkala","15":"tag-kulttuuri","16":"tag-musiikki","17":"tag-suomi","18":"tag-taiteellinen-ilmaisu-ja-mediat","19":"tag-taiteilija","20":"tag-viihde"},"share_on_mastodon":{"url":"https:\/\/pubeurope.com\/@fi\/115873917370297550","error":""},"_links":{"self":[{"href":"https:\/\/www.europesays.com\/fi\/wp-json\/wp\/v2\/posts\/139108","targetHints":{"allow":["GET"]}}],"collection":[{"href":"https:\/\/www.europesays.com\/fi\/wp-json\/wp\/v2\/posts"}],"about":[{"href":"https:\/\/www.europesays.com\/fi\/wp-json\/wp\/v2\/types\/post"}],"author":[{"embeddable":true,"href":"https:\/\/www.europesays.com\/fi\/wp-json\/wp\/v2\/users\/2"}],"replies":[{"embeddable":true,"href":"https:\/\/www.europesays.com\/fi\/wp-json\/wp\/v2\/comments?post=139108"}],"version-history":[{"count":0,"href":"https:\/\/www.europesays.com\/fi\/wp-json\/wp\/v2\/posts\/139108\/revisions"}],"wp:featuredmedia":[{"embeddable":true,"href":"https:\/\/www.europesays.com\/fi\/wp-json\/wp\/v2\/media\/139109"}],"wp:attachment":[{"href":"https:\/\/www.europesays.com\/fi\/wp-json\/wp\/v2\/media?parent=139108"}],"wp:term":[{"taxonomy":"category","embeddable":true,"href":"https:\/\/www.europesays.com\/fi\/wp-json\/wp\/v2\/categories?post=139108"},{"taxonomy":"post_tag","embeddable":true,"href":"https:\/\/www.europesays.com\/fi\/wp-json\/wp\/v2\/tags?post=139108"}],"curies":[{"name":"wp","href":"https:\/\/api.w.org\/{rel}","templated":true}]}}