{"id":139114,"date":"2026-01-11T01:44:08","date_gmt":"2026-01-11T01:44:08","guid":{"rendered":"https:\/\/www.europesays.com\/fi\/139114\/"},"modified":"2026-01-11T01:44:08","modified_gmt":"2026-01-11T01:44:08","slug":"oulu-tuulettaa-kulttuurin-avulla-kaupunki-ilmaa","status":"publish","type":"post","link":"https:\/\/www.europesays.com\/fi\/139114\/","title":{"rendered":"Oulu tuulettaa kulttuurin avulla kaupunki-ilmaa"},"content":{"rendered":"<p>P\u00e4\u00e4kirjoitus|Kulttuurip\u00e4\u00e4kaupunkivuoden toivoisi olevan muistutus Oululle: kaupunkia tulee kehitt\u00e4\u00e4 ydin-Oulu edell\u00e4.<\/p>\n<p class=\"article-body mb-nof-24 px-nof-16\">Oulussa nuoruutensa el\u00e4nyt rockmuusikko Kauko R\u00f6yhk\u00e4 kirjoitti vuonna 1985 hittibiisin Paska kaupunki. \u201dRautatie, rautatie menee etel\u00e4\u00e4n. Jos pelaat keskinkertaisuuden s\u00e4\u00e4nn\u00f6ill\u00e4, et voi kuin h\u00e4vit\u00e4. Jos h\u00e4vi\u00e4t, et muuta voi kuin h\u00e4ipy\u00e4 t\u00e4\u00e4lt\u00e4. Oooo, paska kaupunki!\u201d<\/p>\n<p class=\"article-body mb-nof-24 px-nof-16\">R\u00f6yhk\u00e4n mukaan kappale kertoo enemm\u00e4nkin nuoren turhautumisesta kuin Oulusta. Monet oululaiset l\u00f6ysiv\u00e4t kuitenkin sanoituksesta paljon osuvaa ja omivat laulun \u2013 mik\u00e4 sin\u00e4ns\u00e4 kertoo jotain oululaisuudesta. Asiat k\u00e4\u00e4nnet\u00e4\u00e4n negatiivisuuden kautta positiivisiksi, kuten R\u00f6yhk\u00e4 <a class=\"underline underline-offset-[0.12em] [text-decoration-thickness:var(--generic-link-underline-thickness)] [text-decoration-color:var(--generic-link-underline-color)] [text-decoration-skip-ink:var(--generic-link-underline-skip-ink)] break-words\" href=\"https:\/\/seura.fi\/viihde\/julkkikset\/paska-kaupunki-kauko-royhka\/\" rel=\"nofollow noopener\" target=\"_blank\">kertoi <\/a>Seuran haastattelussa lokakuussa.<\/p>\n<p class=\"article-body mb-nof-24 px-nof-16\">T\u00e4n\u00e4 vuonna Oulu on Euroopan kulttuurip\u00e4\u00e4kaupunki. Tarjolla on suuri m\u00e4\u00e4r\u00e4 kulttuuririentoja valokuvan\u00e4yttelyist\u00e4 mediataiteen kautta ilmakitaransoiton maailmanmestaruuskisoihin. Virallisen ohjelmiston rinnalla alakulttuuriv\u00e4ki j\u00e4rjest\u00e4\u00e4 konemusiikkipiirej\u00e4 ja tarjoaa vaihtoehtorockia.<\/p>\n<p class=\"article-body mb-nof-24 px-nof-16\">Kulttuurivuosi on osa oululaista rajank\u00e4ynti\u00e4 ja ristiriitaisuutta.<\/p>\n<p class=\"article-body mb-nof-24 px-nof-16\">Oulun seudun poliittiset ja historialliset juuret ovat syv\u00e4ll\u00e4 vanhoillisissa l\u00e4ht\u00f6kohdissa. Takavuosina vanhakantainen lestadiolaisuus ja vanhakantainen keskustalaisuus hallitsivat \u2013 siis jarruttivat \u2013 alueen kehityst\u00e4. Jarruryhm\u00e4 on viime vuosina saanut vahvistusta rasisteista.<\/p>\n<p class=\"article-body mb-nof-24 px-nof-16\">Oulun kaupunki on taistellut vastaan yliopiston, nuorten ja kaupungin erityisaseman voimin: Oulu on pohjoisen Helsinki, jonne hakeutuu muualta kulttuuriv\u00e4ke\u00e4 tuulettamaan ilmaa. Sellutehtaan haju on haihtunut kaupungista ihan konkreettisestikin.<\/p>\n<p class=\"article-body mb-nof-24 px-nof-16\">Yksi kulttuurivuoden teema on saamelaiskulttuuri. Oulu on Suomen saamelaisten t\u00e4rkein keskittym\u00e4.<\/p>\n<p class=\"article-body mb-nof-24 px-nof-16\">Nokian matkapuhelintoimintojen kukoistus imi modernin maailman osaajia Oulun seudulle pitkien matkojen takaa. Esimerkiksi t\u00e4m\u00e4n kehityksen ristiriitaisuudesta k\u00e4y nyky\u00e4\u00e4n Ouluun kuuluva Oulunsalo, joka on sek\u00e4 maailmallisten tekno-osaajien ett\u00e4 vanhoillislestadiolaisen liikkeen vahvoja alueita.<\/p>\n<p class=\"article-body mb-nof-24 px-nof-16\">Tutkimukseen, tuotekehitykseen ja koulutukseen tehd\u00e4\u00e4n Oulun seudulla huomattavia investointeja. Oulun seutu kuuluu samalla niihin harvoihin Suomen alueisiin, joissa syntyvyys ylitt\u00e4\u00e4 kuolleisuuden aina kauas tulevaisuuteen.<\/p>\n<p class=\"article-body mb-nof-24 px-nof-16\">Kun Ouluun liittyi toistakymment\u00e4 vuotta sitten liuta naapurikuntia, kaupunki nousi Turkua isommaksi. Samalla ristiriitaisuus kaupungin kehitt\u00e4misess\u00e4 tuli entist\u00e4 kirkkaammaksi.<\/p>\n<p class=\"article-body mb-nof-24 px-nof-16\">Ouluun liitettyjen kuntien alueelta on kertynyt viel\u00e4 nykyiseenkin kaupunginvaltuustoon valtuutettuja, jotka kokevat olevansa l\u00e4hiseutunsa asialla taistelemassa Oulun keskustaajamaa ja toisia kuntaliitoksessa Ouluun liitettyj\u00e4 alueita vastaan. Resurssit kun ovat yhteiset.<\/p>\n<p class=\"article-body mb-nof-24 px-nof-16\">Perhekeskeisyys \u2013 kuten asenteen hieman kaunistellen voisi muotoilla \u2013 yritt\u00e4\u00e4 l\u00f6yt\u00e4\u00e4 tasapainoa Oulun keskustan modernien kehitystarpeiden kanssa. Sovun l\u00f6yt\u00e4minen on ollut v\u00e4lill\u00e4 hankalaa. Kaupungin tulevien vuosien kasvu tapahtuu ydin-Oulun voimin, mutta osa vallasta on sen ulkopuolelta tulevilla p\u00e4\u00e4tt\u00e4jill\u00e4. Ristiriita sekin.<\/p>\n<p class=\"article-body mb-nof-24 px-nof-16\">Oulun kansainv\u00e4linen n\u00e4kyvyys on viime vuosina keskittynyt siihen, ett\u00e4 ulkomailta on tullut toimittajia testaamaan Oulun talvipy\u00f6r\u00e4ilymahdollisuuksia. Suuri osa ulkomaisista turisteista ja somevaikuttajista on samaan aikaan lent\u00e4nyt kaupungin yli Lappiin. Ronaldo k\u00e4veli hiihtoladulla Levill\u00e4 eik\u00e4 kuljeskellut Oulun Rotuaarilla.<\/p>\n<p class=\"article-body mb-nof-24 px-nof-16\">Kulttuurip\u00e4\u00e4kaupunkiprojekti tuskin tuottaa Ouluun kovin vuolasta investointi- ja turismiaaltoa, mutta toivottavasti nyt on alkanut Oululle merkitt\u00e4v\u00e4 itsetutkiskelun vuosi. Kulttuurip\u00e4\u00e4kaupunkivuosi voisi olla askel uuteen \u2013 kohti suurempaa kansainv\u00e4lisyytt\u00e4.<\/p>\n<p class=\"article-body mb-nof-24 px-nof-16\">Oulun maine kaipaa kirkastamista. Se toivottavasti tapahtuu ydin-Oulun ehdoilla ja sen eduksi. Niukkojen resurssien maailmassa kun pit\u00e4\u00e4 priorisoida, ja \u201dkeskinkertaisuuden s\u00e4\u00e4nn\u00f6ill\u00e4 et voi kuin h\u00e4vit\u00e4\u201d. Ouluun liittyneiden kuntien markkinointivaltit ovat lopulta vanhan kotikunnan kirkko \u2013 ja Oulu. Menneisyys ja tulevaisuus.<\/p>\n","protected":false},"excerpt":{"rendered":"P\u00e4\u00e4kirjoitus|Kulttuurip\u00e4\u00e4kaupunkivuoden toivoisi olevan muistutus Oululle: kaupunkia tulee kehitt\u00e4\u00e4 ydin-Oulu edell\u00e4. Oulussa nuoruutensa el\u00e4nyt rockmuusikko Kauko R\u00f6yhk\u00e4 kirjoitti vuonna&hellip;\n","protected":false},"author":2,"featured_media":3965,"comment_status":"","ping_status":"","sticky":false,"template":"","format":"standard","meta":{"footnotes":""},"categories":[12],"tags":[22,23,26,27,33,31,30,17,46,24,25,28,29,15,18,21,32,19,20,16],"class_list":{"0":"post-139114","1":"post","2":"type-post","3":"status-publish","4":"format-standard","5":"has-post-thumbnail","7":"category-suomi","8":"tag-breaking-news","9":"tag-breakingnews","10":"tag-featured-news","11":"tag-featurednews","12":"tag-fi","13":"tag-finland","14":"tag-finnish","15":"tag-headlines","16":"tag-helsingin-sanomat","17":"tag-latest-news","18":"tag-latestnews","19":"tag-main-news","20":"tag-mainnews","21":"tag-news","22":"tag-otsikot","23":"tag-paauutiset","24":"tag-suomi","25":"tag-top-stories","26":"tag-topstories","27":"tag-uutiset"},"share_on_mastodon":{"url":"https:\/\/pubeurope.com\/@fi\/115873937171104177","error":""},"_links":{"self":[{"href":"https:\/\/www.europesays.com\/fi\/wp-json\/wp\/v2\/posts\/139114","targetHints":{"allow":["GET"]}}],"collection":[{"href":"https:\/\/www.europesays.com\/fi\/wp-json\/wp\/v2\/posts"}],"about":[{"href":"https:\/\/www.europesays.com\/fi\/wp-json\/wp\/v2\/types\/post"}],"author":[{"embeddable":true,"href":"https:\/\/www.europesays.com\/fi\/wp-json\/wp\/v2\/users\/2"}],"replies":[{"embeddable":true,"href":"https:\/\/www.europesays.com\/fi\/wp-json\/wp\/v2\/comments?post=139114"}],"version-history":[{"count":0,"href":"https:\/\/www.europesays.com\/fi\/wp-json\/wp\/v2\/posts\/139114\/revisions"}],"wp:featuredmedia":[{"embeddable":true,"href":"https:\/\/www.europesays.com\/fi\/wp-json\/wp\/v2\/media\/3965"}],"wp:attachment":[{"href":"https:\/\/www.europesays.com\/fi\/wp-json\/wp\/v2\/media?parent=139114"}],"wp:term":[{"taxonomy":"category","embeddable":true,"href":"https:\/\/www.europesays.com\/fi\/wp-json\/wp\/v2\/categories?post=139114"},{"taxonomy":"post_tag","embeddable":true,"href":"https:\/\/www.europesays.com\/fi\/wp-json\/wp\/v2\/tags?post=139114"}],"curies":[{"name":"wp","href":"https:\/\/api.w.org\/{rel}","templated":true}]}}