{"id":139115,"date":"2026-01-11T01:45:08","date_gmt":"2026-01-11T01:45:08","guid":{"rendered":"https:\/\/www.europesays.com\/fi\/139115\/"},"modified":"2026-01-11T01:45:08","modified_gmt":"2026-01-11T01:45:08","slug":"formulat-kalle-rovanpera-jai-kauas-karjesta-esitti-upean-ohituksen","status":"publish","type":"post","link":"https:\/\/www.europesays.com\/fi\/139115\/","title":{"rendered":"Formulat: Kalle Rovanper\u00e4 j\u00e4i kauas k\u00e4rjest\u00e4 \u2013 esitti upean ohituksen"},"content":{"rendered":"<p>Formulat|Kalle Rovanper\u00e4n debyyttiviikonloppu jatkui Uudessa-Seelannissa.<\/p>\n<p class=\"article-body mb-nof-24 px-nof-16\">Oseanian Formula Regional -sarjassa kisaavan <a class=\"font-bold underline-offset-[0.12em] [text-decoration:var(--person-link-text-decoration)] ![text-decoration-color:var(--person-link-text-decoration-color)]\" href=\"https:\/\/www.hs.fi\/haku\/?query=Kalle%20Rovanper%C3%A4n\" rel=\"nofollow noopener\" target=\"_blank\">Kalle Rovanper\u00e4n<\/a> kauden kolmas kilpailu sujui hieman hiljaisissa merkeiss\u00e4.<\/p>\n<p class=\"article-body mb-nof-24 px-nof-16\">Rovanper\u00e4 aloitti kilpailun toiseksi viimeisest\u00e4 ruudusta ja vietti koko kilpailun j\u00e4lkijoukoissa.<\/p>\n<p class=\"article-body mb-nof-24 px-nof-16\">Suomalaiskuski nousi lopulta sijalle 15. Kilpailun voittoon ajoi <a class=\"font-bold underline-offset-[0.12em] [text-decoration:var(--person-link-text-decoration)] ![text-decoration-color:var(--person-link-text-decoration-color)]\" href=\"https:\/\/www.hs.fi\/haku\/?query=Ugo%20Ugochukwu\" rel=\"nofollow noopener\" target=\"_blank\">Ugo Ugochukwu<\/a>, <a class=\"font-bold underline-offset-[0.12em] [text-decoration:var(--person-link-text-decoration)] ![text-decoration-color:var(--person-link-text-decoration-color)]\" href=\"https:\/\/www.hs.fi\/haku\/?query=Kanato%20Le\" rel=\"nofollow noopener\" target=\"_blank\">Kanato Le<\/a> oli toinen ja <a class=\"font-bold underline-offset-[0.12em] [text-decoration:var(--person-link-text-decoration)] ![text-decoration-color:var(--person-link-text-decoration-color)]\" href=\"https:\/\/www.hs.fi\/haku\/?query=Ernesto%20Rivera\" rel=\"nofollow noopener\" target=\"_blank\">Ernesto Rivera<\/a> kolmas.<\/p>\n<p class=\"article-body mb-nof-24 px-nof-16\">Rovanper\u00e4 s\u00e4v\u00e4ytti kilpailun kuudennella kierroksella, kun h\u00e4n ohitti sek\u00e4 <a class=\"font-bold underline-offset-[0.12em] [text-decoration:var(--person-link-text-decoration)] ![text-decoration-color:var(--person-link-text-decoration-color)]\" href=\"https:\/\/www.hs.fi\/haku\/?query=Jack%20Taylorin\" rel=\"nofollow noopener\" target=\"_blank\">Jack Taylorin<\/a> sek\u00e4 <a class=\"font-bold underline-offset-[0.12em] [text-decoration:var(--person-link-text-decoration)] ![text-decoration-color:var(--person-link-text-decoration-color)]\" href=\"https:\/\/www.hs.fi\/haku\/?query=Ricardo%20Baptistan\" rel=\"nofollow noopener\" target=\"_blank\">Ricardo Baptistan<\/a> yhdell\u00e4 yritt\u00e4m\u00e4ll\u00e4.<\/p>\n<p class=\"article-body mb-nof-24 px-nof-16\">Kolmannen kisan l\u00e4ht\u00f6j\u00e4rjestys m\u00e4\u00e4ritettiin hieman poikkeuksellisella tavalla. Kuljettajien j\u00e4rjestys ratkesi lauantain ensimm\u00e4isen ja toisen kilpailun nopeimpien kierrosten yhteistuloksella.<\/p>\n<p class=\"article-body mb-nof-24 px-nof-16\">Viikonvaihteen nelj\u00e4s ja viimeinen kilpailu Hampton Downsin radalla ajetaan viel\u00e4 Suomen aikaa varhain sunnuntaiaamuna. Viimeinen l\u00e4ht\u00f6 on my\u00f6s viikonlopun p\u00e4\u00e4kilpailu.<\/p>\n<p class=\"article-body mb-nof-24 px-nof-16\">Rovanper\u00e4 starttaa 23 kierroksen kisaan selv\u00e4sti korkeammalta kuin aiemmin, sill\u00e4 h\u00e4n oli sunnuntain aika-ajossa hienosti yhdeks\u00e4s.<\/p>\n<p class=\"article-body mb-nof-24 px-nof-16\">Rovanper\u00e4 on yksi Oseanian formulasarjan seuratuimmista kuljettajista, ellei kaikista seuratuin.<\/p>\n<p class=\"article-body mb-nof-24 px-nof-16\">Sarjaa selostava <a class=\"font-bold underline-offset-[0.12em] [text-decoration:var(--person-link-text-decoration)] ![text-decoration-color:var(--person-link-text-decoration-color)]\" href=\"https:\/\/www.hs.fi\/haku\/?query=Richard%20Graill\" rel=\"nofollow noopener\" target=\"_blank\">Richard Graill<\/a> l\u00e4hetti ennen kolmannen kilpailun alkua terveisi\u00e4 Jyv\u00e4skyl\u00e4\u00e4n ja h\u00e4mm\u00e4steli Suomen hurjia pakkasia. Uudessa-Seelannissa vietet\u00e4\u00e4n parhaillaan kes\u00e4\u00e4.<\/p>\n","protected":false},"excerpt":{"rendered":"Formulat|Kalle Rovanper\u00e4n debyyttiviikonloppu jatkui Uudessa-Seelannissa. Oseanian Formula Regional -sarjassa kisaavan Kalle Rovanper\u00e4n kauden kolmas kilpailu sujui hieman hiljaisissa&hellip;\n","protected":false},"author":2,"featured_media":139116,"comment_status":"","ping_status":"","sticky":false,"template":"","format":"standard","meta":{"footnotes":""},"categories":[5],"tags":[22,23,26,27,33,31,30,17,46,24,25,28,29,15,18,21,32,19,20,16],"class_list":{"0":"post-139115","1":"post","2":"type-post","3":"status-publish","4":"format-standard","5":"has-post-thumbnail","7":"category-otsikot","8":"tag-breaking-news","9":"tag-breakingnews","10":"tag-featured-news","11":"tag-featurednews","12":"tag-fi","13":"tag-finland","14":"tag-finnish","15":"tag-headlines","16":"tag-helsingin-sanomat","17":"tag-latest-news","18":"tag-latestnews","19":"tag-main-news","20":"tag-mainnews","21":"tag-news","22":"tag-otsikot","23":"tag-paauutiset","24":"tag-suomi","25":"tag-top-stories","26":"tag-topstories","27":"tag-uutiset"},"share_on_mastodon":{"url":"https:\/\/pubeurope.com\/@fi\/115873940912237625","error":""},"_links":{"self":[{"href":"https:\/\/www.europesays.com\/fi\/wp-json\/wp\/v2\/posts\/139115","targetHints":{"allow":["GET"]}}],"collection":[{"href":"https:\/\/www.europesays.com\/fi\/wp-json\/wp\/v2\/posts"}],"about":[{"href":"https:\/\/www.europesays.com\/fi\/wp-json\/wp\/v2\/types\/post"}],"author":[{"embeddable":true,"href":"https:\/\/www.europesays.com\/fi\/wp-json\/wp\/v2\/users\/2"}],"replies":[{"embeddable":true,"href":"https:\/\/www.europesays.com\/fi\/wp-json\/wp\/v2\/comments?post=139115"}],"version-history":[{"count":0,"href":"https:\/\/www.europesays.com\/fi\/wp-json\/wp\/v2\/posts\/139115\/revisions"}],"wp:featuredmedia":[{"embeddable":true,"href":"https:\/\/www.europesays.com\/fi\/wp-json\/wp\/v2\/media\/139116"}],"wp:attachment":[{"href":"https:\/\/www.europesays.com\/fi\/wp-json\/wp\/v2\/media?parent=139115"}],"wp:term":[{"taxonomy":"category","embeddable":true,"href":"https:\/\/www.europesays.com\/fi\/wp-json\/wp\/v2\/categories?post=139115"},{"taxonomy":"post_tag","embeddable":true,"href":"https:\/\/www.europesays.com\/fi\/wp-json\/wp\/v2\/tags?post=139115"}],"curies":[{"name":"wp","href":"https:\/\/api.w.org\/{rel}","templated":true}]}}