{"id":139117,"date":"2026-01-11T01:57:16","date_gmt":"2026-01-11T01:57:16","guid":{"rendered":"https:\/\/www.europesays.com\/fi\/139117\/"},"modified":"2026-01-11T01:57:16","modified_gmt":"2026-01-11T01:57:16","slug":"suosikkimeteorologi-anniina-valtosen-fanit-ilahtuivat-uusi-ura-pikku-kakkosessa","status":"publish","type":"post","link":"https:\/\/www.europesays.com\/fi\/139117\/","title":{"rendered":"Suosikkimeteorologi Anniina Valtosen fanit ilahtuivat: Uusi ura Pikku Kakkosessa?"},"content":{"rendered":"<p>\n            20230120, Helsinki. Kultainen Venla Gaala 2023.Kuvassa Anniina Valtonen.<br \/>\n            TIMO KORHONEN\n        <\/p>\n<p class=\"subtitle \">Anniina Valtonen v\u00e4l\u00e4ytti sosiaalisessa mediassa hauskan idean.<\/p>\n<p class=\"article-content article-content-width !bg-background\">Suosikkimeteorologi  julkaisi torstaina 8.1. <a href=\"https:\/\/www.instagram.com\/p\/DTQz-HTjPJz\/\" target=\"_blank\" rel=\"nofollow noopener\">Instagram-tililleen <\/a>kuvan, jonka yhteydess\u00e4 h\u00e4n kertoo tekemist\u00e4\u00e4n iltavuoroista s\u00e4\u00e4kartoilla.<\/p>\n<p class=\"font-weight-bold m-font-weight-bold article-content article-content-width !bg-background\">Video: Anniina Valtonen fiilistelee punaisella matolla.\u00a0<\/p>\n<p class=\"article-content article-content-width !bg-background\">Meno saattoi meteorologin osalta olla suhteellisen villi\u00e4, ainakin sen perusteella, mit\u00e4 kommentteja h\u00e4n ty\u00f6paikallaan sai. Ty\u00f6kaverit olivat muun muassa kehottaneet Anniina siirtym\u00e4\u00e4n Pikku Kakkoseen.<\/p>\n<p class=\"article-content article-content-width !bg-background\">\u2013\tN\u00e4iden kahden iltavuoron aikana mua on kehotettu siirtym\u00e4\u00e4n Pikku Kakkoseen sek\u00e4 testaamaan kapellimestarin tai ballerinan ty\u00f6t\u00e4. Kaikki mielenkiintoisia hommia! Saanko tulla testaamaan? Anniina kirjoittaa p\u00e4ivityksess\u00e4\u00e4n.<\/p>\n<p>        <a itemprop=\"url\" href=\"https:\/\/www.seiska.fi\/kotimaa\/diili-voittaja-konkurssiin-talta-nayttaa-velkasaldo\/2039660\" rel=\"nofollow noopener\" target=\"_blank\"><\/p>\n<p>\nDiili-voittaja konkurssiin\n<\/p>\n<p class=\"section-date\">\n        <strong class=\"article-section\" data-section=\"kotimaa\"><br \/>\n            kotimaa<br \/>\n        <\/strong><br \/>\n        9.1. 07:00\n    <\/p>\n<p>Diili-voittaja konkurssiin \u2013 t\u00e4lt\u00e4 n\u00e4ytt\u00e4\u00e4 velkasaldo\n    <\/p>\n<p itemprop=\"description\" class=\"subtitle \">\n    Vuoden 2022 Diili-sarjan voittaja Clarissa Hedman ajautui konkurssiin nelj\u00e4ss\u00e4 vuodessa. \u2013 Suuri pettymys, Clarissa my\u00f6nt\u00e4\u00e4.\n<\/p>\n<p>        <\/a><\/p>\n<p>Somekansa innostui<\/p>\n<p class=\"article-content article-content-width !bg-background\">Somekansa innostui oitis kuultuaan v\u00e4l\u00e4ytyksen Pikku Kakkosesta.<\/p>\n<p class=\"article-content article-content-width !bg-background\">\u2013\tPikku Kakkoseen kyll\u00e4 sopisit, kun olet niin iloinen ja positiivinen. Ehk\u00e4p\u00e4 joku oma ohjelma Pikku Kakkosen ohjelmistoon, yksi faneista kirjoittaa.<\/p>\n<p class=\"article-content article-content-width !bg-background\">Yhdell\u00e4 seuraajista on mainio idea. H\u00e4n ehdottaa, josko Anniina voisi tehd\u00e4 lapsille suunnatun s\u00e4\u00e4l\u00e4hetyksen.<\/p>\n<p class=\"article-content article-content-width !bg-background\">\u2013\tPikku kakkosen s\u00e4\u00e4 (alkoi heti soimaan tunnari p\u00e4\u00e4ss\u00e4), fani kirjoittaa.<\/p>\n<p class=\"article-content article-content-width !bg-background\">Yksi vinkkaa, josko Anniina alkaisi tekem\u00e4\u00e4n s\u00e4\u00e4l\u00e4hetyksi\u00e4 kuin edesmennyt lastensuosikki -t\u00e4ti, joka kertoi tarinoita samalla niit\u00e4 kuvittaen.<\/p>\n<p class=\"article-content article-content-width !bg-background\">Seuraaja ep\u00e4ilee, ettei Anniina tied\u00e4, kuka edes on Kylli-t\u00e4ti.<\/p>\n<p class=\"article-content article-content-width !bg-background\">\u2013\tTied\u00e4n Kylli-t\u00e4din! Tuli katsottua h\u00e4nt\u00e4 pienen\u00e4 Pikku Kakkosen yhteydess\u00e4. Anniina vastaa.<\/p>\n<p>        <a itemprop=\"url\" href=\"https:\/\/www.seiska.fi\/katso\/kylli-tadin-rietas-rakkauselama-kaksi-miesta-samaan-aikaan\/2024648\" rel=\"nofollow noopener\" target=\"_blank\"><\/p>\n<p>\nKylli-t\u00e4din rietas rakkausel\u00e4m\u00e4:\n<\/p>\n<p class=\"section-date\">\n        <strong class=\"article-section\" data-section=\"katso\"><br \/>\n            katso<br \/>\n        <\/strong><br \/>\n        28.12.2025 07:15\n    <\/p>\n<p>Kylli-t\u00e4din rietas rakkausel\u00e4m\u00e4: Kaksi miest\u00e4 samaan aikaan\n    <\/p>\n<p itemprop=\"description\" class=\"subtitle \">\n    Kylli-t\u00e4ti oli rakastettu tv-persoona 1950-luvun lopusta 1990-luvun lopputienoille asti. Herttaisen t\u00e4din sis\u00e4\u00e4n k\u00e4tkeytyi villikko, joka oli aikaansa edell\u00e4 aatteissaan.\n<\/p>\n<p>        <\/a><\/p>\n<p>Villi idea<\/p>\n<p class=\"article-content article-content-width !bg-background\">Osa seuraajista sen sijaan toivoo, ett\u00e4 Anniina pysyy s\u00e4\u00e4kartoilla.<\/p>\n<p class=\"article-content article-content-width !bg-background\">\u2013\tSinulla varmaankin olisi kapasiteettia noihinkin virkoihin, mutta, please, pysy s\u00e4\u00e4tiedoissa. \u00c4\u00e4nesi on kirkas ja selke\u00e4, n\u00e4yt\u00e4t selke\u00e4sti mist\u00e4 alueesta on kyse. Olet 10 s\u00e4\u00e4tiedottaja.<\/p>\n<p class=\"article-content article-content-width !bg-background\">My\u00f6s  on rient\u00e4nyt kommentoimaan Anniinan p\u00e4ivityst\u00e4. Lotta ja pappa -duosta tutulla t\u00e4hdell\u00e4 on haaveissa kyseinen lastenohjelma.<\/p>\n<p class=\"article-content article-content-width !bg-background\">\u2013\tM\u00e4 niin haluaisin juontaa Pikku Kakkosta. Juonnetaan yhdess\u00e4! Oltaisiin hyv\u00e4 pari! Ps. Olet paras, ilahdun aina kun n\u00e4en sut telkkarissa, Lotta kirjoittaa.<\/p>\n<p class=\"article-content article-content-width !bg-background\">Anniina palasi takaisin s\u00e4\u00e4kartoille, kun Ylen muutosneuvotteluiden seurauksena h\u00e4nen juontajapestins\u00e4 Puoli seitsem\u00e4ss\u00e4 p\u00e4\u00e4ttyi.\u00a0<\/p>\n<p>        <a itemprop=\"url\" href=\"https:\/\/www.seiska.fi\/katso\/anniina-valtonen-tekee-viimeisen-puoli-seitseman-lahetyksen-paljastaa-uuden-tyon\/1704396\" rel=\"nofollow noopener\" target=\"_blank\"><\/p>\n<p>\nAnniina Valtonen\n<\/p>\n<p class=\"section-date\">\n        <strong class=\"article-section\" data-section=\"katso\"><br \/>\n            katso<br \/>\n        <\/strong><br \/>\n        16.5.2025 10:46\n    <\/p>\n<p>Anniina Valtonen tekee viimeisen Puoli seitsem\u00e4n -l\u00e4hetyksen &#8211; paljastaa uuden ty\u00f6n\n    <\/p>\n<p itemprop=\"description\" class=\"subtitle \">\n    Suosikkijuontaja j\u00e4tt\u00e4\u00e4 hyv\u00e4stit Puoli seitsem\u00e4n -ohjelmalle. L\u00e4hetyksess\u00e4 poikkeuksellinen ratkaisu.\n<\/p>\n<p>        <\/a><\/p>\n<p>        <a itemprop=\"url\" href=\"https:\/\/www.seiska.fi\/kotimaa\/anniina-valtonen-kertoo-kauhunhetkistaan-todisti-jarkyttavaa-tilannetta\/2002918\" rel=\"nofollow noopener\" target=\"_blank\"><\/p>\n<p>\nKertoo kauhunhetkist\u00e4\u00e4n\n<\/p>\n<p class=\"section-date\">\n        <strong class=\"article-section\" data-section=\"kotimaa\"><br \/>\n            kotimaa<br \/>\n        <\/strong><br \/>\n        25.11.2025 15:27\n    <\/p>\n<p>Anniina Valtonen kertoo kauhunhetkist\u00e4\u00e4n \u2013 todisti j\u00e4rkytt\u00e4v\u00e4\u00e4 tilannetta\n    <\/p>\n<p itemprop=\"description\" class=\"subtitle \">\n    Anniina muistuttaa kaikkia heijastimien k\u00e4yt\u00f6st\u00e4.\n<\/p>\n<p>        <\/a><\/p>\n<p><script async src=\"\/\/www.instagram.com\/embed.js\"><\/script><\/p>\n","protected":false},"excerpt":{"rendered":"20230120, Helsinki. Kultainen Venla Gaala 2023.Kuvassa Anniina Valtonen. TIMO KORHONEN Anniina Valtonen v\u00e4l\u00e4ytti sosiaalisessa mediassa hauskan idean. Suosikkimeteorologi&hellip;\n","protected":false},"author":2,"featured_media":139118,"comment_status":"","ping_status":"","sticky":false,"template":"","format":"standard","meta":{"footnotes":""},"categories":[136],"tags":[10445,407,137,33,31,30,408,3002,10715,7346,2162,710,32,24135,918,109],"class_list":{"0":"post-139117","1":"post","2":"type-post","3":"status-publish","4":"format-standard","5":"has-post-thumbnail","7":"category-julkkikset","8":"tag-anniina-valtonen","9":"tag-celebrities","10":"tag-entertainment","11":"tag-fi","12":"tag-finland","13":"tag-finnish","14":"tag-julkkikset","15":"tag-lotta-ja-pappa","16":"tag-lotta-saahko","17":"tag-meteorologi","18":"tag-pikku-kakkonen","19":"tag-saa","20":"tag-suomi","21":"tag-suosikkimeteorologi","22":"tag-tv2","23":"tag-viihde"},"share_on_mastodon":{"url":"https:\/\/pubeurope.com\/@fi\/115873988088753965","error":""},"_links":{"self":[{"href":"https:\/\/www.europesays.com\/fi\/wp-json\/wp\/v2\/posts\/139117","targetHints":{"allow":["GET"]}}],"collection":[{"href":"https:\/\/www.europesays.com\/fi\/wp-json\/wp\/v2\/posts"}],"about":[{"href":"https:\/\/www.europesays.com\/fi\/wp-json\/wp\/v2\/types\/post"}],"author":[{"embeddable":true,"href":"https:\/\/www.europesays.com\/fi\/wp-json\/wp\/v2\/users\/2"}],"replies":[{"embeddable":true,"href":"https:\/\/www.europesays.com\/fi\/wp-json\/wp\/v2\/comments?post=139117"}],"version-history":[{"count":0,"href":"https:\/\/www.europesays.com\/fi\/wp-json\/wp\/v2\/posts\/139117\/revisions"}],"wp:featuredmedia":[{"embeddable":true,"href":"https:\/\/www.europesays.com\/fi\/wp-json\/wp\/v2\/media\/139118"}],"wp:attachment":[{"href":"https:\/\/www.europesays.com\/fi\/wp-json\/wp\/v2\/media?parent=139117"}],"wp:term":[{"taxonomy":"category","embeddable":true,"href":"https:\/\/www.europesays.com\/fi\/wp-json\/wp\/v2\/categories?post=139117"},{"taxonomy":"post_tag","embeddable":true,"href":"https:\/\/www.europesays.com\/fi\/wp-json\/wp\/v2\/tags?post=139117"}],"curies":[{"name":"wp","href":"https:\/\/api.w.org\/{rel}","templated":true}]}}