{"id":13912,"date":"2025-08-23T08:35:08","date_gmt":"2025-08-23T08:35:08","guid":{"rendered":"https:\/\/www.europesays.com\/fi\/13912\/"},"modified":"2025-08-23T08:35:08","modified_gmt":"2025-08-23T08:35:08","slug":"iso-navetta-tuhoutui-tulipalossa-kuortaneella-omistaja-ei-onnistunut-pelastamaan-kaikkia-lehmia","status":"publish","type":"post","link":"https:\/\/www.europesays.com\/fi\/13912\/","title":{"rendered":"Iso navetta tuhoutui tulipalossa Kuortaneella \u2013 Omistaja ei onnistunut pelastamaan kaikkia lehmi\u00e4"},"content":{"rendered":"<p>Pelastuslaitos h\u00e4lytettiin sammuttamaan navettapaloa Etel\u00e4-Pohjanmaalle.<\/p>\n<p><img decoding=\"async\" class=\"image image-show image-preview\" src=\"https:\/\/www.europesays.com\/fi\/wp-content\/uploads\/2025\/08\/a73599bf264f98f9bd6520c7eabbbbd2c77d833916e21ef733ee697fd44e48b0.jpg\" alt=\"\"\/><img decoding=\"async\" class=\"image image-show\" src=\"https:\/\/www.europesays.com\/fi\/wp-content\/uploads\/2025\/08\/1755938108_909_a73599bf264f98f9bd6520c7eabbbbd2c77d833916e21ef733ee697fd44e48b0.jpg\" alt=\"\"\/><\/p>\n<p>Lehm\u00e4t kokivat karun kohtalon Kuortaneella. Kuvituskuva. Joel Maisalmi<\/p>\n<p class=\"paragraph\">Noin 800 neli\u00f6n navetta tuhoutui t\u00e4ysin tulipalossa Etel\u00e4-Pohjanmaan Kuortaneella. Pelastuslaitos h\u00e4lytettiin paikalle noin varttia vaille viisi lauantaina aamulla.<\/p>\n<p class=\"paragraph\">P\u00e4ivyst\u00e4v\u00e4 palomestari <strong>Joona \u00d6vermark<\/strong> arvioi, ett\u00e4 kymmenkunta lehm\u00e4\u00e4 j\u00e4i navettaan sortuneiden rakenteiden alle. Ihmisi\u00e4 ei loukkaantunut.<\/p>\n<p class=\"paragraph\">Navetassa oli yhteens\u00e4 noin sata hiehoa ja vasikkaa. \u00d6vermarkin mukaan tilan omistaja sai suurimman osan el\u00e4imist\u00e4 ulos navetasta. Lehm\u00e4t saatiin ulkoaitaukseen.<\/p>\n<p class=\"paragraph\">\u2013 Lehm\u00e4h\u00e4n on sellainen el\u00e4in, ett\u00e4 se haluaisi menn\u00e4 takaisin navettaan. Mutta lehm\u00e4t on onnistuttu pit\u00e4m\u00e4\u00e4n sielt\u00e4 pois, \u00d6vermark kertoo.<\/p>\n<p class=\"paragraph\">Lis\u00e4ksi omistaja sai siirretty\u00e4 palon tielt\u00e4 pois useita autoja ja joitakin ty\u00f6koneita. Yksitt\u00e4isi\u00e4 ty\u00f6koneita tuhoutui, \u00d6vermark kertoo.<\/p>\n<p class=\"paragraph\">Palo uhkasi levit\u00e4 my\u00f6s tilan p\u00e4\u00e4rakennukseen. Liekit vaurioittivat jonkin verran p\u00e4\u00e4rakennuksen ulkorakenteita.<\/p>\n<p class=\"paragraph\">Navetta sijaitsee syrj\u00e4isess\u00e4 paikassa, joten palosta ei aiheutunut liikennehaittaa eik\u00e4 savu ole aiheuttanut vahinkoja l\u00e4heisiss\u00e4 kodeissa.<\/p>\n<p class=\"paragraph\">Paikalla on kymmenen aikaan k\u00e4ynniss\u00e4 j\u00e4lkisammutus ja palopaikan raivaus. Palon syttymissyyst\u00e4 ei t\u00e4ll\u00e4 hetkell\u00e4 ole tietoa.<\/p>\n","protected":false},"excerpt":{"rendered":"Pelastuslaitos h\u00e4lytettiin sammuttamaan navettapaloa Etel\u00e4-Pohjanmaalle. Lehm\u00e4t kokivat karun kohtalon Kuortaneella. Kuvituskuva. Joel Maisalmi Noin 800 neli\u00f6n navetta tuhoutui&hellip;\n","protected":false},"author":2,"featured_media":13913,"comment_status":"","ping_status":"","sticky":false,"template":"","format":"standard","meta":{"footnotes":""},"categories":[5],"tags":[35,22,23,26,27,33,31,30,17,24,25,28,29,15,120,18,21,123,122,103,32,19,20,1265,16],"class_list":{"0":"post-13912","1":"post","2":"type-post","3":"status-publish","4":"format-standard","5":"has-post-thumbnail","7":"category-otsikot","8":"tag-24h","9":"tag-breaking-news","10":"tag-breakingnews","11":"tag-featured-news","12":"tag-featurednews","13":"tag-fi","14":"tag-finland","15":"tag-finnish","16":"tag-headlines","17":"tag-latest-news","18":"tag-latestnews","19":"tag-main-news","20":"tag-mainnews","21":"tag-news","22":"tag-onnettomuustapaus","23":"tag-otsikot","24":"tag-paauutiset","25":"tag-palo-ja-pelastustoimi","26":"tag-pelastaminen","27":"tag-sosiaalikysymykset","28":"tag-suomi","29":"tag-top-stories","30":"tag-topstories","31":"tag-tulipalot","32":"tag-uutiset"},"share_on_mastodon":{"url":"","error":""},"_links":{"self":[{"href":"https:\/\/www.europesays.com\/fi\/wp-json\/wp\/v2\/posts\/13912","targetHints":{"allow":["GET"]}}],"collection":[{"href":"https:\/\/www.europesays.com\/fi\/wp-json\/wp\/v2\/posts"}],"about":[{"href":"https:\/\/www.europesays.com\/fi\/wp-json\/wp\/v2\/types\/post"}],"author":[{"embeddable":true,"href":"https:\/\/www.europesays.com\/fi\/wp-json\/wp\/v2\/users\/2"}],"replies":[{"embeddable":true,"href":"https:\/\/www.europesays.com\/fi\/wp-json\/wp\/v2\/comments?post=13912"}],"version-history":[{"count":0,"href":"https:\/\/www.europesays.com\/fi\/wp-json\/wp\/v2\/posts\/13912\/revisions"}],"wp:featuredmedia":[{"embeddable":true,"href":"https:\/\/www.europesays.com\/fi\/wp-json\/wp\/v2\/media\/13913"}],"wp:attachment":[{"href":"https:\/\/www.europesays.com\/fi\/wp-json\/wp\/v2\/media?parent=13912"}],"wp:term":[{"taxonomy":"category","embeddable":true,"href":"https:\/\/www.europesays.com\/fi\/wp-json\/wp\/v2\/categories?post=13912"},{"taxonomy":"post_tag","embeddable":true,"href":"https:\/\/www.europesays.com\/fi\/wp-json\/wp\/v2\/tags?post=13912"}],"curies":[{"name":"wp","href":"https:\/\/api.w.org\/{rel}","templated":true}]}}