{"id":139121,"date":"2026-01-11T02:05:15","date_gmt":"2026-01-11T02:05:15","guid":{"rendered":"https:\/\/www.europesays.com\/fi\/139121\/"},"modified":"2026-01-11T02:05:15","modified_gmt":"2026-01-11T02:05:15","slug":"kun-david-bowie-kuoli-kymmenen-vuotta-sitten-tunsin-hairion-voimakentassa-2","status":"publish","type":"post","link":"https:\/\/www.europesays.com\/fi\/139121\/","title":{"rendered":"Kun David Bowie kuoli kymmenen vuotta sitten, tunsin h\u00e4iri\u00f6n voimakent\u00e4ss\u00e4"},"content":{"rendered":"<p>David Bowien kohdalla keskeinen kysymys on ollut, oliko h\u00e4n todella edell\u00e4k\u00e4vij\u00e4 vai enemm\u00e4nkin nousevia trendiaaltoja taitavasti ennakoinut ja valjastanut tyylisurffari.<\/p>\n<p>10.1. 16:15<\/p>\n<p class=\"article-body mb-nof-24 px-nof-16\">Miss\u00e4 olit, kun kuulit <a class=\"font-bold underline-offset-[0.12em] [text-decoration:var(--person-link-text-decoration)] ![text-decoration-color:var(--person-link-text-decoration-color)]\" href=\"https:\/\/www.satakunnankansa.fi\/haku\/?query=David%20Bowien\" rel=\"nofollow noopener\" target=\"_blank\">David Bowien<\/a> kuolemasta tasan kymmenen vuotta sitten?<\/p>\n<p class=\"article-body mb-nof-24 px-nof-16\">Itse j\u00f6k\u00f6tin maanantaiaamun pakkasessa Helsingin Haapaniemen bussipys\u00e4kill\u00e4. Ep\u00e4todellinen tieto yhden merkitt\u00e4vimm\u00e4n popt\u00e4hden poismenosta pomppasi k\u00e4nnyk\u00e4st\u00e4 uutisvirran k\u00e4rken\u00e4.<\/p>\n","protected":false},"excerpt":{"rendered":"David Bowien kohdalla keskeinen kysymys on ollut, oliko h\u00e4n todella edell\u00e4k\u00e4vij\u00e4 vai enemm\u00e4nkin nousevia trendiaaltoja taitavasti ennakoinut ja&hellip;\n","protected":false},"author":2,"featured_media":139122,"comment_status":"","ping_status":"","sticky":false,"template":"","format":"standard","meta":{"footnotes":""},"categories":[130],"tags":[137,33,31,30,80,32,109],"class_list":{"0":"post-139121","1":"post","2":"type-post","3":"status-publish","4":"format-standard","5":"has-post-thumbnail","7":"category-viihde","8":"tag-entertainment","9":"tag-fi","10":"tag-finland","11":"tag-finnish","12":"tag-satakunnan-kansa","13":"tag-suomi","14":"tag-viihde"},"share_on_mastodon":{"url":"https:\/\/pubeurope.com\/@fi\/115874019556099984","error":""},"_links":{"self":[{"href":"https:\/\/www.europesays.com\/fi\/wp-json\/wp\/v2\/posts\/139121","targetHints":{"allow":["GET"]}}],"collection":[{"href":"https:\/\/www.europesays.com\/fi\/wp-json\/wp\/v2\/posts"}],"about":[{"href":"https:\/\/www.europesays.com\/fi\/wp-json\/wp\/v2\/types\/post"}],"author":[{"embeddable":true,"href":"https:\/\/www.europesays.com\/fi\/wp-json\/wp\/v2\/users\/2"}],"replies":[{"embeddable":true,"href":"https:\/\/www.europesays.com\/fi\/wp-json\/wp\/v2\/comments?post=139121"}],"version-history":[{"count":0,"href":"https:\/\/www.europesays.com\/fi\/wp-json\/wp\/v2\/posts\/139121\/revisions"}],"wp:featuredmedia":[{"embeddable":true,"href":"https:\/\/www.europesays.com\/fi\/wp-json\/wp\/v2\/media\/139122"}],"wp:attachment":[{"href":"https:\/\/www.europesays.com\/fi\/wp-json\/wp\/v2\/media?parent=139121"}],"wp:term":[{"taxonomy":"category","embeddable":true,"href":"https:\/\/www.europesays.com\/fi\/wp-json\/wp\/v2\/categories?post=139121"},{"taxonomy":"post_tag","embeddable":true,"href":"https:\/\/www.europesays.com\/fi\/wp-json\/wp\/v2\/tags?post=139121"}],"curies":[{"name":"wp","href":"https:\/\/api.w.org\/{rel}","templated":true}]}}