{"id":139125,"date":"2026-01-11T02:09:12","date_gmt":"2026-01-11T02:09:12","guid":{"rendered":"https:\/\/www.europesays.com\/fi\/139125\/"},"modified":"2026-01-11T02:09:12","modified_gmt":"2026-01-11T02:09:12","slug":"mtv-suomalainen-basehyppaaja-on-yha-kateissa-italian-dolomiiteilla-uutissuomalainen","status":"publish","type":"post","link":"https:\/\/www.europesays.com\/fi\/139125\/","title":{"rendered":"MTV: Suomalainen basehypp\u00e4\u00e4j\u00e4 on yh\u00e4 kateissa Italian Dolomiiteilla | Uutissuomalainen"},"content":{"rendered":"<p>Suomalainen basehypp\u00e4\u00e4j\u00e4 on yh\u00e4 kateissa Dolomiiteilla Italiassa, kertoo <a href=\"https:\/\/www.mtvuutiset.fi\/artikkeli\/suomalainen-base-hyppaaja-toista-kuukautta-kateissa-italiassa-nyt-puhuu-etsintoja-johtava-vuoristopelastaja\/9280040\" rel=\"nofollow noopener\" target=\"_blank\">MTV:n uutiset<\/a>.<\/p>\n<p>Italialaismediat uutisoivat marraskuussa, ett\u00e4 35-vuotias suomalaismies katosi marraskuun puoliv\u00e4liss\u00e4 Dolomiiteilla. Dolomiitit on osa Alppien vuoristoa koillisessa Italiassa.<\/p>\n<p>Miest\u00e4 etsittiin tuoreeltaan, mutta etsinn\u00e4t keskeytettiin tuloksettomina. H\u00e4nt\u00e4 yritettiin etsi\u00e4 uudelleen joulun alla helikopterilla, kun l\u00e4mmin s\u00e4\u00e4 oli sulattanut lumia Busazza-vuoren sein\u00e4m\u00e4lt\u00e4, kertoo Agordon vuoristopelastajien asemap\u00e4\u00e4llikk\u00f6 Diego Favero MTV:lle.<\/p>\n<p>Suomalaismiehen ep\u00e4ill\u00e4\u00e4n hyp\u00e4nneen vuorelta ja p\u00e4\u00e4tyneen johonkin sen juuressa sijaitsevista rotkoista. Faveron mukaan miehen todenn\u00e4k\u00f6inen olinpaikka on selvitetty k\u00e4nnyk\u00e4n geopaikannuksen avulla.<\/p>\n<p>Joulukuun etsint\u00e4yritys ei tuottanut tuloksia. Faveron mukaan etsint\u00f6j\u00e4 jatketaan heti, kun olosuhteet sallivat eli todenn\u00e4k\u00f6isesti vasta kev\u00e4\u00e4ll\u00e4, kun lumet alkavat sulaa.<\/p>\n","protected":false},"excerpt":{"rendered":"Suomalainen basehypp\u00e4\u00e4j\u00e4 on yh\u00e4 kateissa Dolomiiteilla Italiassa, kertoo MTV:n uutiset. Italialaismediat uutisoivat marraskuussa, ett\u00e4 35-vuotias suomalaismies katosi marraskuun&hellip;\n","protected":false},"author":2,"featured_media":132948,"comment_status":"","ping_status":"","sticky":false,"template":"","format":"standard","meta":{"footnotes":""},"categories":[14],"tags":[2888,22,23,26,27,33,31,30,17,5856,713,24,25,28,29,715,15,18,21,710,32,487,538,19,20,56,16,59,60,61],"class_list":{"0":"post-139125","1":"post","2":"type-post","3":"status-publish","4":"format-standard","5":"has-post-thumbnail","7":"category-ulkomaat","8":"tag-alpit","9":"tag-breaking-news","10":"tag-breakingnews","11":"tag-featured-news","12":"tag-featurednews","13":"tag-fi","14":"tag-finland","15":"tag-finnish","16":"tag-headlines","17":"tag-joulu","18":"tag-lampotila-saa","19":"tag-latest-news","20":"tag-latestnews","21":"tag-main-news","22":"tag-mainnews","23":"tag-meteorologia","24":"tag-news","25":"tag-otsikot","26":"tag-paauutiset","27":"tag-saa","28":"tag-suomi","29":"tag-teknologia-yleista","30":"tag-tiede-ja-tekniikka","31":"tag-top-stories","32":"tag-topstories","33":"tag-ulkomaat","34":"tag-uutiset","35":"tag-world","36":"tag-world-news","37":"tag-worldnews"},"share_on_mastodon":{"url":"https:\/\/pubeurope.com\/@fi\/115874035333264693","error":""},"_links":{"self":[{"href":"https:\/\/www.europesays.com\/fi\/wp-json\/wp\/v2\/posts\/139125","targetHints":{"allow":["GET"]}}],"collection":[{"href":"https:\/\/www.europesays.com\/fi\/wp-json\/wp\/v2\/posts"}],"about":[{"href":"https:\/\/www.europesays.com\/fi\/wp-json\/wp\/v2\/types\/post"}],"author":[{"embeddable":true,"href":"https:\/\/www.europesays.com\/fi\/wp-json\/wp\/v2\/users\/2"}],"replies":[{"embeddable":true,"href":"https:\/\/www.europesays.com\/fi\/wp-json\/wp\/v2\/comments?post=139125"}],"version-history":[{"count":0,"href":"https:\/\/www.europesays.com\/fi\/wp-json\/wp\/v2\/posts\/139125\/revisions"}],"wp:featuredmedia":[{"embeddable":true,"href":"https:\/\/www.europesays.com\/fi\/wp-json\/wp\/v2\/media\/132948"}],"wp:attachment":[{"href":"https:\/\/www.europesays.com\/fi\/wp-json\/wp\/v2\/media?parent=139125"}],"wp:term":[{"taxonomy":"category","embeddable":true,"href":"https:\/\/www.europesays.com\/fi\/wp-json\/wp\/v2\/categories?post=139125"},{"taxonomy":"post_tag","embeddable":true,"href":"https:\/\/www.europesays.com\/fi\/wp-json\/wp\/v2\/tags?post=139125"}],"curies":[{"name":"wp","href":"https:\/\/api.w.org\/{rel}","templated":true}]}}