{"id":139126,"date":"2026-01-11T02:10:06","date_gmt":"2026-01-11T02:10:06","guid":{"rendered":"https:\/\/www.europesays.com\/fi\/139126\/"},"modified":"2026-01-11T02:10:06","modified_gmt":"2026-01-11T02:10:06","slug":"valtamerisoutaja-jari-saario-on-pelastettu-etela-atlantilla-uutisia-lyhyesti","status":"publish","type":"post","link":"https:\/\/www.europesays.com\/fi\/139126\/","title":{"rendered":"Valtamerisoutaja Jari Saario on pelastettu Etel\u00e4-Atlantilla | Uutisia lyhyesti"},"content":{"rendered":"<p class=\"aw-1gybjub aw-5vja16 kEtdKx kmuxyA yle__article__paragraph\">Saario on t\u00e4ll\u00e4 hetkell\u00e4 kauppa-alus Cymona Eaglen kyydiss\u00e4, joka on matkalla Bangladeshiin.<\/p>\n<p class=\"aw-1gybjub aw-1p7kakr kEtdKx cEmitX yle__article__paragraph\">Seikkailija ja valtamerisoutaja <strong class=\"aw-ak79eh KyCXm yle__article__strong\">Jari Saario<\/strong> on saatu pelastettua Etel\u00e4-Atlantilla, kertoo Saarion tiedottaja <strong class=\"aw-ak79eh KyCXm yle__article__strong\">Hanni Marin<\/strong> tiedotteessa.<\/p>\n<p class=\"aw-1gybjub aw-1p7kakr kEtdKx cEmitX yle__article__paragraph\">Saario pelastettiin lauantain ja sunnuntain v\u00e4lisen\u00e4 y\u00f6n\u00e4 noin kello 2.30 Suomen aikaa. H\u00e4n on tiedotteen mukaan t\u00e4ll\u00e4 hetkell\u00e4 kauppa-alus Cymona Eaglen kyydiss\u00e4, joka oli l\u00e4himp\u00e4n\u00e4 Saarion sijaintia h\u00e4t\u00e4tilanteen sattuessa.<\/p>\n<p class=\"aw-1gybjub aw-1p7kakr kEtdKx cEmitX yle__article__paragraph\">Saario joutui lauantaina merih\u00e4t\u00e4\u00e4n yksinsoutumatkallaan Chilen Kap Hornista kohti Etel\u00e4-Afrikan Kapkaupunkia.<\/p>\n<p class=\"aw-1gybjub aw-1p7kakr kEtdKx cEmitX yle__article__paragraph\">Tiedotteen mukaan pelastusoperaatio toteutettiin vaativissa olosuhteissa syrj\u00e4isell\u00e4 merialueella. Saarion pelastanut alus on nyt todenn\u00e4k\u00f6isesti matkalla kohti Bangladeshia.<\/p>\n<p class=\"aw-1gybjub aw-1p7kakr kEtdKx cEmitX yle__article__paragraph\">Marin kertoi Ylelle my\u00f6h\u00e4\u00e4n y\u00f6ll\u00e4, ett\u00e4 Saarion terveydentila on olosuhteisiin n\u00e4hden hyv\u00e4 ja h\u00e4n saa alukselta apua. Pelastusoperaatiota koordinoivat meripelastusviranomaiset (MRCC) yhteisty\u00f6ss\u00e4 Cymona Eaglen miehist\u00f6n kanssa.<\/p>\n<p class=\"aw-1gybjub aw-1p7kakr kEtdKx cEmitX yle__article__paragraph\">Tiedotteen mukaan Saarion vene vaurioitui ankarissa s\u00e4\u00e4olosuhteissa ja h\u00e4n menetti osan varusteistaan. Viimeisen vuorokauden aikana Saarion yhteydenpito oli ajoittain hyvin rajallista.<\/p>\n<p class=\"aw-1gybjub aw-1p7kakr kEtdKx cEmitX yle__article__paragraph\">Saarion soutumatka on alusta asti ollut \u00e4\u00e4rimm\u00e4isen vaativa ja riskialtis, ja se kulkee maailman haastavimpien merialueiden kautta. Saario on kokenut valtamerisoutaja, joka on aiemmin soutanut Atlantin yli ja takaisin. Saario ja h\u00e4nen taustajoukkonsa ovat tienneet matkan riskit.<\/p>\n<p class=\"aw-1gybjub aw-1p7kakr kEtdKx cEmitX yle__article__paragraph\">Marinin mukaan tiedot Saarion paluusta Suomeen t\u00e4smentyv\u00e4t my\u00f6hemmin.<\/p>\n<p class=\"aw-1gybjub aw-1p7kakr kEtdKx cEmitX yle__article__paragraph\">Juttu p\u00e4ivittyy<\/p>\n","protected":false},"excerpt":{"rendered":"Saario on t\u00e4ll\u00e4 hetkell\u00e4 kauppa-alus Cymona Eaglen kyydiss\u00e4, joka on matkalla Bangladeshiin. Seikkailija ja valtamerisoutaja Jari Saario on&hellip;\n","protected":false},"author":2,"featured_media":74,"comment_status":"","ping_status":"","sticky":false,"template":"","format":"standard","meta":{"footnotes":""},"categories":[12],"tags":[22,23,26,27,33,31,30,17,24,25,28,29,4077,15,837,18,21,857,13716,32,19,20,16],"class_list":{"0":"post-139126","1":"post","2":"type-post","3":"status-publish","4":"format-standard","5":"has-post-thumbnail","7":"category-suomi","8":"tag-breaking-news","9":"tag-breakingnews","10":"tag-featured-news","11":"tag-featurednews","12":"tag-fi","13":"tag-finland","14":"tag-finnish","15":"tag-headlines","16":"tag-latest-news","17":"tag-latestnews","18":"tag-main-news","19":"tag-mainnews","20":"tag-meret","21":"tag-news","22":"tag-onnettomuudet","23":"tag-otsikot","24":"tag-paauutiset","25":"tag-pelastustoiminta","26":"tag-soutu","27":"tag-suomi","28":"tag-top-stories","29":"tag-topstories","30":"tag-uutiset"},"share_on_mastodon":{"url":"https:\/\/pubeurope.com\/@fi\/115874039293318907","error":""},"_links":{"self":[{"href":"https:\/\/www.europesays.com\/fi\/wp-json\/wp\/v2\/posts\/139126","targetHints":{"allow":["GET"]}}],"collection":[{"href":"https:\/\/www.europesays.com\/fi\/wp-json\/wp\/v2\/posts"}],"about":[{"href":"https:\/\/www.europesays.com\/fi\/wp-json\/wp\/v2\/types\/post"}],"author":[{"embeddable":true,"href":"https:\/\/www.europesays.com\/fi\/wp-json\/wp\/v2\/users\/2"}],"replies":[{"embeddable":true,"href":"https:\/\/www.europesays.com\/fi\/wp-json\/wp\/v2\/comments?post=139126"}],"version-history":[{"count":0,"href":"https:\/\/www.europesays.com\/fi\/wp-json\/wp\/v2\/posts\/139126\/revisions"}],"wp:featuredmedia":[{"embeddable":true,"href":"https:\/\/www.europesays.com\/fi\/wp-json\/wp\/v2\/media\/74"}],"wp:attachment":[{"href":"https:\/\/www.europesays.com\/fi\/wp-json\/wp\/v2\/media?parent=139126"}],"wp:term":[{"taxonomy":"category","embeddable":true,"href":"https:\/\/www.europesays.com\/fi\/wp-json\/wp\/v2\/categories?post=139126"},{"taxonomy":"post_tag","embeddable":true,"href":"https:\/\/www.europesays.com\/fi\/wp-json\/wp\/v2\/tags?post=139126"}],"curies":[{"name":"wp","href":"https:\/\/api.w.org\/{rel}","templated":true}]}}