{"id":139127,"date":"2026-01-11T02:11:17","date_gmt":"2026-01-11T02:11:17","guid":{"rendered":"https:\/\/www.europesays.com\/fi\/139127\/"},"modified":"2026-01-11T02:11:17","modified_gmt":"2026-01-11T02:11:17","slug":"ykkosliigan-lisenssipaatokset-kaudelle-2026-palloliitto-fi","status":"publish","type":"post","link":"https:\/\/www.europesays.com\/fi\/139127\/","title":{"rendered":"Ykk\u00f6sliigan lisenssip\u00e4\u00e4t\u00f6kset kaudelle 2026 &#8211; Palloliitto.fi"},"content":{"rendered":"<p>Takaisin<\/p>\n<p>Valtakunnalliset sarjat<\/p>\n<p class=\"mb-8 font-bold\">Valtakunnallisten jalkapallosarjojen lisenssikomitea on k\u00e4sitellyt Ykk\u00f6sliigan lisenssihakemuksia kaudelle 2026.<\/p>\n<p class=\"mt-4 text-xs\">Kuvituskuva.Kuva: \u24b8 SPL  \/Jyri Sulander<\/p>\n<p data-typesense-field=\"text\">Lisenssikomitean p\u00e4\u00e4t\u00f6ksell\u00e4 kaikille kymmenelle Ykk\u00f6sliigan seuralle my\u00f6nnettiin lisenssi tulevalle kaudelle.<\/p>\n<p data-typesense-field=\"text\">Lisenssimenettelyn t\u00e4ss\u00e4 vaiheessa tarkasteltiin seurojen taloutta, olosuhteita, urheilullista toimintaa ja oikeudellisia kriteereit\u00e4. Osaan my\u00f6nnetyist\u00e4 lisensseist\u00e4 sis\u00e4ltyy talouteen liittyvi\u00e4 ehtoja.\u00a0<\/p>\n<p data-typesense-field=\"text\">Valkeakosken Tehtaan kent\u00e4n kelpoisuus varmistetaan my\u00f6hemmin korjaust\u00f6iden valmistuttua.<\/p>\n<p data-typesense-field=\"text\">Ykk\u00f6sliigan otteluohjelma kokonaisuudessaan\u00a0<a rel=\"noreferrer noopener nofollow\" target=\"_blank\" title=\"https:\/\/tulospalvelu.palloliitto.fi\/category\/m1l!spljp26\/group\/1\/fixtures\" href=\"https:\/\/tulospalvelu.palloliitto.fi\/category\/M1L!spljp26\/group\/1\/fixtures\">Tulospalvelussa<\/a>.<\/p>\n<p data-typesense-field=\"text\"><strong>Ykk\u00f6sliiga 2026<\/strong><br \/>EIF<br \/>FC Haka<br \/>FC KTP<br \/>HJK Klubi 04<br \/>Jippo<br \/>J\u00e4PS<br \/>K\u00e4Pa<br \/>MP<br \/>PK-35<br \/>SJK Akatemia<\/p>\n<p data-typesense-field=\"text\"><strong>Lis\u00e4tietoja:<\/strong><br \/>Petri Salminen, puheenjohtaja<br \/>Valtakunnallisten jalkapallosarjojen lisenssikomitea<br \/>0400 657\u00a0299<\/p>\n","protected":false},"excerpt":{"rendered":"Takaisin Valtakunnalliset sarjat Valtakunnallisten jalkapallosarjojen lisenssikomitea on k\u00e4sitellyt Ykk\u00f6sliigan lisenssihakemuksia kaudelle 2026. Kuvituskuva.Kuva: \u24b8 SPL \/Jyri Sulander Lisenssikomitean&hellip;\n","protected":false},"author":2,"featured_media":139128,"comment_status":"","ping_status":"","sticky":false,"template":"","format":"standard","meta":{"footnotes":""},"categories":[5],"tags":[22,23,26,27,33,31,30,17,24,25,28,29,15,18,21,32,19,20,16],"class_list":{"0":"post-139127","1":"post","2":"type-post","3":"status-publish","4":"format-standard","5":"has-post-thumbnail","7":"category-otsikot","8":"tag-breaking-news","9":"tag-breakingnews","10":"tag-featured-news","11":"tag-featurednews","12":"tag-fi","13":"tag-finland","14":"tag-finnish","15":"tag-headlines","16":"tag-latest-news","17":"tag-latestnews","18":"tag-main-news","19":"tag-mainnews","20":"tag-news","21":"tag-otsikot","22":"tag-paauutiset","23":"tag-suomi","24":"tag-top-stories","25":"tag-topstories","26":"tag-uutiset"},"share_on_mastodon":{"url":"https:\/\/pubeurope.com\/@fi\/115874043140437060","error":""},"_links":{"self":[{"href":"https:\/\/www.europesays.com\/fi\/wp-json\/wp\/v2\/posts\/139127","targetHints":{"allow":["GET"]}}],"collection":[{"href":"https:\/\/www.europesays.com\/fi\/wp-json\/wp\/v2\/posts"}],"about":[{"href":"https:\/\/www.europesays.com\/fi\/wp-json\/wp\/v2\/types\/post"}],"author":[{"embeddable":true,"href":"https:\/\/www.europesays.com\/fi\/wp-json\/wp\/v2\/users\/2"}],"replies":[{"embeddable":true,"href":"https:\/\/www.europesays.com\/fi\/wp-json\/wp\/v2\/comments?post=139127"}],"version-history":[{"count":0,"href":"https:\/\/www.europesays.com\/fi\/wp-json\/wp\/v2\/posts\/139127\/revisions"}],"wp:featuredmedia":[{"embeddable":true,"href":"https:\/\/www.europesays.com\/fi\/wp-json\/wp\/v2\/media\/139128"}],"wp:attachment":[{"href":"https:\/\/www.europesays.com\/fi\/wp-json\/wp\/v2\/media?parent=139127"}],"wp:term":[{"taxonomy":"category","embeddable":true,"href":"https:\/\/www.europesays.com\/fi\/wp-json\/wp\/v2\/categories?post=139127"},{"taxonomy":"post_tag","embeddable":true,"href":"https:\/\/www.europesays.com\/fi\/wp-json\/wp\/v2\/tags?post=139127"}],"curies":[{"name":"wp","href":"https:\/\/api.w.org\/{rel}","templated":true}]}}