{"id":139131,"date":"2026-01-11T02:30:10","date_gmt":"2026-01-11T02:30:10","guid":{"rendered":"https:\/\/www.europesays.com\/fi\/139131\/"},"modified":"2026-01-11T02:30:10","modified_gmt":"2026-01-11T02:30:10","slug":"jenny-rautionaholle-kauden-paras-sijoitus-ljubnon-normaalimaessa-miesten-joukkue-kahdeksas-super-team-kilpailussa-zakopanessa","status":"publish","type":"post","link":"https:\/\/www.europesays.com\/fi\/139131\/","title":{"rendered":"Jenny Rautionaholle kauden paras sijoitus Ljubnon normaalim\u00e4ess\u00e4 \u2013 miesten joukkue kahdeksas Super Team -kilpailussa Zakopanessa"},"content":{"rendered":"<p><img fetchpriority=\"high\" decoding=\"async\" width=\"1024\" height=\"683\" alt=\"\" class=\"wp-image-32992 native-lazyload-js-fallback\" loading=\"lazy\" src=\"https:\/\/www.europesays.com\/fi\/wp-content\/uploads\/2026\/01\/Rautionaho100126db005290-1024x683.jpg\"  data-\/>\u00a9 Barbieri\/NordicFocus<\/p>\n<p>M\u00e4kihypyn maailmancupit jatkuivat lauantaina naisten normaalim\u00e4en kilpailulla Slovenian Ljubnossa HS94-m\u00e4est\u00e4 ja miesten Super Team -kilpailulla Puolan Zakopanessa HS140-m\u00e4est\u00e4. Naisten kilpailun parhaasta suomalaissijoituksesta vastasi <strong>Jenny Rautionaho<\/strong>, joka hypp\u00e4si kymmenen parhaan joukkoon ja oli hienosti kilpailun yhdeks\u00e4s. Miesten kilpailussa Suomen joukkue sijoittui kahdeksanneksi kaksikolla <strong>Jarkko M\u00e4\u00e4tt\u00e4<\/strong> ja <strong>Antti Aalto<\/strong>.<\/p>\n<p>Jenny Rautionaholle p\u00e4iv\u00e4n sijoitus oli kauden paras t\u00e4h\u00e4n menness\u00e4. Rautionahon kilpailuhypyt kantoivat 86,5 ja 89,5 metri\u00e4. Kilpailun voitti Slovenian <strong>Nika Prevc<\/strong>.<\/p>\n<p>Rautionaho oli iloinen paitsi omasta suorituksestaan my\u00f6s koko joukkueen tekemisest\u00e4 p\u00e4iv\u00e4n kilpailussa.<\/p>\n<p>\u2013 T\u00e4n\u00e4\u00e4n oli hyv\u00e4 p\u00e4iv\u00e4 kaikin puolin, ett\u00e4 heti koekierroksesta l\u00e4htien sain hyvi\u00e4 hyppyj\u00e4. Kilpailussa varsinkin toisen kierroksen hyppy oli hyv\u00e4, paitsi alastulo on v\u00e4h\u00e4n hankala minulle t\u00e4ss\u00e4 m\u00e4ess\u00e4, kun sattuu aika hyvin polveen tuo m\u00e4ki. Toisella kierroksella olisi ollut otettavissa muutama sija yl\u00f6sp\u00e4in, mutta j\u00e4i tyylit v\u00e4h\u00e4n huonoksi. Hyv\u00e4 p\u00e4iv\u00e4 kaikin puolin meid\u00e4n joukkueelta, vaikka Sofialle hylk\u00e4ys tulikin. Hienoa tekemist\u00e4 meid\u00e4n porukalta, ja jatketaan huomenna, summasi Rautionaho.<\/p>\n<p>Muista suomalaisista <strong>Julia \u00c4iki\u00e4 <\/strong>oli kilpailun 33:s. <strong>Sofia Mattila <\/strong>hyl\u00e4ttiin hyppypuvun mitoista johtuen. <strong>Oosa Thuren<\/strong> kilpailu j\u00e4i perjantaina hyp\u00e4ttyyn karsintaan.<\/p>\n<p><a href=\"https:\/\/medias4.fis-ski.com\/pdf\/2026\/JP\/3140\/2026JP3140RL.pdf\" target=\"_blank\" rel=\"noreferrer noopener nofollow\">Naisten kilpailun tulokset<\/a><br \/>Jenny Rautionahon kommentit <a href=\"https:\/\/soundcloud.com\/hiihtoliitto-1\/jenny-rautionaho-makihypyn-maailmancup-ljubno-101-hs94\" target=\"_blank\" rel=\"noreferrer noopener nofollow\">SoundCloudissa<\/a><\/p>\n<p>Miesten Super Team -kilpailussa Jarkko M\u00e4\u00e4tt\u00e4 ja Antti Aalto hypp\u00e4siv\u00e4t kahdeksanneksi. M\u00e4\u00e4t\u00e4n kilpailuhypyt kantoivat 123, 115 ja 117,5 metri\u00e4. Aallon hypyt puolestaan kantoivat 132, 133 ja 132 metri\u00e4. P\u00e4iv\u00e4n voittajamaa oli It\u00e4valta\u00a0<strong>Jan Hoerlin<\/strong>\u00a0ja\u00a0<strong>Stephan Embacherin<\/strong>\u00a0johdattamina.<\/p>\n<p>Antti Aalto oli tyytyv\u00e4inen tasaisiin hyppyihins\u00e4 p\u00e4iv\u00e4n kilpailussa.<\/p>\n<p>\u2013 T\u00e4n\u00e4\u00e4n oli ihan tasaiset hyv\u00e4t hypyt ja parani oikeastaan treeneist\u00e4. Hyv\u00e4 ett\u00e4 meni niin p\u00e4in. Ihan hyvill\u00e4 mielin voi jatkaa t\u00e4st\u00e4. P\u00e4\u00e4sin tuohon m\u00e4keen paremmin kiinni, ja uskon, ett\u00e4 huomiseen on hyv\u00e4 l\u00e4hte\u00e4, kiteytti Aalto.<\/p>\n<p><a href=\"https:\/\/medias2.fis-ski.com\/pdf\/2026\/JP\/3113\/2026JP3113RL.pdf\" target=\"_blank\" rel=\"noreferrer noopener nofollow\">Miesten kilpailun tulokset<\/a><br \/>Urheilijakommentit <a href=\"https:\/\/soundcloud.com\/hiihtoliitto-1\/sets\/maekihypyn-747902014\" target=\"_blank\" rel=\"noreferrer noopener nofollow\">SoundCloudissa<\/a><\/p>\n<p><strong>M\u00e4kihypyn FIS Cup jatkui Saksan Klingenthalissa<\/strong> <strong>\u2013 Tuomas Kinnunen lauantain kilpailun kuudes<\/strong><\/p>\n<p>M\u00e4kihypyn FIS Cup jatkui Saksan Klingenthalissa miesten suurm\u00e4en kilpailulla HS140-m\u00e4est\u00e4. Suomalaisittain parhaasta sijoituksesta vastasi <strong>Tuomas Kinnunen<\/strong>, joka liiteli hienosti kilpailun kuudenneksi. Kinnusen molemmat kilpailuhypyt kantoivat 124,5 metri\u00e4. Kymmenen parhaan joukkoon hypp\u00e4si my\u00f6s <strong>Tomas Kuisma<\/strong>, joka oli kilpailun yhdeks\u00e4s. <strong>Paavo Romppainen<\/strong> oli kilpailun kuudestoista. <strong>Henri Kavilon<\/strong> kilpailu j\u00e4i yhteen kierrokseen, ja h\u00e4n oli kilpailun 37:s.<\/p>\n<p>Perjantaina hyp\u00e4tyss\u00e4 kilpailussa parhaasta suomalaissijoituksesta vastasi Paavo Romppainen, joka sijoittui kisaviikonlopun ensimm\u00e4isess\u00e4 osakilpailussa kahdenneksitoista. Romppaisen kilpailuhypyt kantoivat 122,5 ja 123 metri\u00e4. Tomas Kuisma oli kilpailun 25:s, Tuomas Kinnunen 28:s ja Henri Kavilo 43:s.<\/p>\n<p><a href=\"https:\/\/medias2.fis-ski.com\/pdf\/2026\/JP\/3238\/2026JP3238RL.pdf\" target=\"_blank\" rel=\"noreferrer noopener nofollow\">Kilpailun tulokset<\/a><br \/><a href=\"https:\/\/medias4.fis-ski.com\/pdf\/2026\/JP\/3239\/2026JP3239RL.pdf\" target=\"_blank\" rel=\"noreferrer noopener nofollow\">Perjantain kilpailun tulokset<\/a><\/p>\n","protected":false},"excerpt":{"rendered":"\u00a9 Barbieri\/NordicFocus M\u00e4kihypyn maailmancupit jatkuivat lauantaina naisten normaalim\u00e4en kilpailulla Slovenian Ljubnossa HS94-m\u00e4est\u00e4 ja miesten Super Team -kilpailulla Puolan&hellip;\n","protected":false},"author":2,"featured_media":139132,"comment_status":"","ping_status":"","sticky":false,"template":"","format":"standard","meta":{"footnotes":""},"categories":[158],"tags":[33,31,30,13821,17014,24036,4220,24136,159,32,160],"class_list":{"0":"post-139131","1":"post","2":"type-post","3":"status-publish","4":"format-standard","5":"has-post-thumbnail","7":"category-urheilu","8":"tag-fi","9":"tag-finland","10":"tag-finnish","11":"tag-hiihtoliitto","12":"tag-huippu-urheilu","13":"tag-maailmancup","14":"tag-makihyppy","15":"tag-sjteamfin","16":"tag-sports","17":"tag-suomi","18":"tag-urheilu"},"share_on_mastodon":{"url":"https:\/\/pubeurope.com\/@fi\/115874117922448537","error":""},"_links":{"self":[{"href":"https:\/\/www.europesays.com\/fi\/wp-json\/wp\/v2\/posts\/139131","targetHints":{"allow":["GET"]}}],"collection":[{"href":"https:\/\/www.europesays.com\/fi\/wp-json\/wp\/v2\/posts"}],"about":[{"href":"https:\/\/www.europesays.com\/fi\/wp-json\/wp\/v2\/types\/post"}],"author":[{"embeddable":true,"href":"https:\/\/www.europesays.com\/fi\/wp-json\/wp\/v2\/users\/2"}],"replies":[{"embeddable":true,"href":"https:\/\/www.europesays.com\/fi\/wp-json\/wp\/v2\/comments?post=139131"}],"version-history":[{"count":0,"href":"https:\/\/www.europesays.com\/fi\/wp-json\/wp\/v2\/posts\/139131\/revisions"}],"wp:featuredmedia":[{"embeddable":true,"href":"https:\/\/www.europesays.com\/fi\/wp-json\/wp\/v2\/media\/139132"}],"wp:attachment":[{"href":"https:\/\/www.europesays.com\/fi\/wp-json\/wp\/v2\/media?parent=139131"}],"wp:term":[{"taxonomy":"category","embeddable":true,"href":"https:\/\/www.europesays.com\/fi\/wp-json\/wp\/v2\/categories?post=139131"},{"taxonomy":"post_tag","embeddable":true,"href":"https:\/\/www.europesays.com\/fi\/wp-json\/wp\/v2\/tags?post=139131"}],"curies":[{"name":"wp","href":"https:\/\/api.w.org\/{rel}","templated":true}]}}