{"id":139133,"date":"2026-01-11T02:31:13","date_gmt":"2026-01-11T02:31:13","guid":{"rendered":"https:\/\/www.europesays.com\/fi\/139133\/"},"modified":"2026-01-11T02:31:13","modified_gmt":"2026-01-11T02:31:13","slug":"laurentius-salissa-aikamatkustetaan-helmikuussa-kasarin-kulta-aikaan-paikalliset","status":"publish","type":"post","link":"https:\/\/www.europesays.com\/fi\/139133\/","title":{"rendered":"Laurentius-salissa aikamatkustetaan helmikuussa kasarin kulta-aikaan | Paikalliset"},"content":{"rendered":"<p>Viime vuonna loppuunmyydyn Legends And Classics -esityksen luonut t\u00e4htikaarti palaa yhteen.<\/p>\n<p>Lauantaina 14. helmikuuta Lohjan Laurentius-salissa paikalliset esiintyj\u00e4t yhdist\u00e4v\u00e4t taitonsa teemalla The House Is Rockin Goes The 80\u2019s.<\/p>\n<p>Viimevuotisen menestyksen j\u00e4lkeen ty\u00f6ryhm\u00e4 on hionut yhteisty\u00f6t\u00e4 entisest\u00e4\u00e4n. Tiedotteen mukaan produktion ydin on paikallisen osaamisen ja eri taiteenlajien saumaton liitto.<\/p>\n<p><strong class=\"diks-storyline__impact\">The House<\/strong> Is Rockin tuo Laurentius-saliin tuo 1980-luvulta esiin musiikin, joka ei pyydellyt anteeksi ja joka saa edelleen sukupolvet toisensa j\u00e4lkeen liikkeelle, tiedotteessa luonnehditaan. Show\u2019ssa ei tyydyt\u00e4 nostalgiaan, vaan 80-luvun helmet her\u00e4tet\u00e4\u00e4n eloon t\u00e4m\u00e4n p\u00e4iv\u00e4n energialla ja paikallisten huippuosaajien uniikeilla sovituksilla.<\/p>\n<p>Lavalla n\u00e4hd\u00e4\u00e4n Voice of Finland -areenoilta tutut <strong>Marko Turunen<\/strong>, <strong>Tommi F\u00e4ldt<\/strong> ja <strong>Toni Savolainen<\/strong>. Vokalistien rinnalla s\u00e4teilev\u00e4t Ann Lake Singers -trion <strong>Anne<\/strong>, <strong>Annina<\/strong> ja <strong>Minna<\/strong>.<\/p>\n<p>Musiikillista selk\u00e4rankaa vahvistaa Devil\u2019s Horns -puhallinsektio ja visuaalisen n\u00e4ytt\u00e4vyyden kruunaa tanssiryhm\u00e4 Savage Sisters. Juontajat ovat televisiosta tutut lohjalaiset<strong> Eila Sarin<\/strong> ja <strong>Minna Hakala<\/strong>, jotka moni on n\u00e4hnyt my\u00f6s teatterin lavalla.<\/p>\n<p>Lippuja myy Netticket.<\/p>\n","protected":false},"excerpt":{"rendered":"Viime vuonna loppuunmyydyn Legends And Classics -esityksen luonut t\u00e4htikaarti palaa yhteen. Lauantaina 14. helmikuuta Lohjan Laurentius-salissa paikalliset esiintyj\u00e4t&hellip;\n","protected":false},"author":2,"featured_media":139134,"comment_status":"","ping_status":"","sticky":false,"template":"","format":"standard","meta":{"footnotes":""},"categories":[130],"tags":[138,137,33,31,30,6048,481,47,141,941,32,484,109],"class_list":{"0":"post-139133","1":"post","2":"type-post","3":"status-publish","4":"format-standard","5":"has-post-thumbnail","7":"category-viihde","8":"tag-audio","9":"tag-entertainment","10":"tag-fi","11":"tag-finland","12":"tag-finnish","13":"tag-juontaja","14":"tag-lohja","15":"tag-musiikki","16":"tag-muusikot-bandit","17":"tag-nostalgia","18":"tag-suomi","19":"tag-taiteellinen-ilmaisu-ja-mediat","20":"tag-viihde"},"share_on_mastodon":{"url":"https:\/\/pubeurope.com\/@fi\/115874121793414950","error":""},"_links":{"self":[{"href":"https:\/\/www.europesays.com\/fi\/wp-json\/wp\/v2\/posts\/139133","targetHints":{"allow":["GET"]}}],"collection":[{"href":"https:\/\/www.europesays.com\/fi\/wp-json\/wp\/v2\/posts"}],"about":[{"href":"https:\/\/www.europesays.com\/fi\/wp-json\/wp\/v2\/types\/post"}],"author":[{"embeddable":true,"href":"https:\/\/www.europesays.com\/fi\/wp-json\/wp\/v2\/users\/2"}],"replies":[{"embeddable":true,"href":"https:\/\/www.europesays.com\/fi\/wp-json\/wp\/v2\/comments?post=139133"}],"version-history":[{"count":0,"href":"https:\/\/www.europesays.com\/fi\/wp-json\/wp\/v2\/posts\/139133\/revisions"}],"wp:featuredmedia":[{"embeddable":true,"href":"https:\/\/www.europesays.com\/fi\/wp-json\/wp\/v2\/media\/139134"}],"wp:attachment":[{"href":"https:\/\/www.europesays.com\/fi\/wp-json\/wp\/v2\/media?parent=139133"}],"wp:term":[{"taxonomy":"category","embeddable":true,"href":"https:\/\/www.europesays.com\/fi\/wp-json\/wp\/v2\/categories?post=139133"},{"taxonomy":"post_tag","embeddable":true,"href":"https:\/\/www.europesays.com\/fi\/wp-json\/wp\/v2\/tags?post=139133"}],"curies":[{"name":"wp","href":"https:\/\/api.w.org\/{rel}","templated":true}]}}