{"id":139141,"date":"2026-01-11T02:37:08","date_gmt":"2026-01-11T02:37:08","guid":{"rendered":"https:\/\/www.europesays.com\/fi\/139141\/"},"modified":"2026-01-11T02:37:08","modified_gmt":"2026-01-11T02:37:08","slug":"yhdysvallat-iski-isis-kohteisiin-syyriassa-ilta-sanomat","status":"publish","type":"post","link":"https:\/\/www.europesays.com\/fi\/139141\/","title":{"rendered":"Yhdysvallat iski Isis-kohteisiin Syyriassa &#8211; Ilta-Sanomat"},"content":{"rendered":"<p>Presidentti Donald Trump m\u00e4\u00e4r\u00e4si lauantaina toteutetut iskut, kertoo BBC.<\/p>\n<p>10.1. 23:23<\/p>\n<p class=\"article-body mb-nof-24 px-nof-16\">Yhdysvallat ja sen liittolaiset ovat tehneet laajamittaisia iskuja Isis-kohteita vastaan Syyriassa, kertoo Yhdysvaltojen asevoimat <a class=\"underline underline-offset-[0.12em] [text-decoration-thickness:var(--generic-link-underline-thickness)] [text-decoration-color:var(--generic-link-underline-color)] [text-decoration-skip-ink:var(--generic-link-underline-skip-ink)] break-words\" href=\"https:\/\/x.com\/CENTCOM\/status\/2010089772120002721\" rel=\"nofollow\">tiedotteessaan<\/a>.<\/p>\n<p class=\"article-body mb-nof-24 px-nof-16\">Presidentti<a class=\"font-bold underline-offset-[0.12em] [text-decoration:var(--person-link-text-decoration)] ![text-decoration-color:var(--person-link-text-decoration-color)]\" href=\"https:\/\/www.is.fi\/haku\/?query=%20Donald%20Trump\" rel=\"nofollow noopener\" target=\"_blank\"> Donald Trump<\/a> m\u00e4\u00e4r\u00e4si lauantaina toteutetut iskut, kertoo <a class=\"underline underline-offset-[0.12em] [text-decoration-thickness:var(--generic-link-underline-thickness)] [text-decoration-color:var(--generic-link-underline-color)] [text-decoration-skip-ink:var(--generic-link-underline-skip-ink)] break-words\" href=\"https:\/\/www.bbc.com\/news\/articles\/cly9597r4qpo\" rel=\"nofollow noopener\" target=\"_blank\">BBC<\/a>. Yhdysvaltalaisen <a class=\"underline underline-offset-[0.12em] [text-decoration-thickness:var(--generic-link-underline-thickness)] [text-decoration-color:var(--generic-link-underline-color)] [text-decoration-skip-ink:var(--generic-link-underline-skip-ink)] break-words\" href=\"https:\/\/www.cbsnews.com\/news\/us-airstrikes-isis-targets-syria-central-command\/\" rel=\"nofollow noopener\" target=\"_blank\">CBS:n <\/a>saamien viranomaistietojen mukaan Yhdysvallat ja sen liittolaiset ampuivat yli 90 ammusta ja siihen osallistui yli 20 lentokonetta. CBS:n mukaan iskuun osallistui my\u00f6s jordanialaisia F-16-h\u00e4vitt\u00e4ji\u00e4.<\/p>\n<p class=\"article-body mb-nof-24 px-nof-16\">Yhdysvaltojen mukaan iskut ovat vastaus Isis-ryhm\u00e4n joulukuun 13. p\u00e4iv\u00e4n\u00e4 tekem\u00e4lle iskulle Yhdysvaltain joukkoja vastaan Syyriassa. Iskussa kuoli kaksi amerikkalaista sotilasta ja yksi amerikkalainen siviilitulkki.<\/p>\n<p class=\"article-body mb-nof-24 px-nof-16\">Asevoimien keskusjohdon mukaan iskut toteutettiin terrorismin torjumiseksi ja amerikkalaisten ja kumppanijoukkojen suojelemiseksi alueella.<\/p>\n<p class=\"article-body mb-nof-24 px-nof-16\">\u2013 Viestimme on edelleen voimakas: jos vahingoitatte sotilaitamme, l\u00f6yd\u00e4mme teid\u00e4t ja tapamme teid\u00e4t miss\u00e4 tahansa maailmassa riippumatta siit\u00e4, kuinka kovasti yrit\u00e4tte v\u00e4ltt\u00e4\u00e4 oikeutta, asevoimien tilill\u00e4 kirjoitetaan.<\/p>\n<p class=\"article-body mb-nof-24 px-nof-16\">Iskujen tuhoista ei ole viel\u00e4 tietoa.<\/p>\n","protected":false},"excerpt":{"rendered":"Presidentti Donald Trump m\u00e4\u00e4r\u00e4si lauantaina toteutetut iskut, kertoo BBC. 10.1. 23:23 Yhdysvallat ja sen liittolaiset ovat tehneet laajamittaisia&hellip;\n","protected":false},"author":2,"featured_media":1024,"comment_status":"","ping_status":"","sticky":false,"template":"","format":"standard","meta":{"footnotes":""},"categories":[5],"tags":[22,23,26,27,33,31,30,17,34,24,25,28,29,15,18,21,32,19,20,16],"class_list":{"0":"post-139141","1":"post","2":"type-post","3":"status-publish","4":"format-standard","5":"has-post-thumbnail","7":"category-otsikot","8":"tag-breaking-news","9":"tag-breakingnews","10":"tag-featured-news","11":"tag-featurednews","12":"tag-fi","13":"tag-finland","14":"tag-finnish","15":"tag-headlines","16":"tag-ilta-sanomat","17":"tag-latest-news","18":"tag-latestnews","19":"tag-main-news","20":"tag-mainnews","21":"tag-news","22":"tag-otsikot","23":"tag-paauutiset","24":"tag-suomi","25":"tag-top-stories","26":"tag-topstories","27":"tag-uutiset"},"share_on_mastodon":{"url":"https:\/\/pubeurope.com\/@fi\/115874145437601969","error":""},"_links":{"self":[{"href":"https:\/\/www.europesays.com\/fi\/wp-json\/wp\/v2\/posts\/139141","targetHints":{"allow":["GET"]}}],"collection":[{"href":"https:\/\/www.europesays.com\/fi\/wp-json\/wp\/v2\/posts"}],"about":[{"href":"https:\/\/www.europesays.com\/fi\/wp-json\/wp\/v2\/types\/post"}],"author":[{"embeddable":true,"href":"https:\/\/www.europesays.com\/fi\/wp-json\/wp\/v2\/users\/2"}],"replies":[{"embeddable":true,"href":"https:\/\/www.europesays.com\/fi\/wp-json\/wp\/v2\/comments?post=139141"}],"version-history":[{"count":0,"href":"https:\/\/www.europesays.com\/fi\/wp-json\/wp\/v2\/posts\/139141\/revisions"}],"wp:featuredmedia":[{"embeddable":true,"href":"https:\/\/www.europesays.com\/fi\/wp-json\/wp\/v2\/media\/1024"}],"wp:attachment":[{"href":"https:\/\/www.europesays.com\/fi\/wp-json\/wp\/v2\/media?parent=139141"}],"wp:term":[{"taxonomy":"category","embeddable":true,"href":"https:\/\/www.europesays.com\/fi\/wp-json\/wp\/v2\/categories?post=139141"},{"taxonomy":"post_tag","embeddable":true,"href":"https:\/\/www.europesays.com\/fi\/wp-json\/wp\/v2\/tags?post=139141"}],"curies":[{"name":"wp","href":"https:\/\/api.w.org\/{rel}","templated":true}]}}