{"id":139142,"date":"2026-01-11T02:49:17","date_gmt":"2026-01-11T02:49:17","guid":{"rendered":"https:\/\/www.europesays.com\/fi\/139142\/"},"modified":"2026-01-11T02:49:17","modified_gmt":"2026-01-11T02:49:17","slug":"juhlavuottaan-viettava-charles-plogman-raskas-peruutuspaatos","status":"publish","type":"post","link":"https:\/\/www.europesays.com\/fi\/139142\/","title":{"rendered":"Juhlavuottaan viett\u00e4v\u00e4 Charles Plogman: raskas peruutusp\u00e4\u00e4t\u00f6s"},"content":{"rendered":"<p class=\"has-drop-cap\"><strong><a href=\"https:\/\/www.tanssiin.fi\/tag\/charles-plogman\/\" title=\"charles plogman\" rel=\"nofollow noopener\" target=\"_blank\">Charles Plogman<\/a><\/strong> t\u00e4ytt\u00e4\u00e4\u00a060 vuotta maaliskuussa 2026. Tarkka p\u00e4iv\u00e4 on 8.3.<\/p>\n<p>Iskelm\u00e4-Finlandialla palkittu\u00a0ja Vuoden miesartistiksikin valittu pitk\u00e4n uran tehnyt artisti halusi juhlistaa syntym\u00e4p\u00e4iv\u00e4\u00e4ns\u00e4 monin tavoin. Juhlan keski\u00f6ss\u00e4 on\u00a0Nimeni on Plogman\u00a0-el\u00e4m\u00e4nkertakirja, joka julkaistiin syyskuussa 2025.\u00a0<\/p>\n<p>Tanssiin.fi uutisoi kirjasta tuoreeltaan ja nosti esiin, kuinka Charles kertoi avoimesti el\u00e4m\u00e4ns\u00e4 kipukohdista. Laulaja muun muassa avasi, kuinka h\u00e4nen is\u00e4ns\u00e4 menehtyi syd\u00e4nkohtaukseen kesken tv:n m\u00e4kihyppykisan.<\/p>\n<p>\u201dIs\u00e4n kuollessa olin jo yli nelj\u00e4nkymmenen ja tajusin, ettei ihminen voi pysy\u00e4 ikuisesti nuorena ja terveen\u00e4, varsinkaan jos ei pid\u00e4 huolta itsest\u00e4\u00e4n\u201d, Charles muisteli.<\/p>\n<p>Ja kun \u00e4iti sitten kuoli kolmen vuoden kuluttua, laulaja havahtui el\u00e4m\u00e4nmuutokseen ja raitistui.<\/p>\n<p>\u201dAloin pohtia, miten haluan viett\u00e4\u00e4 j\u00e4ljell\u00e4 olevat elinvuoteni ja miten voisin itse vaikuttaa terveyteeni. Kolme vuotta ennen viisikymppisi\u00e4ni rupesin miettim\u00e4\u00e4n, mit\u00e4 s\u00f6in, join ja miten paljon liikuin.\u201d<\/p>\n<p><strong>Lue my\u00f6s:<\/strong> <a href=\"https:\/\/www.tanssiin.fi\/kirja-vanhempien-kuolemat-pakottivat-elamanmuutokseen-nain-charles-plogman-paihitti-alkoholismin\/\" title=\"Kirja: Vanhempien kuolemat pakottivat el\u00e4m\u00e4nmuutokseen \u2013 n\u00e4in Charles Plogman p\u00e4ihitti alkoholismin\" rel=\"nofollow noopener\" target=\"_blank\">Kirja: Vanhempien kuolemat pakottivat el\u00e4m\u00e4nmuutokseen \u2013 n\u00e4in Charles Plogman p\u00e4ihitti alkoholismin<\/a><\/p>\n<p>Charles pit\u00e4\u00e4 vain yhden 60-vuotisjuhlakonsertin<\/p>\n<p>Kirja julkaistiin, mutta konserttikiertue koki ik\u00e4v\u00e4n kohtalon.<\/p>\n<p>Charlesin oli nimitt\u00e4in <a href=\"https:\/\/www.tanssiin.fi\/charles-plogman-aloittaa-60-vuotisjuhlat-etukateen-luvassa-kirja-ja-elaman-ensimmainen-konserttikiertue\/\" title=\"Charles Plogman aloittaa 60-vuotisjuhlat etuk\u00e4teen: luvassa kirja ja el\u00e4m\u00e4n ensimm\u00e4inen konserttikiertue\" rel=\"nofollow noopener\" target=\"_blank\">tarkoitus<\/a> pit\u00e4\u00e4 juhlakonsertteja ja l\u00e4hte\u00e4 merkkip\u00e4iv\u00e4ns\u00e4 kunniaksi el\u00e4m\u00e4ns\u00e4 ensimm\u00e4iselle konserttikiertueelle kev\u00e4\u00e4ll\u00e4 2026.<\/p>\n<p>Sek\u00e4 suomen- ett\u00e4 ruotsinkielell\u00e4 pidett\u00e4viss\u00e4 Yht\u00e4 juhlaa -konserteissa oli ajatuksena tarjota l\u00e4pileikkaus Charlesin koko tuotannosta ja tietenkin kuulla my\u00f6s iskelm\u00e4t\u00e4hden suosituimmat kappaleet vuosien varrelta.<\/p>\n<p>Nyt Charles joutui ilmoittamaan ik\u00e4v\u00e4n tiedon.<\/p>\n<p>\u201dNyt oli p\u00e4\u00e4t\u00f6ksen aika. Konserttiliput ovat olleet myynniss\u00e4 jo 10 kk, ja ennakkomyynti on ollut odotettua heikompaa\u201d, laulaja kertoi torstaina 8. tammikuuta.<\/p>\n<p>Heikon lipunmyynnin takia Plogman on perunut kaikki maaliskuun juhlakonserttinsa yht\u00e4 lukuunottamatta. Perutut olivat Raisio, Vantaa, Sein\u00e4joki ja Kokkola.<\/p>\n<p>Charles pit\u00e4\u00e4 kuitenkin yhden 60-vuotisjuhlakonsertin Kangasala-talossa 13. maaliskuuta, miss\u00e4 h\u00e4nen kanssaan lavalla on my\u00f6s Kuiskaus-yhtye. Lippuja voi ostaa <a href=\"https:\/\/www.lippu.fi\/event\/yhta-juhlaa-charles-plogman-60-vuotisjuhlakonsertti-kangasala-talo-19975857\/\" title=\"\" rel=\"nofollow noopener\" target=\"_blank\">t\u00e4st\u00e4<\/a>.<\/p>\n<p>\u201dTampereen seutu on minulle yksi t\u00e4rkeist\u00e4 paikoista, ja sielt\u00e4 on vuosien varrelta lukuisia hienoja keikkamuistoja. Paljon tuttuja ja kuulijoitani, joista toivon, ett\u00e4 he ja tietenkin ymp\u00e4ri Suomea kaikki saapuvat kanssani julistamaan suurta hetke\u00e4.\u201d<\/p>\n<p><strong>Lue my\u00f6s: <\/strong><a href=\"https:\/\/www.tanssiin.fi\/yllatys-charles-plogman-ja-kati-narvanmaan-lyovat-hynttyyt-yhteen\/\" title=\"Yll\u00e4tys: Charles Plogman ja Kati Narvanmaa ly\u00f6v\u00e4t hynttyyt yhteen\" rel=\"nofollow noopener\" target=\"_blank\">Yll\u00e4tys: Charles Plogman ja Kati Narvanmaa ly\u00f6v\u00e4t hynttyyt yhteen<\/a><\/p>\n<p><strong>Kuuntele<\/strong> Charles Plogman Kaksi puolta 2026:<\/p>\n<p>Charlesin koko juhlalevy julki<\/p>\n<p>Charles kiitt\u00e4\u00e4 kaikkia lipunostajia.<\/p>\n<p>&#8221;Konserttilippuja voi edelleen ostaa Kangasala-taloon. Konserteista, jotka eiv\u00e4t toteudu (Raisio, Vantaa, Sein\u00e4joki ja Kokkola) maksetaan rahat takaisin lippu.fi:n toimesta. Teihin ollaan yhteyksiss\u00e4. Kest\u00e4\u00e4 hetken ja netiss\u00e4 saattaa olla erilaista infoa liikkeell\u00e4 viel\u00e4&#8221;, Charles tiedottaa.<\/p>\n<p>&#8221;Aina ei mee kuten Str\u00f6ms\u00f6ss\u00e4. Juhlavuosi kuitenkin alkaa nyt!&#8221;<\/p>\n<p>Charles Plogman tanssittaa perjantaina 9. tammikuuta <a href=\"https:\/\/www.tanssiin.fi\/tanssilavat\/harman-kuntokeskus\/\" title=\"H\u00e4rm\u00e4n kylpyl\u00e4\" rel=\"nofollow noopener\" target=\"_blank\">H\u00e4rm\u00e4n<\/a> kylpyl\u00e4ss\u00e4.<\/p>\n<p>Plogman on tasaisesti julkaissut uransa aikana musiikkia. Uusi pitk\u00e4soittoalbumi nimelt\u00e4\u00e4n\u00a0Haasta mut\u00a0julkaistiin syksyll\u00e4 2025, ja se ilmestyi juuri suoratoistopalveluissa kokonaisuutena. Levyn kaikki s\u00e4vellykset ovat Charles Plogmanin omia.\u00a0\u00a0Nyt julkaistulta levylt\u00e4 l\u00f6ytyy 3 ennenjulkaisematonta kappaletta:\u00a0Kosketus tuntuu, Kaksi puolta\u00a0ja\u00a0Alku ilman loppuu. My\u00f6s CD-levy on saatavilla artistin keikoilla.<\/p>\n<p>Viime aikoina Charlesia on kuultu my\u00f6s\u00a0juontajana Radio Vaasan radioaalloilla.<\/p>\n<p>Katso Charles Plogmanin keikat ja konsertit <a href=\"https:\/\/www.tanssiin.fi\/artistit\/miestahdet\/charles-plogman\/\" title=\"Charles Plogman\" rel=\"nofollow noopener\" target=\"_blank\">t\u00e4st\u00e4<\/a>.<\/p>\n<p>Kirjoittanut:<br \/>\n<img decoding=\"async\" class=\"aioseo-author-image\" src=\"https:\/\/www.europesays.com\/fi\/wp-content\/uploads\/2025\/10\/cropped-tanssiin-logo.jpg\" alt=\"author avatar\"\/><\/p>\n<p>Tanssiin.fi<\/p>\n<p>\nTanssi- ja iskelm\u00e4musiikin uutiset asiantuntevasti.<\/p>\n<p><img decoding=\"async\" class=\"aioseo-author-bio-compact-image\" src=\"https:\/\/www.europesays.com\/fi\/wp-content\/uploads\/2025\/10\/cropped-tanssiin-logo.jpg\" alt=\"author avatar\"\/><br \/>\nTanssi- ja iskelm\u00e4musiikin uutiset asiantuntevasti.<\/p>\n<p>0%<br \/>\nIhana<\/p>\n<p>0%<br \/>\nHauska<\/p>\n<p>25%<br \/>\nVau<\/p>\n<p>75%<br \/>\nSurullinen<\/p>\n<p>0%<br \/>\nVihainen\n<\/p>\n<p>Post navigation<\/p>\n","protected":false},"excerpt":{"rendered":"Charles Plogman t\u00e4ytt\u00e4\u00e4\u00a060 vuotta maaliskuussa 2026. Tarkka p\u00e4iv\u00e4 on 8.3. Iskelm\u00e4-Finlandialla palkittu\u00a0ja Vuoden miesartistiksikin valittu pitk\u00e4n uran tehnyt&hellip;\n","protected":false},"author":2,"featured_media":139143,"comment_status":"","ping_status":"","sticky":false,"template":"","format":"standard","meta":{"footnotes":""},"categories":[136],"tags":[21174,14618,407,9194,137,33,31,30,13576,3830,408,8972,17233,5207,21919,32,4049,16,109],"class_list":{"0":"post-139142","1":"post","2":"type-post","3":"status-publish","4":"format-standard","5":"has-post-thumbnail","7":"category-julkkikset","8":"tag-60-vuotta","9":"tag-albumi","10":"tag-celebrities","11":"tag-charles-plogman","12":"tag-entertainment","13":"tag-fi","14":"tag-finland","15":"tag-finnish","16":"tag-juhlakiertue","17":"tag-juhlakonsertti","18":"tag-julkkikset","19":"tag-keikat","20":"tag-keikat-ja-kiertueet","21":"tag-kiertue","22":"tag-peruutus","23":"tag-suomi","24":"tag-tanssitahdet","25":"tag-uutiset","26":"tag-viihde"},"share_on_mastodon":{"url":"https:\/\/pubeurope.com\/@fi\/115874192599701449","error":""},"_links":{"self":[{"href":"https:\/\/www.europesays.com\/fi\/wp-json\/wp\/v2\/posts\/139142","targetHints":{"allow":["GET"]}}],"collection":[{"href":"https:\/\/www.europesays.com\/fi\/wp-json\/wp\/v2\/posts"}],"about":[{"href":"https:\/\/www.europesays.com\/fi\/wp-json\/wp\/v2\/types\/post"}],"author":[{"embeddable":true,"href":"https:\/\/www.europesays.com\/fi\/wp-json\/wp\/v2\/users\/2"}],"replies":[{"embeddable":true,"href":"https:\/\/www.europesays.com\/fi\/wp-json\/wp\/v2\/comments?post=139142"}],"version-history":[{"count":0,"href":"https:\/\/www.europesays.com\/fi\/wp-json\/wp\/v2\/posts\/139142\/revisions"}],"wp:featuredmedia":[{"embeddable":true,"href":"https:\/\/www.europesays.com\/fi\/wp-json\/wp\/v2\/media\/139143"}],"wp:attachment":[{"href":"https:\/\/www.europesays.com\/fi\/wp-json\/wp\/v2\/media?parent=139142"}],"wp:term":[{"taxonomy":"category","embeddable":true,"href":"https:\/\/www.europesays.com\/fi\/wp-json\/wp\/v2\/categories?post=139142"},{"taxonomy":"post_tag","embeddable":true,"href":"https:\/\/www.europesays.com\/fi\/wp-json\/wp\/v2\/tags?post=139142"}],"curies":[{"name":"wp","href":"https:\/\/api.w.org\/{rel}","templated":true}]}}