{"id":139144,"date":"2026-01-11T02:56:09","date_gmt":"2026-01-11T02:56:09","guid":{"rendered":"https:\/\/www.europesays.com\/fi\/139144\/"},"modified":"2026-01-11T02:56:09","modified_gmt":"2026-01-11T02:56:09","slug":"kiva-etta-pelit-alkavat-nopeasti-harjoituskentalla-palanneen-hjkn-kauden-avaus-jo-ensi-viikolla-uutiset","status":"publish","type":"post","link":"https:\/\/www.europesays.com\/fi\/139144\/","title":{"rendered":"&#8221;Kiva ett\u00e4 pelit alkavat nopeasti&#8221; &#8211; harjoituskent\u00e4ll\u00e4 palanneen HJK:n kauden avaus jo ensi viikolla | Uutiset"},"content":{"rendered":"<p>Treenikent\u00e4lle kokoontui niin uusia tuttavuuksia kuin vanhoja tuttuja. Muun muassa ennen vuodenvaihetta Klubiin siirtynyt Alfie Cicale oli ensimm\u00e4ist\u00e4 kertaa harjoituksissa mukana muun joukkueen kanssa, ja viime kaudella lainalla toisaalla pelanneet Roni Hudd, Matias Ritari ja Eemil Toivonen olivat j\u00e4lleen joukkueen harjoitusringiss\u00e4 mukana.<\/p>\n<p>Talven ensimm\u00e4isiss\u00e4 treeneiss\u00e4 mukana olivat my\u00f6s entuudestaan Klubi 04:st\u00e4 tutut Marlo Hyv\u00f6nen, Mitja Haapanen, Stanislav Baranov ja Ville Vuorinen. Lis\u00e4ksi loppuvuodesta edustusjoukkueeseen sopimukset tehneet nuoriso-osaston kolmikko Toivo Mero, Antton Nylund ja Emil Leve\u00e4lahti olivat heti ty\u00f6n touhussa.<\/p>\n<p>Konkarien kaartiin lukeutuva maalivahti Jesse \u00d6st kertoo noin kuukauden loman tehneen teht\u00e4v\u00e4ns\u00e4, ja sen aikana akut on saatu ladattua t\u00e4yteen uutta kautta varten.<\/p>\n<p>\u2013 Oli hauska n\u00e4hd\u00e4 kaikkia kavereita ja uusia kasvoja. Uskon, ett\u00e4 meill\u00e4 on kaikilla n\u00e4ytett\u00e4v\u00e4\u00e4. Paljon intoa l\u00f6ytyy, toivotaan, ett\u00e4 t\u00e4n\u00e4 vuonna olisi parempi vuosi kuin mit\u00e4 viime kausi oli, \u00d6st sanoo.<\/p>\n<p>Vuoden ensimm\u00e4inen matsip\u00e4iv\u00e4 kolkuttelee jo nurkan takana. HJK aloittaa Liigacupin ensi viikon perjantaina 16. tammikuuta IFK Mariehamnia vastaan Talin hallissa.<\/p>\n<p>\u2013 Kiva, ett\u00e4 pelit alkavat nopeasti. Sit\u00e4 varten harjoittelemme, ett\u00e4 olemme valmiita peleiss\u00e4. <\/p>\n<p>&#8211; Selv\u00e4\u00e4 on, ett\u00e4 kovin montaa yhteist\u00e4 tapahtumaa meill\u00e4 ei ennen ensimm\u00e4ist\u00e4 peli\u00e4 ole, mutta t\u00e4rkeint\u00e4 on, ett\u00e4 saamme joukkuetason periaatteita ja yksil\u00f6tason k\u00e4ytt\u00e4ytymist\u00e4 heti ekasta p\u00e4iv\u00e4st\u00e4 ajettua sis\u00e4\u00e4n treenikent\u00e4ll\u00e4 niin, ett\u00e4 ne n\u00e4kyv\u00e4t my\u00f6s pelikent\u00e4ll\u00e4 ensimm\u00e4isist\u00e4 peleist\u00e4 alkaen, Rantanen sanoo.<\/p>\n<p>Kaikki kauden 2026 Liigacupin ottelut suoranan l\u00e4hetyksen\u00e4 <a href=\"https:\/\/www.ruutu.fi\/ohjelmat\/liigacup\" target=\"_blank\" rel=\"nofollow noopener\"><strong>Ruudusta<\/strong><\/a>.<\/p>\n","protected":false},"excerpt":{"rendered":"Treenikent\u00e4lle kokoontui niin uusia tuttavuuksia kuin vanhoja tuttuja. Muun muassa ennen vuodenvaihetta Klubiin siirtynyt Alfie Cicale oli ensimm\u00e4ist\u00e4&hellip;\n","protected":false},"author":2,"featured_media":139145,"comment_status":"","ping_status":"","sticky":false,"template":"","format":"standard","meta":{"footnotes":""},"categories":[158],"tags":[33,31,30,159,32,160],"class_list":{"0":"post-139144","1":"post","2":"type-post","3":"status-publish","4":"format-standard","5":"has-post-thumbnail","7":"category-urheilu","8":"tag-fi","9":"tag-finland","10":"tag-finnish","11":"tag-sports","12":"tag-suomi","13":"tag-urheilu"},"share_on_mastodon":{"url":"https:\/\/pubeurope.com\/@fi\/115874220245689036","error":""},"_links":{"self":[{"href":"https:\/\/www.europesays.com\/fi\/wp-json\/wp\/v2\/posts\/139144","targetHints":{"allow":["GET"]}}],"collection":[{"href":"https:\/\/www.europesays.com\/fi\/wp-json\/wp\/v2\/posts"}],"about":[{"href":"https:\/\/www.europesays.com\/fi\/wp-json\/wp\/v2\/types\/post"}],"author":[{"embeddable":true,"href":"https:\/\/www.europesays.com\/fi\/wp-json\/wp\/v2\/users\/2"}],"replies":[{"embeddable":true,"href":"https:\/\/www.europesays.com\/fi\/wp-json\/wp\/v2\/comments?post=139144"}],"version-history":[{"count":0,"href":"https:\/\/www.europesays.com\/fi\/wp-json\/wp\/v2\/posts\/139144\/revisions"}],"wp:featuredmedia":[{"embeddable":true,"href":"https:\/\/www.europesays.com\/fi\/wp-json\/wp\/v2\/media\/139145"}],"wp:attachment":[{"href":"https:\/\/www.europesays.com\/fi\/wp-json\/wp\/v2\/media?parent=139144"}],"wp:term":[{"taxonomy":"category","embeddable":true,"href":"https:\/\/www.europesays.com\/fi\/wp-json\/wp\/v2\/categories?post=139144"},{"taxonomy":"post_tag","embeddable":true,"href":"https:\/\/www.europesays.com\/fi\/wp-json\/wp\/v2\/tags?post=139144"}],"curies":[{"name":"wp","href":"https:\/\/api.w.org\/{rel}","templated":true}]}}