{"id":139146,"date":"2026-01-11T02:57:14","date_gmt":"2026-01-11T02:57:14","guid":{"rendered":"https:\/\/www.europesays.com\/fi\/139146\/"},"modified":"2026-01-11T02:57:14","modified_gmt":"2026-01-11T02:57:14","slug":"miss-suomi-tara-lehtonen-paljastaa-skandaalin-jalkeen-ikavia-viesteja","status":"publish","type":"post","link":"https:\/\/www.europesays.com\/fi\/139146\/","title":{"rendered":"Miss Suomi Tara Lehtonen paljastaa: Skandaalin j\u00e4lkeen ik\u00e4vi\u00e4 viestej\u00e4"},"content":{"rendered":"<p>            ATTE KAJOVA\n        <\/p>\n<p class=\"subtitle \">Skandaalin seurauksena Sarah Dzafce menetti kruununsa, joka siirtyi Taralle. Nyt uusi Miss Suomi kertoo, mit\u00e4 ajattelee koko jupakasta.<\/p>\n<p class=\"article-content article-content-width !bg-background\">, 23, kruunattiin Miss Suomeksi skandaalin saattelemana kuukausi sitten.\u00a0<\/p>\n<p class=\"font-weight-bold m-font-weight-bold article-content article-content-width !bg-background\">Video: Tara kertoo karun paljastuksen.<\/p>\n<p class=\"article-content article-content-width !bg-background\"> menetti kruununsa kohun seurauksena ja ensimm\u00e4inen perint\u00f6prinsessa sai tittelin.<\/p>\n<p class=\"article-content article-content-width !bg-background\">\u2013 On ollut vaikeaa omaksua t\u00e4m\u00e4 tilanne, kun titteli vain siirtyi yht\u00e4kki\u00e4 minulle. Siihen on mennyt aikaa, ett\u00e4 on tottunut esimerkiksi julkaisemaan postauksia someen Miss Suomena tai kantamaan nauhaa, Tara kertoo nyt Seiskalle.<\/p>\n<p class=\"article-content article-content-width !bg-background\">Kruunauksensa j\u00e4lkeen Tara sai ik\u00e4vi\u00e4 viestej\u00e4 netiss\u00e4, mutta kasvotusten h\u00e4nt\u00e4 ei ole tultu arvostelemaan.<\/p>\n<p class=\"article-content article-content-width !bg-background\">\u2013 Onneksi niin. Mutta kyll\u00e4 ne kommentit tuntuivat pahalta, ja minulle esimerkiksi sanottiin, etten ansaitse titteli\u00e4.<\/p>\n<p>                <img decoding=\"async\" src=\"https:\/\/www.europesays.com\/fi\/wp-content\/uploads\/2026\/01\/2039653.webp.jpeg\" width=\"576\" height=\"720\" alt=\"Tara ty\u00f6skentelee helsinkil\u00e4ishotellin myyntip\u00e4\u00e4llikk\u00f6n\u00e4 ja t\u00f6iden ohella h\u00e4n opiskelee tradenomiksi.\" loading=\"lazy\" \/>            <\/p>\n<p>\n            Tara ty\u00f6skentelee helsinkil\u00e4ishotellin myyntip\u00e4\u00e4llikk\u00f6n\u00e4 ja t\u00f6iden ohella h\u00e4n opiskelee tradenomiksi.<br \/>\n            ATTE KAJOVA\n        <\/p>\n<p>        <a itemprop=\"url\" href=\"https:\/\/www.seiska.fi\/vain-seiskassa\/nyt-puhuu-kruununsa-menettanyt-sarah-dzafce-valehtelisin-jos-vaittaisin\/2031445\" rel=\"nofollow noopener\" target=\"_blank\"><\/p>\n<p>\nNyt puhuu kruununsa menett\u00e4nyt Sarah Dzafce:\n<\/p>\n<p class=\"section-date\">\n        <strong class=\"article-section\" data-section=\"vain seiskassa\"><br \/>\n            vain seiskassa<br \/>\n        <\/strong><br \/>\n        27.12.2025 15:00\n    <\/p>\n<p>Nyt puhuu kruununsa menett\u00e4nyt Sarah Dzafce: &#8221;Valehtelisin, jos v\u00e4itt\u00e4isin&#8230;&#8221;\n    <\/p>\n<p itemprop=\"description\" class=\"subtitle \">\n    &#8221;Kulta ei muutu hopeaksi, eik\u00e4 hopea kullaksi&#8221;, toteaa kruununsa menett\u00e4nyt Sarah Dzafce.\n<\/p>\n<p>        <\/a><\/p>\n<p>Pit\u00e4\u00e4 kiinni arvoistaan<\/p>\n<p class=\"article-content article-content-width !bg-background\">Tara kokee tittelist\u00e4\u00e4n suurta vastuuta. H\u00e4n haluaa noudattaa kaikissa ty\u00f6projekteissa omia arvojaan.<\/p>\n<p class=\"article-content article-content-width !bg-background\">\u2013\tTeen vain sellaisia yhteist\u00f6it\u00e4, joiden takana voin seist\u00e4.<\/p>\n<p class=\"article-content article-content-width !bg-background\">T\u00e4h\u00e4n menness\u00e4 h\u00e4n on joutunut kielt\u00e4ytym\u00e4\u00e4n vain yhdest\u00e4 tarjouksesta, jonka l\u00e4hetti ultrapikamuotiyritys. Vaikka diili olisi ollut verrattain rahakas, ei se olisi Tarasta ollut sen arvoista.<\/p>\n<p class=\"article-content article-content-width !bg-background\">\u2013\tKyll\u00e4 veikkaan, ett\u00e4 se olisi saanut aika pahan reaktion aikaan, jos olisin sen hyv\u00e4ksynyt. Enk\u00e4 olisi muutenkaan ottanut tarjousta vastaan, vaikken olisi Miss Suomi.<\/p>\n<p>                <img decoding=\"async\" src=\"https:\/\/www.europesays.com\/fi\/wp-content\/uploads\/2026\/01\/2039650.webp.jpeg\" width=\"576\" height=\"322\" alt=\"Kruunu siirtyi joulukuussa Sarahilta (oikealla kuvassa) Taralle rasismikohun seurauksena.\" loading=\"lazy\" \/>            <\/p>\n<p>\n            Kruunu siirtyi joulukuussa Sarahilta (oikealla kuvassa) Taralle rasismikohun seurauksena.<br \/>\n            Ninni Varsila\n        <\/p>\n<p>        <a itemprop=\"url\" href=\"https:\/\/www.seiska.fi\/kotimaa\/uusi-miss-suomi-avautuu-vihdoin-pois\/2024095\" rel=\"nofollow noopener\" target=\"_blank\"><\/p>\n<p>\nTara Lehtonen\n<\/p>\n<p class=\"section-date\">\n        <strong class=\"article-section\" data-section=\"kotimaa\"><br \/>\n            kotimaa<br \/>\n        <\/strong><br \/>\n        16.12.2025 17:55\n    <\/p>\n<p>Uusi Miss Suomi avautuu: &#8221;Vihdoin pois&#8221;\n    <\/p>\n<p itemprop=\"description\" class=\"subtitle \">\n    Tara Lehtonen julkaisi t\u00e4n\u00e4\u00e4n kaksi paljastavaa Instagram-tarinaa.\n<\/p>\n<p>        <\/a><\/p>\n<p>Kumppani pysyy piilossa<\/p>\n<p class=\"article-content article-content-width !bg-background\">Tara on aiemmin paljastanut Seiskalle olevansa parisuhteessa. Paljoakaan enemp\u00e4\u00e4n h\u00e4n ei aiheesta kerro, sill\u00e4 h\u00e4n on tehnyt p\u00e4\u00e4t\u00f6ksen pit\u00e4\u00e4 kumppaninsa pois julkisuudesta kokonaan.<\/p>\n<p class=\"article-content article-content-width !bg-background\">\u2013 Suhde on kest\u00e4nyt vajaan vuoden, Tara paljastaa.<\/p>\n<p class=\"article-content article-content-width !bg-background\">Yksityisyys on ollut Taralle t\u00e4rke\u00e4\u00e4 julkisen uran alusta saakka.<\/p>\n<p class=\"article-content article-content-width !bg-background\">\u2013 Min\u00e4 olen itse valinnut julkisuuden, mutta l\u00e4heiseni eiv\u00e4t. Siksi en n\u00e4yt\u00e4 esimerkiksi vanhempiani tai kumppaniani l\u00e4hes lainkaan somessa.<\/p>\n<p>        <a itemprop=\"url\" href=\"https:\/\/www.seiska.fi\/vain-seiskassa\/tuore-miss-suomi-tara-lehtonen-suhdepaljastus\/2020918\" rel=\"nofollow noopener\" target=\"_blank\"><\/p>\n<p>\nTara Lehtonen\n<\/p>\n<p class=\"section-date\">\n        <strong class=\"article-section\" data-section=\"vain seiskassa\"><br \/>\n            vain seiskassa<br \/>\n        <\/strong><br \/>\n        14.12.2025 07:00\n    <\/p>\n<p>Tuore Miss Suomi Tara Lehtonen: Suhdepaljastus!\n    <\/p>\n<p itemprop=\"description\" class=\"subtitle \">\n    Yritt\u00e4j\u00e4n\u00e4 ty\u00f6skentelev\u00e4 Tara opiskelee my\u00f6s ammattikorkeakoulussa.\n<\/p>\n<p>        <\/a><\/p>\n<p>                <img decoding=\"async\" src=\"https:\/\/www.europesays.com\/fi\/wp-content\/uploads\/2026\/01\/2039670.webp.jpeg\" width=\"576\" height=\"720\" alt=\"Tara haki Rauman Pitsimissi-kisaan vuonna 2022 ja voitti sen. Misseys oli h\u00e4nen haaveissaan jo lapsena. Nyt h\u00e4n on Miss Suomi.\" loading=\"lazy\" \/>            <\/p>\n<p>\n            Tara haki Rauman Pitsimissi-kisaan vuonna 2022 ja voitti sen. Misseys oli h\u00e4nen haaveissaan jo lapsena. Nyt h\u00e4n on Miss Suomi.<br \/>\n            ATTE KAJOVA\n        <\/p>\n","protected":false},"excerpt":{"rendered":"ATTE KAJOVA Skandaalin seurauksena Sarah Dzafce menetti kruununsa, joka siirtyi Taralle. Nyt uusi Miss Suomi kertoo, mit\u00e4 ajattelee&hellip;\n","protected":false},"author":2,"featured_media":139147,"comment_status":"","ping_status":"","sticky":false,"template":"","format":"standard","meta":{"footnotes":""},"categories":[130],"tags":[137,33,31,30,3458,11698,10787,651,32,21232,109],"class_list":{"0":"post-139146","1":"post","2":"type-post","3":"status-publish","4":"format-standard","5":"has-post-thumbnail","7":"category-viihde","8":"tag-entertainment","9":"tag-fi","10":"tag-finland","11":"tag-finnish","12":"tag-miss-suomi","13":"tag-sarah-dzafce","14":"tag-skandaali","15":"tag-suhteet","16":"tag-suomi","17":"tag-tara-lehtonen","18":"tag-viihde"},"share_on_mastodon":{"url":"https:\/\/pubeurope.com\/@fi\/115874224110401716","error":""},"_links":{"self":[{"href":"https:\/\/www.europesays.com\/fi\/wp-json\/wp\/v2\/posts\/139146","targetHints":{"allow":["GET"]}}],"collection":[{"href":"https:\/\/www.europesays.com\/fi\/wp-json\/wp\/v2\/posts"}],"about":[{"href":"https:\/\/www.europesays.com\/fi\/wp-json\/wp\/v2\/types\/post"}],"author":[{"embeddable":true,"href":"https:\/\/www.europesays.com\/fi\/wp-json\/wp\/v2\/users\/2"}],"replies":[{"embeddable":true,"href":"https:\/\/www.europesays.com\/fi\/wp-json\/wp\/v2\/comments?post=139146"}],"version-history":[{"count":0,"href":"https:\/\/www.europesays.com\/fi\/wp-json\/wp\/v2\/posts\/139146\/revisions"}],"wp:featuredmedia":[{"embeddable":true,"href":"https:\/\/www.europesays.com\/fi\/wp-json\/wp\/v2\/media\/139147"}],"wp:attachment":[{"href":"https:\/\/www.europesays.com\/fi\/wp-json\/wp\/v2\/media?parent=139146"}],"wp:term":[{"taxonomy":"category","embeddable":true,"href":"https:\/\/www.europesays.com\/fi\/wp-json\/wp\/v2\/categories?post=139146"},{"taxonomy":"post_tag","embeddable":true,"href":"https:\/\/www.europesays.com\/fi\/wp-json\/wp\/v2\/tags?post=139146"}],"curies":[{"name":"wp","href":"https:\/\/api.w.org\/{rel}","templated":true}]}}