{"id":139150,"date":"2026-01-11T03:01:19","date_gmt":"2026-01-11T03:01:19","guid":{"rendered":"https:\/\/www.europesays.com\/fi\/139150\/"},"modified":"2026-01-11T03:01:19","modified_gmt":"2026-01-11T03:01:19","slug":"tassa-on-zelenskyin-uusi-sisapiiri-ulkomaat","status":"publish","type":"post","link":"https:\/\/www.europesays.com\/fi\/139150\/","title":{"rendered":"T\u00e4ss\u00e4 on Zelenskyin uusi sis\u00e4piiri | Ulkomaat"},"content":{"rendered":"<ul class=\"aw-1jjocuh iJTSwP yle__article__list yle__article__list--ul\">\n<li class=\"aw-1j7gwms gNYKfi\">Presidentti Zelenskyi uusii Ukrainan hallintoa silt\u00e4 varalta, ett\u00e4 sota ei p\u00e4\u00e4ty.<\/li>\n<li class=\"aw-1j7gwms gNYKfi\">Zelenskyi kierr\u00e4tt\u00e4\u00e4 vanhoja kasvoja uusissa teht\u00e4viss\u00e4.<\/li>\n<li class=\"aw-1j7gwms gNYKfi\">Keskeiseen kansliap\u00e4\u00e4llik\u00f6n teht\u00e4v\u00e4\u00e4n nousee sotilastiedustelun aiempi johtaja Kyrylo Budanov. H\u00e4nt\u00e4 pidet\u00e4\u00e4n Zelenskyin mahdollisena seuraajana.<\/li>\n<\/ul>\n<p class=\"aw-1gybjub aw-1p7kakr kEtdKx cEmitX yle__article__paragraph\">Uusi vuosi on puhaltanut uusia tuulia Ukrainan hallitukseen tai ainakin sekoittanut pakan uusiksi.<\/p>\n<p class=\"aw-1gybjub aw-1p7kakr kEtdKx cEmitX yle__article__paragraph\">Tammikuun alussa presidentti <strong class=\"aw-ak79eh KyCXm yle__article__strong\">Volodymyr<\/strong> <strong class=\"aw-ak79eh KyCXm yle__article__strong\">Zelenskyi<\/strong> <a class=\"aw-iao6s4 iHOxEa yle__article__link\" href=\"https:\/\/t.me\/V_Zelenskiy_official\/17531\" role=\"link\" rel=\"nofollow\">ilmoitti<\/a> \u201dhenkil\u00f6st\u00f6muutosten aallosta\u201d.<\/p>\n<p class=\"aw-1gybjub aw-1p7kakr kEtdKx cEmitX yle__article__paragraph\">Uusia voimia tarvitaan Zelenskyin mukaan silt\u00e4 varalta, ett\u00e4 ponnistelut sodan lopettamiseksi ep\u00e4onnistuvat ja Ukraina joutuu jatkamaan puolustustaisteluaan. Taustalla on my\u00f6s hallintoa ravistellut korruptioskandaali.<\/p>\n<p class=\"aw-1gybjub aw-1p7kakr kEtdKx cEmitX yle__article__paragraph\">P\u00e4\u00e4ministerin\u00e4 jatkaa ainakin toistaiseksi <strong class=\"aw-ak79eh KyCXm yle__article__strong\">Julija Svyrydenko<\/strong> ja neuvottelijoina <strong class=\"aw-ak79eh KyCXm yle__article__strong\">David<\/strong> <strong class=\"aw-ak79eh KyCXm yle__article__strong\">Arakhamia<\/strong> ja <strong class=\"aw-ak79eh KyCXm yle__article__strong\">Rustem<\/strong> <strong class=\"aw-ak79eh KyCXm yle__article__strong\">Umerov<\/strong>. Oikeusministerin pesti\u00e4 hoitaa v\u00e4liaikaisesti <strong class=\"aw-ak79eh KyCXm yle__article__strong\">Liudmyla<\/strong> <strong class=\"aw-ak79eh KyCXm yle__article__strong\">Suhak<\/strong>.<\/p>\n<p class=\"aw-1gybjub aw-1p7kakr kEtdKx cEmitX yle__article__paragraph\">Listasimme uudet avainhenkil\u00f6t Zelenskyin hallinnossa. Ne eiv\u00e4t ole viel\u00e4 varmoja, koska parlamentin on hyv\u00e4ksytt\u00e4v\u00e4 ehdotukset.<\/p>\n<p>Kyrylo Budanov, kansliap\u00e4\u00e4llikk\u00f6<\/p>\n<p><img decoding=\"async\" alt=\"Henkil\u00f6kuvassa Kyrylo Budanov.\" src=\"https:\/\/www.europesays.com\/fi\/wp-content\/uploads\/2026\/01\/39-15792036960f69c23ef9.jpeg\" loading=\"lazy\" class=\"aw-1l9m598 hKVVvP\"\/><\/p>\n<p>Avaa kuvien katselu<\/p>\n<p>Kyrylo Budanov Kuva: Ludovic Marin \/ AFP<\/p>\n<p class=\"aw-1gybjub aw-1p7kakr kEtdKx cEmitX yle__article__paragraph\">Zelenskyin uusi oikea k\u00e4si on <strong class=\"aw-ak79eh KyCXm yle__article__strong\">Kyrylo Budanov<\/strong>.<\/p>\n<p class=\"aw-1gybjub aw-1p7kakr kEtdKx cEmitX yle__article__paragraph\">Budanov on johtanut aiemmin Ukrainan sotilastiedustelua ja niitt\u00e4nyt mainetta useista onnistuneista operaatioista Ven\u00e4j\u00e4\u00e4 vastaan.<\/p>\n<p class=\"aw-1gybjub aw-1p7kakr kEtdKx cEmitX yle__article__paragraph\">H\u00e4nt\u00e4 pidet\u00e4\u00e4n Yhdysvalloille mieluisampana neuvottelukumppanina kuin edelt\u00e4j\u00e4\u00e4ns\u00e4. Budanov osallistuikin jo halukkaiden koalition kokoukseen Pariisissa.<\/p>\n<p class=\"aw-1gybjub aw-1p7kakr kEtdKx cEmitX yle__article__paragraph\">Budanovista on povattu Zelenskyin seuraajaa.<\/p>\n<p class=\"aw-1gybjub aw-1p7kakr kEtdKx cEmitX yle__article__paragraph\">J\u00e4\u00e4 n\u00e4ht\u00e4v\u00e4ksi, petaako Zelenskyi Budanoville presidentin paikkaa vai kohteleeko h\u00e4nt\u00e4 mahdollisena kilpakumppanina.<\/p>\n<p><img decoding=\"async\" alt=\"\" src=\"https:\/\/www.europesays.com\/fi\/wp-content\/uploads\/2026\/01\/13-12-1022-4-1220195-main.jpeg\" class=\"aw-1l9m598 hKVVvP\"\/><\/p>\n<p>Myhailo Fedorov, puolustusministeri<\/p>\n<p><img decoding=\"async\" alt=\"Henkil\u00f6kuvasas Mykhailo Fedorov.\" src=\"https:\/\/www.europesays.com\/fi\/wp-content\/uploads\/2026\/01\/39-15792066960f79695f7c.jpeg\" loading=\"lazy\" class=\"aw-1l9m598 hKVVvP\"\/><\/p>\n<p>Avaa kuvien katselu<\/p>\n<p>Myhailo Fedorov Kuva: Sergei Supinsky \/ AFP<\/p>\n<p class=\"aw-1gybjub aw-1p7kakr kEtdKx cEmitX yle__article__paragraph\"><strong class=\"aw-ak79eh KyCXm yle__article__strong\">Myhailo<\/strong> <strong class=\"aw-ak79eh KyCXm yle__article__strong\">Fedorov<\/strong> on Zelenskyin l\u00e4heinen liittolainen. H\u00e4n on toiminut digitaalisen muutoksen ministerin\u00e4 ja Ukrainan varap\u00e4\u00e4ministerin\u00e4.<\/p>\n<p class=\"aw-1gybjub aw-1p7kakr kEtdKx cEmitX yle__article__paragraph\">Fedorov johti Zelenskyin onnistunutta virtuaalista presidenttikampanjaa vuonna 2019.<\/p>\n<p class=\"aw-1gybjub aw-1p7kakr kEtdKx cEmitX yle__article__paragraph\">Fedorov on ainoa ministeri, joka on selvinnyt kaikista Zelenskyin hallituksen uudelleenj\u00e4rjestelyist\u00e4.<\/p>\n<p>Denys \u0160myhal, energiaministeri, varap\u00e4\u00e4ministeri<\/p>\n<p><img decoding=\"async\" alt=\"Ukrainan p\u00e4\u00e4ministeri Denys Shmyhal l\u00e4hikuvassa.\" src=\"https:\/\/www.europesays.com\/fi\/wp-content\/uploads\/2026\/01\/39-136581867124e269a8f6.jpeg\" loading=\"lazy\" class=\"aw-1l9m598 hKVVvP\"\/><\/p>\n<p>Avaa kuvien katselu<\/p>\n<p>Denys \u0160myhal Kuva: Silja Viitala \/ Yle<\/p>\n<p class=\"aw-1gybjub aw-1p7kakr kEtdKx cEmitX yle__article__paragraph\"><strong class=\"aw-ak79eh KyCXm yle__article__strong\">Denys<\/strong> <strong class=\"aw-ak79eh KyCXm yle__article__strong\">\u0160myhal<\/strong> toimi viisi vuotta Ukrainan p\u00e4\u00e4ministerin\u00e4 ennen siirtymist\u00e4\u00e4n puolustusministeriksi puoli vuotta sitten.<\/p>\n<p class=\"aw-1gybjub aw-1p7kakr kEtdKx cEmitX yle__article__paragraph\">\u0160myhal siirtyy nyt energiaministeriksi. Pesti ei ole ollut kovassa huudossa. Ukrainalla ei ole ollut energiaministeri\u00e4 yli kahteen kuukauteen energiasektoria koskevan <a class=\"aw-iao6s4 iHOxEa yle__article__link\" href=\"https:\/\/yle.fi\/a\/74-20194369\" role=\"link\" rel=\"nofollow noopener\" target=\"_blank\">korruptioskandaalin takia<\/a>.<\/p>\n<p class=\"aw-1gybjub aw-1p7kakr kEtdKx cEmitX yle__article__paragraph\">Zelenskyi haluaa \u0160myhalin my\u00f6s varap\u00e4\u00e4ministeriksi.<\/p>\n<p>Oleh Iva\u0161t\u0161enko, sotilastiedustelun p\u00e4\u00e4llikk\u00f6<\/p>\n<p><img decoding=\"async\" alt=\"Maastoasuun pukeutunut henkil\u00f6 istuu p\u00e4yd\u00e4n \u00e4\u00e4rell\u00e4.\" src=\"https:\/\/www.europesays.com\/fi\/wp-content\/uploads\/2026\/01\/39-15792246960fb97dcf28.jpeg\" loading=\"lazy\" class=\"aw-1l9m598 hKVVvP\"\/><\/p>\n<p>Avaa kuvien katselu<\/p>\n<p>Oleh Iva\u0161t\u0161enko Kuva: Valentyna Melnyk \/ Ukrainan ulkomaantiedustelu<\/p>\n<p class=\"aw-1gybjub aw-1p7kakr kEtdKx cEmitX yle__article__paragraph\"><strong class=\"aw-ak79eh KyCXm yle__article__strong\">Oleh<\/strong> <strong class=\"aw-ak79eh KyCXm yle__article__strong\">Iva\u0161t\u0161enko<\/strong> on toiminut viimeiset kymmenen kuukautta ulkomaantiedustelun p\u00e4\u00e4llikk\u00f6n\u00e4. Sit\u00e4 ennen h\u00e4n toimi yhdeks\u00e4n vuotta sotilastiedustelun varap\u00e4\u00e4llikk\u00f6n\u00e4.<\/p>\n<p class=\"aw-1gybjub aw-1p7kakr kEtdKx cEmitX yle__article__paragraph\">Nyt Iva\u0161t\u0161enko korvaa Kyrylo Budanovin Ukrainan sotilastiedustelun p\u00e4\u00e4llikk\u00f6n\u00e4.<\/p>\n<p>Jevhen Hmara, turvallisuuspalvelujen johtaja<\/p>\n<p><img decoding=\"async\" alt=\"Kaksi henkil\u00f6\u00e4 keskustelee p\u00e4yd\u00e4n \u00e4\u00e4rell\u00e4.\" src=\"https:\/\/www.europesays.com\/fi\/wp-content\/uploads\/2026\/01\/39-15792306960fd6eb691c.jpeg\" loading=\"lazy\" class=\"aw-1l9m598 hKVVvP\"\/><\/p>\n<p>Avaa kuvien katselu<\/p>\n<p>Jevhen Hmara Kuva: Ukrainan presidentin kanslia<\/p>\n<p class=\"aw-1gybjub aw-1p7kakr kEtdKx cEmitX yle__article__paragraph\"><strong class=\"aw-ak79eh KyCXm yle__article__strong\">Jevhen<\/strong> <strong class=\"aw-ak79eh KyCXm yle__article__strong\">Hmara<\/strong> on johtanut aiemmin turvallisuuspalvelujen Alfa-erikoisjoukkoja. Niit\u00e4 pidet\u00e4\u00e4n yhten\u00e4 Ukrainan armeijan tehokkaimmista yksik\u00f6ist\u00e4.<\/p>\n<p class=\"aw-1gybjub aw-1p7kakr kEtdKx cEmitX yle__article__paragraph\">Nyt h\u00e4n nousee koko turvallisuuspalvelujen johtajaksi.<\/p>\n<p class=\"aw-1gybjub aw-1p7kakr kEtdKx cEmitX yle__article__paragraph\">Teht\u00e4v\u00e4\u00e4 hoiti aiemmin <strong class=\"aw-ak79eh KyCXm yle__article__strong\">Vasyl<\/strong> <strong class=\"aw-ak79eh KyCXm yle__article__strong\">Maljuk<\/strong>, jonka korvaaminen on kirvoittanut my\u00f6s kritiikki\u00e4. Zelenskyin mukaan Maljuk keskittyy jatkossa erikoisoperaatioihin Ven\u00e4j\u00e4\u00e4 vastaan.<\/p>\n<p>Valeri Vavrynjuk, rajavartiolaitoksen johtaja<\/p>\n<p><img decoding=\"async\" alt=\"Henkil\u00f6kuvassa Valerii Vavryniuk.\" src=\"https:\/\/www.europesays.com\/fi\/wp-content\/uploads\/2026\/01\/39-15792456960ff2106579.jpeg\" loading=\"lazy\" class=\"aw-1l9m598 hKVVvP\"\/><\/p>\n<p>Avaa kuvien katselu<\/p>\n<p>Valeri Varvynjuk Kuva: Ukrainan rajavartiolaitos<\/p>\n<p class=\"aw-1gybjub aw-1p7kakr kEtdKx cEmitX yle__article__paragraph\"><strong class=\"aw-ak79eh KyCXm yle__article__strong\">Valeri<\/strong> <strong class=\"aw-ak79eh KyCXm yle__article__strong\">Varvynjuk<\/strong> nousi rajavaltiolaitoksen virkaatoimittavaksi johtajaksi laitoksen ensimm\u00e4isen varap\u00e4\u00e4llik\u00f6n virasta.<\/p>\n<p>Serhi Kyslytsja, kanslian varajohtaja<\/p>\n<p><img decoding=\"async\" alt=\"Henkil\u00f6 istuu YK:n istuntosalissa.\" src=\"https:\/\/www.europesays.com\/fi\/wp-content\/uploads\/2026\/01\/39-15792566961009022d3b.jpeg\" loading=\"lazy\" class=\"aw-1l9m598 hKVVvP\"\/><\/p>\n<p>Avaa kuvien katselu<\/p>\n<p>Serhi Kyslytsja Kuva: Justin Lane \/ EPA<\/p>\n<p class=\"aw-1gybjub aw-1p7kakr kEtdKx cEmitX yle__article__paragraph\"><strong class=\"aw-ak79eh KyCXm yle__article__strong\">Serhi<\/strong> <strong class=\"aw-ak79eh KyCXm yle__article__strong\">Kyslytsja<\/strong> on ollut yksi Ukrainan p\u00e4\u00e4rauhanneuvottelijoista. H\u00e4nest\u00e4 tulee Zelenskyin kanslian ensimm\u00e4inen varajohtaja.<\/p>\n<p class=\"aw-1gybjub aw-1p7kakr kEtdKx cEmitX yle__article__paragraph\">Zelenskyin mukaan Kyslytsja keskittyy yhteisty\u00f6h\u00f6n ulkoministeri\u00f6n kanssa ja jatkaa rauhanneuvottelujen parissa.<\/p>\n<p class=\"aw-1gybjub aw-1p7kakr kEtdKx cEmitX yle__article__paragraph\">H\u00e4n on toiminut aiemmin Ukrainan YK-suurl\u00e4hettil\u00e4\u00e4n\u00e4 ja varaulkoministerin\u00e4.<\/p>\n<p>Chrystia Freeland, talousneuvonantaja<\/p>\n<p><img decoding=\"async\" alt=\"Henkil\u00f6 puhuu ryhm\u00e4lle median edustajia.\" src=\"https:\/\/www.europesays.com\/fi\/wp-content\/uploads\/2026\/01\/39-15792666961020116ae8.jpeg\" loading=\"lazy\" class=\"aw-1l9m598 hKVVvP\"\/><\/p>\n<p>Avaa kuvien katselu<\/p>\n<p>Chrystia Freeland Kuva: Spencer Colby \/ EPA<\/p>\n<p class=\"aw-1gybjub aw-1p7kakr kEtdKx cEmitX yle__article__paragraph\"><strong class=\"aw-ak79eh KyCXm yle__article__strong\">Chrystia<\/strong> <strong class=\"aw-ak79eh KyCXm yle__article__strong\">Freeland<\/strong> on toiminut aiemmin Kanadan varap\u00e4\u00e4ministerin\u00e4, valtiovarainministerin\u00e4 ja liikenteen ja sis\u00e4isen kaupank\u00e4ynnin ministerin\u00e4.<\/p>\n<p class=\"aw-1gybjub aw-1p7kakr kEtdKx cEmitX yle__article__paragraph\">Nyt h\u00e4n j\u00e4tt\u00e4\u00e4 paikkansa Kanadan parlamentin alahuoneessa ryhtyess\u00e4\u00e4n Zelenskyin talouskehityksen neuvonantajaksi.<\/p>\n<p class=\"aw-1gybjub aw-1p7kakr kEtdKx cEmitX yle__article__paragraph\">Molemmat Freelandin \u00e4idin puoleiset isovanhemmat ovat syntyneet Ukrainassa. Freeland kertoo osaavansa ukrainaa.<\/p>\n<p>Oksana Markarova, uudelleenrakentamisen neuvonantaja<\/p>\n<p><img decoding=\"async\" alt=\"Henkil\u00f6 seisoo puhujap\u00f6nt\u00f6n takana tiedotustilaisuudessa.\" src=\"https:\/\/www.europesays.com\/fi\/wp-content\/uploads\/2026\/01\/39-15793276961087e01f0b.jpeg\" loading=\"lazy\" class=\"aw-1l9m598 hKVVvP\"\/><\/p>\n<p>Avaa kuvien katselu<\/p>\n<p>Oksana Markarova Kuva: Shawn Thew\/ EPA<\/p>\n<p class=\"aw-1gybjub aw-1p7kakr kEtdKx cEmitX yle__article__paragraph\"><strong class=\"aw-ak79eh KyCXm yle__article__strong\">Oksana<\/strong> <strong class=\"aw-ak79eh KyCXm yle__article__strong\">Markarova<\/strong> toimi Ukrainan valtiovarainministerin\u00e4 vuosina 2018\u20132020 ja Yhdysvaltain-suurl\u00e4hettil\u00e4\u00e4n\u00e4 vuodesta 2021 viime elokuuhun asti.<\/p>\n<p class=\"aw-1gybjub aw-1p7kakr kEtdKx cEmitX yle__article__paragraph\">Zelenskyi on nimitt\u00e4nyt h\u00e4net uudelleenrakentamisen ja sijoittamisen neuvonantajakseen.<\/p>\n<p class=\"aw-1gybjub aw-1p7kakr kEtdKx cEmitX yle__article__paragraph\">My\u00f6s Markarova on ilmoittanut, ett\u00e4 toimii neuvonantajana palkatta. H\u00e4n jatkaa ty\u00f6skentely\u00e4 yksityisell\u00e4 puolella.<\/p>\n<p class=\"aw-1gybjub aw-1p7kakr kEtdKx cEmitX yle__article__paragraph\">Jutussa on k\u00e4ytetty l\u00e4htein\u00e4 ukrainalaisia Kyiv Independent ja Kyiv Post -lehti\u00e4, riippumatonta ven\u00e4l\u00e4ismediaa Novaja Gazetaa, yhdysvaltalaislehti The New York Timesia ja uutistoimisto Reutersia.<\/p>\n","protected":false},"excerpt":{"rendered":"Presidentti Zelenskyi uusii Ukrainan hallintoa silt\u00e4 varalta, ett\u00e4 sota ei p\u00e4\u00e4ty. Zelenskyi kierr\u00e4tt\u00e4\u00e4 vanhoja kasvoja uusissa teht\u00e4viss\u00e4. Keskeiseen&hellip;\n","protected":false},"author":2,"featured_media":139151,"comment_status":"","ping_status":"","sticky":false,"template":"","format":"standard","meta":{"footnotes":""},"categories":[14],"tags":[22,23,26,27,33,31,30,1913,17,24,25,28,29,15,18,21,32,19,20,1303,56,16,987,3963,59,60,61],"class_list":{"0":"post-139150","1":"post","2":"type-post","3":"status-publish","4":"format-standard","5":"has-post-thumbnail","7":"category-ulkomaat","8":"tag-breaking-news","9":"tag-breakingnews","10":"tag-featured-news","11":"tag-featurednews","12":"tag-fi","13":"tag-finland","14":"tag-finnish","15":"tag-hallitukset","16":"tag-headlines","17":"tag-latest-news","18":"tag-latestnews","19":"tag-main-news","20":"tag-mainnews","21":"tag-news","22":"tag-otsikot","23":"tag-paauutiset","24":"tag-suomi","25":"tag-top-stories","26":"tag-topstories","27":"tag-ukraina","28":"tag-ulkomaat","29":"tag-uutiset","30":"tag-venajan-hyokkays","31":"tag-volodymyr-zelenskyi","32":"tag-world","33":"tag-world-news","34":"tag-worldnews"},"share_on_mastodon":{"url":"https:\/\/pubeurope.com\/@fi\/115874239920914771","error":""},"_links":{"self":[{"href":"https:\/\/www.europesays.com\/fi\/wp-json\/wp\/v2\/posts\/139150","targetHints":{"allow":["GET"]}}],"collection":[{"href":"https:\/\/www.europesays.com\/fi\/wp-json\/wp\/v2\/posts"}],"about":[{"href":"https:\/\/www.europesays.com\/fi\/wp-json\/wp\/v2\/types\/post"}],"author":[{"embeddable":true,"href":"https:\/\/www.europesays.com\/fi\/wp-json\/wp\/v2\/users\/2"}],"replies":[{"embeddable":true,"href":"https:\/\/www.europesays.com\/fi\/wp-json\/wp\/v2\/comments?post=139150"}],"version-history":[{"count":0,"href":"https:\/\/www.europesays.com\/fi\/wp-json\/wp\/v2\/posts\/139150\/revisions"}],"wp:featuredmedia":[{"embeddable":true,"href":"https:\/\/www.europesays.com\/fi\/wp-json\/wp\/v2\/media\/139151"}],"wp:attachment":[{"href":"https:\/\/www.europesays.com\/fi\/wp-json\/wp\/v2\/media?parent=139150"}],"wp:term":[{"taxonomy":"category","embeddable":true,"href":"https:\/\/www.europesays.com\/fi\/wp-json\/wp\/v2\/categories?post=139150"},{"taxonomy":"post_tag","embeddable":true,"href":"https:\/\/www.europesays.com\/fi\/wp-json\/wp\/v2\/tags?post=139150"}],"curies":[{"name":"wp","href":"https:\/\/api.w.org\/{rel}","templated":true}]}}