{"id":139158,"date":"2026-01-11T03:20:15","date_gmt":"2026-01-11T03:20:15","guid":{"rendered":"https:\/\/www.europesays.com\/fi\/139158\/"},"modified":"2026-01-11T03:20:15","modified_gmt":"2026-01-11T03:20:15","slug":"terasniskan-loppuvuosi-kului-kiertueella","status":"publish","type":"post","link":"https:\/\/www.europesays.com\/fi\/139158\/","title":{"rendered":"Ter\u00e4sniskan loppuvuosi kului kiertueella."},"content":{"rendered":"<p>Laulaja <strong>Suvi Ter\u00e4sniskan<\/strong> loppuvuosi sis\u00e4lsi ahkeraa kiert\u00e4mist\u00e4 joulukiertueella. H\u00e4n on kertonut sometarinoissaan suunnittelevansa pit\u00e4v\u00e4n t\u00e4m\u00e4n vuoden taukoa joulukiertueesta.<\/p>\n<p>Suvin viimep\u00e4iv\u00e4t ovat kuluneet leppoisissa merkeiss\u00e4 Oulun kodissaan. Valoisa aika on Oulussa t\u00e4ll\u00e4 hetkell\u00e4 v\u00e4h\u00e4ist\u00e4 ja pakkanen paukkuu. Siksi Suvikin on ilmeisesti h\u00e4\u00e4rinyt sis\u00e4tiloissa l\u00e4mpim\u00e4ss\u00e4 eik\u00e4 ole viel\u00e4 poistanut jouluvaloja.<\/p>\n<p>\u2013 Onko muita, joilla on viel\u00e4 jouluvalot p\u00e4\u00e4ll\u00e4? En kest\u00e4 t\u00e4t\u00e4 pimeytt\u00e4, niin on paljon kivampi, kun kotona on jotain n\u00e4tti\u00e4 valoa p\u00e4\u00e4ll\u00e4 koko ajan, lukee Ter\u00e4sniskan sometarinoissa.<\/p>\n<p>Ter\u00e4sniskan aika on kulunut muun muassa j\u00e4rjestelemisen parissa<\/p>\n<p>Kuvassa n\u00e4hd\u00e4\u00e4n kaunis joulukuusi ja ikkunaa koristava t\u00e4htivalo. Kuusen kohdalla Suvi toteaa, ett\u00e4 sen voisi jo purkaa pois. Suvi kertoo my\u00f6s askareistaan, joiden parissa h\u00e4nen aikansa on vier\u00e4ht\u00e4nyt.<\/p>\n<p>\u2013 Ai ett\u00e4 mit\u00e4 oon tehnyt? No poikien Legot alkaa olla v\u00e4rij\u00e4rjestyksess\u00e4, kertoo Suvi nauruhymi\u00f6iden kera.<\/p>\n<p>Suvi kertoo my\u00f6s lev\u00e4nneens\u00e4 ja oleilleensa. H\u00e4n mainitsee samalla rankan syksyn, joka oli t\u00e4ynn\u00e4 t\u00f6it\u00e4 ja muita asioita.<\/p>\n<p>\u2013 Mut ens joulun koitan pyhitt\u00e4\u00e4 kokonaan lomaksi, lupaa Ter\u00e4sniska.<\/p>\n<p>Lue my\u00f6s: <a href=\"https:\/\/www.como.fi\/tilaa-comon-uutiskirje\/\" title=\"Tilaa Comon uutiskirje ja tied\u00e4t mist\u00e4 kahvitauolla puhutaan! Nappaa kotimaan tv-vinkit ja puheenaiheet suoraan s\u00e4hk\u00f6postiin t\u00e4st\u00e4.\" class=\"underline-custom !font-montserrat !font-bold !underline-offset-4 !decoration-4 !decoration-red-600 !text-md\" rel=\"nofollow noopener\" target=\"_blank\">Tilaa Comon uutiskirje ja tied\u00e4t mist\u00e4 kahvitauolla puhutaan! Nappaa kotimaan tv-vinkit ja puheenaiheet suoraan s\u00e4hk\u00f6postiin t\u00e4st\u00e4.<\/a><\/p>\n","protected":false},"excerpt":{"rendered":"Laulaja Suvi Ter\u00e4sniskan loppuvuosi sis\u00e4lsi ahkeraa kiert\u00e4mist\u00e4 joulukiertueella. H\u00e4n on kertonut sometarinoissaan suunnittelevansa pit\u00e4v\u00e4n t\u00e4m\u00e4n vuoden taukoa joulukiertueesta.&hellip;\n","protected":false},"author":2,"featured_media":139159,"comment_status":"","ping_status":"","sticky":false,"template":"","format":"standard","meta":{"footnotes":""},"categories":[136],"tags":[407,137,33,31,30,408,32,6416,109],"class_list":{"0":"post-139158","1":"post","2":"type-post","3":"status-publish","4":"format-standard","5":"has-post-thumbnail","7":"category-julkkikset","8":"tag-celebrities","9":"tag-entertainment","10":"tag-fi","11":"tag-finland","12":"tag-finnish","13":"tag-julkkikset","14":"tag-suomi","15":"tag-suvi-teru00e4sniska","16":"tag-viihde"},"share_on_mastodon":{"url":"https:\/\/pubeurope.com\/@fi\/115874314492456297","error":""},"_links":{"self":[{"href":"https:\/\/www.europesays.com\/fi\/wp-json\/wp\/v2\/posts\/139158","targetHints":{"allow":["GET"]}}],"collection":[{"href":"https:\/\/www.europesays.com\/fi\/wp-json\/wp\/v2\/posts"}],"about":[{"href":"https:\/\/www.europesays.com\/fi\/wp-json\/wp\/v2\/types\/post"}],"author":[{"embeddable":true,"href":"https:\/\/www.europesays.com\/fi\/wp-json\/wp\/v2\/users\/2"}],"replies":[{"embeddable":true,"href":"https:\/\/www.europesays.com\/fi\/wp-json\/wp\/v2\/comments?post=139158"}],"version-history":[{"count":0,"href":"https:\/\/www.europesays.com\/fi\/wp-json\/wp\/v2\/posts\/139158\/revisions"}],"wp:featuredmedia":[{"embeddable":true,"href":"https:\/\/www.europesays.com\/fi\/wp-json\/wp\/v2\/media\/139159"}],"wp:attachment":[{"href":"https:\/\/www.europesays.com\/fi\/wp-json\/wp\/v2\/media?parent=139158"}],"wp:term":[{"taxonomy":"category","embeddable":true,"href":"https:\/\/www.europesays.com\/fi\/wp-json\/wp\/v2\/categories?post=139158"},{"taxonomy":"post_tag","embeddable":true,"href":"https:\/\/www.europesays.com\/fi\/wp-json\/wp\/v2\/tags?post=139158"}],"curies":[{"name":"wp","href":"https:\/\/api.w.org\/{rel}","templated":true}]}}