{"id":139162,"date":"2026-01-11T03:28:07","date_gmt":"2026-01-11T03:28:07","guid":{"rendered":"https:\/\/www.europesays.com\/fi\/139162\/"},"modified":"2026-01-11T03:28:07","modified_gmt":"2026-01-11T03:28:07","slug":"greatful-deadin-perustajajasen-bob-weir-on-kuollut-78-vuotiaana-uutisia-lyhyesti","status":"publish","type":"post","link":"https:\/\/www.europesays.com\/fi\/139162\/","title":{"rendered":"Greatful Deadin perustajaj\u00e4sen Bob Weir on kuollut 78-vuotiaana | Uutisia lyhyesti"},"content":{"rendered":"<p class=\"aw-1gybjub aw-1p7kakr kEtdKx cEmitX yle__article__paragraph\">Yhdysvaltalaisen Greatful Dead -yhtyeen perustajaj\u00e4sen <strong class=\"aw-ak79eh KyCXm yle__article__strong\">Bob Weir<\/strong> on kuollut 78-vuotiaana. Asiasta kertoi muusikon tyt\u00e4r Weirin <a class=\"aw-iao6s4 iHOxEa yle__article__link\" href=\"https:\/\/bobweir.net\/bobby\/\" role=\"link\" rel=\"nofollow noopener\" target=\"_blank\">verkkosivuilla<\/a>.<\/p>\n<p class=\"aw-1gybjub aw-1p7kakr kEtdKx cEmitX yle__article__paragraph\">Tytt\u00e4ren mukaan sy\u00f6p\u00e4\u00e4 sairastanut Weir kuoli keuhko-ongelmien vuoksi.<\/p>\n<p class=\"aw-1gybjub aw-1p7kakr kEtdKx cEmitX yle__article__paragraph\">Weir toimi Greatful Deadin rytmikitaristina ja oli p\u00e4\u00e4vokalisti monilla yhtyeen kappaleilla.<\/p>\n<p class=\"aw-1gybjub aw-1p7kakr kEtdKx cEmitX yle__article__paragraph\">San Franciscon alueella vuonna 1965 perustettu yhtye yhdisti musiikissaan elementtej\u00e4 monista genreist\u00e4 bluesista rockiin ja countryst\u00e4 gospeliin.<\/p>\n<p class=\"aw-1gybjub aw-1p7kakr kEtdKx cEmitX yle__article__paragraph\">Psykedeelisen rockin uranuurtajana toiminut Greatful Dead tunnettiin muun muassa pitkist\u00e4 improvisaatio-osioista keikoillaan sek\u00e4 yhteis\u00f6llisest\u00e4 fanikunnasta, jonka j\u00e4senist\u00e4 k\u00e4ytettiin nimityst\u00e4 deadhead.<\/p>\n<p class=\"aw-1gybjub aw-1p7kakr kEtdKx cEmitX yle__article__paragraph\">Yhtye hajosi 1990-luvulla johtohahmo <strong class=\"aw-ak79eh KyCXm yle__article__strong\">Jerry Garcian<\/strong> kuoltua. Alkuper\u00e4isest\u00e4 viisikosta elossa on en\u00e4\u00e4 yhtyeen rumpali <strong class=\"aw-ak79eh KyCXm yle__article__strong\">Bill Kreutzman<\/strong>.<\/p>\n","protected":false},"excerpt":{"rendered":"Yhdysvaltalaisen Greatful Dead -yhtyeen perustajaj\u00e4sen Bob Weir on kuollut 78-vuotiaana. Asiasta kertoi muusikon tyt\u00e4r Weirin verkkosivuilla. Tytt\u00e4ren mukaan&hellip;\n","protected":false},"author":2,"featured_media":74,"comment_status":"","ping_status":"","sticky":false,"template":"","format":"standard","meta":{"footnotes":""},"categories":[130],"tags":[137,33,31,30,24137,108,4223,5843,32,56,109],"class_list":{"0":"post-139162","1":"post","2":"type-post","3":"status-publish","4":"format-standard","5":"has-post-thumbnail","7":"category-viihde","8":"tag-entertainment","9":"tag-fi","10":"tag-finland","11":"tag-finnish","12":"tag-grateful-dead","13":"tag-kulttuuri","14":"tag-kuolleet","15":"tag-muusikot","16":"tag-suomi","17":"tag-ulkomaat","18":"tag-viihde"},"share_on_mastodon":{"url":"https:\/\/pubeurope.com\/@fi\/115874345989815676","error":""},"_links":{"self":[{"href":"https:\/\/www.europesays.com\/fi\/wp-json\/wp\/v2\/posts\/139162","targetHints":{"allow":["GET"]}}],"collection":[{"href":"https:\/\/www.europesays.com\/fi\/wp-json\/wp\/v2\/posts"}],"about":[{"href":"https:\/\/www.europesays.com\/fi\/wp-json\/wp\/v2\/types\/post"}],"author":[{"embeddable":true,"href":"https:\/\/www.europesays.com\/fi\/wp-json\/wp\/v2\/users\/2"}],"replies":[{"embeddable":true,"href":"https:\/\/www.europesays.com\/fi\/wp-json\/wp\/v2\/comments?post=139162"}],"version-history":[{"count":0,"href":"https:\/\/www.europesays.com\/fi\/wp-json\/wp\/v2\/posts\/139162\/revisions"}],"wp:featuredmedia":[{"embeddable":true,"href":"https:\/\/www.europesays.com\/fi\/wp-json\/wp\/v2\/media\/74"}],"wp:attachment":[{"href":"https:\/\/www.europesays.com\/fi\/wp-json\/wp\/v2\/media?parent=139162"}],"wp:term":[{"taxonomy":"category","embeddable":true,"href":"https:\/\/www.europesays.com\/fi\/wp-json\/wp\/v2\/categories?post=139162"},{"taxonomy":"post_tag","embeddable":true,"href":"https:\/\/www.europesays.com\/fi\/wp-json\/wp\/v2\/tags?post=139162"}],"curies":[{"name":"wp","href":"https:\/\/api.w.org\/{rel}","templated":true}]}}