{"id":139165,"date":"2026-01-11T03:32:19","date_gmt":"2026-01-11T03:32:19","guid":{"rendered":"https:\/\/www.europesays.com\/fi\/139165\/"},"modified":"2026-01-11T03:32:19","modified_gmt":"2026-01-11T03:32:19","slug":"ykn-turvallisuusneuvosto-koolle-venajan-tekemien-iskujen-vuoksi","status":"publish","type":"post","link":"https:\/\/www.europesays.com\/fi\/139165\/","title":{"rendered":"YK:n turvallisuusneuvosto koolle Ven\u00e4j\u00e4n tekemien iskujen vuoksi"},"content":{"rendered":"<p><strong class=\"typography-bold\">YK:n turvallisuusneuvoston on m\u00e4\u00e4r\u00e4 kokoontua maanantaina keskustelemaan Ukrainan tilanteesta.<\/strong><\/p>\n<p>Neuvoston vaihtuvana j\u00e4senen\u00e4 toimivan Latvian ulkoministeri<strong class=\"typography-bold\"> Baiba Braze<\/strong> kertoo <a class=\"underline\" data-testid=\"external-link\" href=\"https:\/\/x.com\/Braze_Baiba\/status\/2009629726982475885?s=20\" rel=\"noopener noreferrer nofollow\" target=\"_blank\" data-sentry-component=\"ExternalLink\" data-sentry-source-file=\"ExternalLink.tsx\">X-viestipalvelussa<\/a>, ett\u00e4 maa oli pyyt\u00e4nyt tapaamista Ven\u00e4j\u00e4n tekemien ilmaiskujen vuoksi.<\/p>\n<p>YK:n p\u00e4\u00e4sihteeri <strong class=\"typography-bold\">Antonio Guterres<\/strong> tuomitsee Ven\u00e4j\u00e4n iskut Ukrainan siviili-infrastruktuuriin p\u00e4\u00e4sihteerin tiedottajan julkaisemassa <a class=\"underline\" data-testid=\"external-link\" href=\"https:\/\/www.un.org\/sg\/en\/content\/sg\/2026-01-09\" rel=\"noopener noreferrer nofollow\" data-sentry-component=\"ExternalLink\" data-sentry-source-file=\"ExternalLink.tsx\" target=\"_blank\">lausunnossa<\/a>.<\/p>\n<p><strong class=\"typography-bold\">Lue my\u00f6s: <\/strong><a class=\"cursor-pointer underline\" data-testid=\"internal-link\" role=\"link\" data-sentry-element=\"Link\" data-sentry-component=\"InternalLink\" data-sentry-source-file=\"InternalLink.tsx\" href=\"https:\/\/www.mtvuutiset.fi\/artikkeli\/venaja-osui-pahaan-paikkaan-kiovassa-puolet-taloista-ilman-lammitysta\/9280066\" rel=\"nofollow noopener\" target=\"_blank\"><strong class=\"typography-bold\">Ven\u00e4j\u00e4 osui pahaan paikkaan \u2013 Kiovassa puolet taloista ilman l\u00e4mmityst\u00e4<\/strong><\/a><\/p>\n<p>Ven\u00e4j\u00e4n iskut j\u00e4ttiv\u00e4t perjantaina noin puolet Ukrainan p\u00e4\u00e4kaupunki Kiovan asuintaloista vaille l\u00e4mmityst\u00e4.<\/p>\n","protected":false},"excerpt":{"rendered":"YK:n turvallisuusneuvoston on m\u00e4\u00e4r\u00e4 kokoontua maanantaina keskustelemaan Ukrainan tilanteesta. Neuvoston vaihtuvana j\u00e4senen\u00e4 toimivan Latvian ulkoministeri Baiba Braze kertoo&hellip;\n","protected":false},"author":2,"featured_media":139166,"comment_status":"","ping_status":"","sticky":false,"template":"","format":"standard","meta":{"footnotes":""},"categories":[14],"tags":[22,23,26,27,33,31,30,17,24,25,28,29,15,18,21,32,19,20,56,16,59,60,61],"class_list":{"0":"post-139165","1":"post","2":"type-post","3":"status-publish","4":"format-standard","5":"has-post-thumbnail","7":"category-ulkomaat","8":"tag-breaking-news","9":"tag-breakingnews","10":"tag-featured-news","11":"tag-featurednews","12":"tag-fi","13":"tag-finland","14":"tag-finnish","15":"tag-headlines","16":"tag-latest-news","17":"tag-latestnews","18":"tag-main-news","19":"tag-mainnews","20":"tag-news","21":"tag-otsikot","22":"tag-paauutiset","23":"tag-suomi","24":"tag-top-stories","25":"tag-topstories","26":"tag-ulkomaat","27":"tag-uutiset","28":"tag-world","29":"tag-world-news","30":"tag-worldnews"},"share_on_mastodon":{"url":"https:\/\/pubeurope.com\/@fi\/115874361731138381","error":""},"_links":{"self":[{"href":"https:\/\/www.europesays.com\/fi\/wp-json\/wp\/v2\/posts\/139165","targetHints":{"allow":["GET"]}}],"collection":[{"href":"https:\/\/www.europesays.com\/fi\/wp-json\/wp\/v2\/posts"}],"about":[{"href":"https:\/\/www.europesays.com\/fi\/wp-json\/wp\/v2\/types\/post"}],"author":[{"embeddable":true,"href":"https:\/\/www.europesays.com\/fi\/wp-json\/wp\/v2\/users\/2"}],"replies":[{"embeddable":true,"href":"https:\/\/www.europesays.com\/fi\/wp-json\/wp\/v2\/comments?post=139165"}],"version-history":[{"count":0,"href":"https:\/\/www.europesays.com\/fi\/wp-json\/wp\/v2\/posts\/139165\/revisions"}],"wp:featuredmedia":[{"embeddable":true,"href":"https:\/\/www.europesays.com\/fi\/wp-json\/wp\/v2\/media\/139166"}],"wp:attachment":[{"href":"https:\/\/www.europesays.com\/fi\/wp-json\/wp\/v2\/media?parent=139165"}],"wp:term":[{"taxonomy":"category","embeddable":true,"href":"https:\/\/www.europesays.com\/fi\/wp-json\/wp\/v2\/categories?post=139165"},{"taxonomy":"post_tag","embeddable":true,"href":"https:\/\/www.europesays.com\/fi\/wp-json\/wp\/v2\/tags?post=139165"}],"curies":[{"name":"wp","href":"https:\/\/api.w.org\/{rel}","templated":true}]}}