{"id":139168,"date":"2026-01-11T03:34:09","date_gmt":"2026-01-11T03:34:09","guid":{"rendered":"https:\/\/www.europesays.com\/fi\/139168\/"},"modified":"2026-01-11T03:34:09","modified_gmt":"2026-01-11T03:34:09","slug":"minneapolisissa-kymmenet-tuhannet-marssivat-icen-vastaisessa-mielenosoituksessa-uutisia-lyhyesti","status":"publish","type":"post","link":"https:\/\/www.europesays.com\/fi\/139168\/","title":{"rendered":"Minneapolisissa kymmenet tuhannet marssivat ICE:n vastaisessa mielenosoituksessa | Uutisia lyhyesti"},"content":{"rendered":"<p class=\"aw-1gybjub aw-5vja16 kEtdKx kmuxyA yle__article__paragraph\">Viikonlopuksi on suunniteltu yli tuhat mielenosoitusta eri puolille Yhdysvaltoja.<\/p>\n<p><img decoding=\"async\" alt=\" Ihmiset osoittivat mielt\u00e4\u00e4n Minneapolisin ampumista vastaan.\" src=\"https:\/\/www.europesays.com\/fi\/wp-content\/uploads\/2026\/01\/39-15796186962ea626268c.jpeg\" class=\"aw-1l9m598 hKVVvP\"\/><\/p>\n<p>Avaa kuvien katselu<\/p>\n<p>Mielenosoittajat Minneapolisissa Kuva: Olga Fedorova \/ EPA<\/p>\n<p class=\"aw-1gybjub aw-1p7kakr kEtdKx cEmitX yle__article__paragraph\">Yhdysvalloissa Minneapolisin kaupungissa kymmenet tuhannet ihmiset osoittivat lauantaina mielt\u00e4\u00e4n maahanmuuttovirasto ICE:\u00e4 vastaan.<\/p>\n<p class=\"aw-1gybjub aw-1p7kakr kEtdKx cEmitX yle__article__paragraph\">Mielenosoitusten j\u00e4rjest\u00e4jien mukaan viikonlopuksi on suunniteltu yli tuhat mielenosoitusta eri puolille Yhdysvaltoja.<\/p>\n<p class=\"aw-1gybjub aw-1p7kakr kEtdKx cEmitX yle__article__paragraph\">37-vuotias nainen, <strong class=\"aw-ak79eh KyCXm yle__article__strong\">Renee Nicole Good,<\/strong> kuoli keskiviikkona Minneapolisissa, kun maahanmuuttovirasto ICE:n agentti ampui h\u00e4nt\u00e4. <strong class=\"aw-ak79eh KyCXm yle__article__strong\">Donald Trumpin<\/strong> hallinnon mukaan kyse oli itsepuolustuksesta.<\/p>\n<p class=\"aw-1gybjub aw-1p7kakr kEtdKx cEmitX yle__article__paragraph\">Keskiviikon ampumistapaus oli ainakin viides kuolemantapaus, joka on liitetty Trumpin hallinnon aikaisiin maahanmuuttopoliisioperaatioihin suurissa kaupungeissa.<\/p>\n<p class=\"aw-1gybjub aw-1p7kakr kEtdKx cEmitX yle__article__paragraph\">Goodin kuolemaa edelt\u00e4vist\u00e4 hetkist\u00e4 liikkuu ristiriitaista tietoa. Toiset v\u00e4itt\u00e4v\u00e4t h\u00e4nen ajaneen ICE-agenttia kohti autollaan, toiset v\u00e4itt\u00e4v\u00e4t h\u00e4nen yritt\u00e4neen poistua paikalta.<\/p>\n<p class=\"aw-1gybjub aw-1p7kakr kEtdKx cEmitX yle__article__paragraph\">Minnesotan osavaltion kuvern\u00f6\u00f6ri, demokraattipuolueen <strong class=\"aw-ak79eh KyCXm yle__article__strong\">Tim Walz<\/strong> kehotti ihmisi\u00e4 osoittamaan mielt\u00e4 rauhanomaisesti.<\/p>\n<p class=\"aw-1gybjub aw-1p7kakr kEtdKx cEmitX yle__article__paragraph\">\u2013 Trump l\u00e4hetti tuhansia aseistettuja liittovaltion viranomaisia osavaltioomme, ja meni vain yksi p\u00e4iv\u00e4, ett\u00e4 he tappoivat jonkun. Nyt h\u00e4n ei toivo mit\u00e4\u00e4n muuta kuin kaaosta, joka veisi huomion t\u00e4lt\u00e4 kauhealta teolta. \u00c4lk\u00e4\u00e4 antako h\u00e4nelle sit\u00e4, mit\u00e4 h\u00e4n haluaa, Walz <a class=\"aw-iao6s4 iHOxEa yle__article__link\" href=\"https:\/\/x.com\/GovTimWalz\/status\/2010038994621608243\" role=\"link\" rel=\"nofollow\">kirjoitti<\/a> viestipalvelu X:ss\u00e4.<\/p>\n<p class=\"aw-1gybjub aw-1p7kakr kEtdKx cEmitX yle__article__paragraph\">L\u00e4hde: AP, Reuters, CNN<\/p>\n","protected":false},"excerpt":{"rendered":"Viikonlopuksi on suunniteltu yli tuhat mielenosoitusta eri puolille Yhdysvaltoja. Avaa kuvien katselu Mielenosoittajat Minneapolisissa Kuva: Olga Fedorova \/&hellip;\n","protected":false},"author":2,"featured_media":139169,"comment_status":"","ping_status":"","sticky":false,"template":"","format":"standard","meta":{"footnotes":""},"categories":[5],"tags":[22,23,26,27,33,31,30,17,24,25,3244,28,29,2571,15,18,21,24138,32,19,20,56,16,619],"class_list":{"0":"post-139168","1":"post","2":"type-post","3":"status-publish","4":"format-standard","5":"has-post-thumbnail","7":"category-otsikot","8":"tag-breaking-news","9":"tag-breakingnews","10":"tag-featured-news","11":"tag-featurednews","12":"tag-fi","13":"tag-finland","14":"tag-finnish","15":"tag-headlines","16":"tag-latest-news","17":"tag-latestnews","18":"tag-maahanmuutto","19":"tag-main-news","20":"tag-mainnews","21":"tag-mielenosoitukset","22":"tag-news","23":"tag-otsikot","24":"tag-paauutiset","25":"tag-protestit","26":"tag-suomi","27":"tag-top-stories","28":"tag-topstories","29":"tag-ulkomaat","30":"tag-uutiset","31":"tag-yhdysvallat"},"share_on_mastodon":{"url":"https:\/\/pubeurope.com\/@fi\/115874369540174582","error":""},"_links":{"self":[{"href":"https:\/\/www.europesays.com\/fi\/wp-json\/wp\/v2\/posts\/139168","targetHints":{"allow":["GET"]}}],"collection":[{"href":"https:\/\/www.europesays.com\/fi\/wp-json\/wp\/v2\/posts"}],"about":[{"href":"https:\/\/www.europesays.com\/fi\/wp-json\/wp\/v2\/types\/post"}],"author":[{"embeddable":true,"href":"https:\/\/www.europesays.com\/fi\/wp-json\/wp\/v2\/users\/2"}],"replies":[{"embeddable":true,"href":"https:\/\/www.europesays.com\/fi\/wp-json\/wp\/v2\/comments?post=139168"}],"version-history":[{"count":0,"href":"https:\/\/www.europesays.com\/fi\/wp-json\/wp\/v2\/posts\/139168\/revisions"}],"wp:featuredmedia":[{"embeddable":true,"href":"https:\/\/www.europesays.com\/fi\/wp-json\/wp\/v2\/media\/139169"}],"wp:attachment":[{"href":"https:\/\/www.europesays.com\/fi\/wp-json\/wp\/v2\/media?parent=139168"}],"wp:term":[{"taxonomy":"category","embeddable":true,"href":"https:\/\/www.europesays.com\/fi\/wp-json\/wp\/v2\/categories?post=139168"},{"taxonomy":"post_tag","embeddable":true,"href":"https:\/\/www.europesays.com\/fi\/wp-json\/wp\/v2\/tags?post=139168"}],"curies":[{"name":"wp","href":"https:\/\/api.w.org\/{rel}","templated":true}]}}