{"id":139170,"date":"2026-01-11T03:46:15","date_gmt":"2026-01-11T03:46:15","guid":{"rendered":"https:\/\/www.europesays.com\/fi\/139170\/"},"modified":"2026-01-11T03:46:15","modified_gmt":"2026-01-11T03:46:15","slug":"beata-leppilammelta-muodonmuutos-verrataan-huippumalliin","status":"publish","type":"post","link":"https:\/\/www.europesays.com\/fi\/139170\/","title":{"rendered":"Beata Leppilammelta muodonmuutos \u2013 Verrataan huippumalliin"},"content":{"rendered":"<p>Beata Leppilampi jakoi muuttuneesta tyylist\u00e4\u00e4n kuvia Instagram-tililleen.<\/p>\n<p><img decoding=\"async\" class=\"image image-show image-preview\" src=\"https:\/\/www.europesays.com\/fi\/wp-content\/uploads\/2026\/01\/4dc0b20de5c3301d1929a5121ae950bb3d831ac32ab2ed1e0e47cda236262e3c.jpg\" alt=\"\"\/><img decoding=\"async\" class=\"image image-show\" src=\"https:\/\/www.europesays.com\/fi\/wp-content\/uploads\/2026\/01\/1768103175_132_4dc0b20de5c3301d1929a5121ae950bb3d831ac32ab2ed1e0e47cda236262e3c.jpg\" alt=\"\"\/><\/p>\n<p>Beata Leppilampi on tunnettu aiemmin pitk\u00e4hiuksisena. Atte Kajova<\/p>\n<p class=\"paragraph\">Sosiaalisen median vaikuttaja <a href=\"https:\/\/www.iltalehti.fi\/henkilot\/Beata Leppilampi\" class=\"article-link-person-page\" rel=\"nofollow noopener\" target=\"_blank\">Beata Leppilampi<\/a> on jakanut Instagram-tilill\u00e4\u00e4n kuvan muuttuneesta hiustyylist \u00e4\u00e4n. Leppilampi vaihtoi tyyli\u00e4\u00e4n pidemmist\u00e4 hiuksista lyhyemp\u00e4\u00e4n polkkatukkaan.<\/p>\n<p class=\"paragraph\">\u2013 Chop chop, Leppilampi kirjoittaa peilin kautta otettujen kuvien yhteydess\u00e4.<\/p>\n<p class=\"paragraph\">Jos julkaisu ei n\u00e4y, voit katsoa sen <a href=\"https:\/\/www.instagram.com\/p\/DTIheuKjA4s\/?utm_source=ig_embed\" rel=\"noopener nofollow\" target=\"_blank\">t\u00e4st\u00e4 linkist\u00e4<\/a>.<\/p>\n<p class=\"paragraph\">Muutos on her\u00e4tt\u00e4nyt Leppilammen seuraajissa ilahtuneita reaktioita.<\/p>\n<p class=\"paragraph\">\u2013 T\u00e4ss\u00e4 tyyliss\u00e4 yhdistyy menneen ajan glamour nykyajan leikkis\u00e4ll\u00e4 tvistill\u00e4. Aivan ihana! Sopii sinulle tosi hyvin.<\/p>\n<p class=\"paragraph\">\u2013 Kaunotar!<\/p>\n<p class=\"paragraph\">\u2013 Upee! juontaja <a href=\"https:\/\/www.iltalehti.fi\/henkilot\/Tuija Pehkonen\" class=\"article-link-person-page\" rel=\"nofollow noopener\" target=\"_blank\">Tuija Pehkonen<\/a> hehkuttaa.<\/p>\n<p class=\"paragraph\">\u2013 Wow, kommentoi Miss Suomi <a href=\"https:\/\/www.iltalehti.fi\/henkilot\/Matilda Wirtavuori\" class=\"article-link-person-page\" rel=\"nofollow noopener\" target=\"_blank\">Matilda Wirtavuori<\/a> syd\u00e4nsilm\u00e4emojin kera.<\/p>\n<p class=\"paragraph\">\u2013 Hailey Bieber! malli <a href=\"https:\/\/www.iltalehti.fi\/henkilot\/Vilma Bergenheim\" class=\"article-link-person-page\" rel=\"nofollow noopener\" target=\"_blank\">Vilma Bergenheim<\/a> kommentoi verraten Leppilampea <a href=\"https:\/\/www.iltalehti.fi\/henkilot\/Justin Bieber\" class=\"article-link-person-page\" rel=\"nofollow noopener\" target=\"_blank\">Justin Bieberin<\/a> vaimoon.<\/p>\n<p class=\"paragraph\">Leppilampi kertoi <a href=\"https:\/\/www.iltalehti.fi\/viihdeuutiset\/80e9d4ac-0c5a-4b1a-8eda-a24cbe6b10c8\" rel=\"nofollow noopener\" target=\"_blank\">Iltalehdelle<\/a> syksyll\u00e4 perhearjestaan. H\u00e4nell\u00e4 ja n\u00e4yttelij\u00e4 <a href=\"https:\/\/www.iltalehti.fi\/henkilot\/Mikko Leppilampi\" class=\"article-link-person-page\" rel=\"nofollow noopener\" target=\"_blank\">Mikko Leppilammella<\/a> on 2- ja 4-vuotiaat lapset.<\/p>\n<p class=\"paragraph\">\u2013 Vaikka olisi kaiken maailman projekteja ja ty\u00f6asioita, n\u00e4m\u00e4 lapset ovat t\u00e4ss\u00e4 ja he ovat se ykk\u00f6nen. Sitten vaikka valvotaan y\u00f6t ja tehd\u00e4\u00e4n n\u00e4it\u00e4 hommia. Mutta he ovat ykk\u00f6sprioriteetti, Leppilampi kertoi Satuni-sovelluksensa lanseeraustilaisuudessa.<\/p>\n<p><script async src=\"\/\/www.instagram.com\/embed.js\"><\/script><\/p>\n","protected":false},"excerpt":{"rendered":"Beata Leppilampi jakoi muuttuneesta tyylist\u00e4\u00e4n kuvia Instagram-tililleen. Beata Leppilampi on tunnettu aiemmin pitk\u00e4hiuksisena. Atte Kajova Sosiaalisen median vaikuttaja&hellip;\n","protected":false},"author":2,"featured_media":139171,"comment_status":"","ping_status":"","sticky":false,"template":"","format":"standard","meta":{"footnotes":""},"categories":[136],"tags":[35,138,407,137,33,31,30,408,47,32,140,139,109],"class_list":{"0":"post-139170","1":"post","2":"type-post","3":"status-publish","4":"format-standard","5":"has-post-thumbnail","7":"category-julkkikset","8":"tag-24h","9":"tag-audio","10":"tag-celebrities","11":"tag-entertainment","12":"tag-fi","13":"tag-finland","14":"tag-finnish","15":"tag-julkkikset","16":"tag-musiikki","17":"tag-suomi","18":"tag-tv-ja-elokuvat","19":"tag-tv-ohjelmat","20":"tag-viihde"},"share_on_mastodon":{"url":"https:\/\/pubeurope.com\/@fi\/115874416741728046","error":""},"_links":{"self":[{"href":"https:\/\/www.europesays.com\/fi\/wp-json\/wp\/v2\/posts\/139170","targetHints":{"allow":["GET"]}}],"collection":[{"href":"https:\/\/www.europesays.com\/fi\/wp-json\/wp\/v2\/posts"}],"about":[{"href":"https:\/\/www.europesays.com\/fi\/wp-json\/wp\/v2\/types\/post"}],"author":[{"embeddable":true,"href":"https:\/\/www.europesays.com\/fi\/wp-json\/wp\/v2\/users\/2"}],"replies":[{"embeddable":true,"href":"https:\/\/www.europesays.com\/fi\/wp-json\/wp\/v2\/comments?post=139170"}],"version-history":[{"count":0,"href":"https:\/\/www.europesays.com\/fi\/wp-json\/wp\/v2\/posts\/139170\/revisions"}],"wp:featuredmedia":[{"embeddable":true,"href":"https:\/\/www.europesays.com\/fi\/wp-json\/wp\/v2\/media\/139171"}],"wp:attachment":[{"href":"https:\/\/www.europesays.com\/fi\/wp-json\/wp\/v2\/media?parent=139170"}],"wp:term":[{"taxonomy":"category","embeddable":true,"href":"https:\/\/www.europesays.com\/fi\/wp-json\/wp\/v2\/categories?post=139170"},{"taxonomy":"post_tag","embeddable":true,"href":"https:\/\/www.europesays.com\/fi\/wp-json\/wp\/v2\/tags?post=139170"}],"curies":[{"name":"wp","href":"https:\/\/api.w.org\/{rel}","templated":true}]}}