{"id":139180,"date":"2026-01-11T03:58:18","date_gmt":"2026-01-11T03:58:18","guid":{"rendered":"https:\/\/www.europesays.com\/fi\/139180\/"},"modified":"2026-01-11T03:58:18","modified_gmt":"2026-01-11T03:58:18","slug":"yhdysvalloissa-liittovaltion-viranomaiset-ampuivat-kahta-ihmista-portlandissa","status":"publish","type":"post","link":"https:\/\/www.europesays.com\/fi\/139180\/","title":{"rendered":"Yhdysvalloissa liittovaltion viranomaiset ampuivat kahta ihmist\u00e4 Portlandissa"},"content":{"rendered":"<p class=\"article__paragraph\">\n      Yhdysvalloissa liittovaltion viranomaiset ampuivat kahta ihmist\u00e4 Oregonin osavaltiossa sijaitsevassa Portlandissa torstaina paikallista aikaa, kertoivat useat yhdysvaltalaismediat.\n    <\/p>\n<p class=\"article__paragraph\">\n      Ampumisessa haavoittunut kaksikko vietiin kaupungin poliisin <a href=\"https:\/\/www.portland.gov\/police\/news\/2026\/1\/8\/two-shot-and-injured-federal-agents-hazelwood-neighborhood\" rel=\"nofollow noopener\" target=\"_blank\">mukaan <\/a>sairaalahoitoon. Heid\u00e4n tarkempi tilansa ei ole lausunnon mukaan tiedossa..\n    <\/p>\n<p class=\"article__paragraph\">\n      Yhdysvaltain sis\u00e4isen turvallisuuden ministeri\u00f6n edustaja Tricia McLaughlin <a href=\"https:\/\/x.com\/TriciaOhio\/status\/2009429617296461825?s=20\" rel=\"nofollow\">sanoi<\/a> my\u00f6hemmin, ett\u00e4 ampumisessa oli osallisena rajavartioston edustajia, jotka olivat pys\u00e4ytt\u00e4m\u00e4ss\u00e4 autoa, jonka kuljettajalla ja matkustajalla oli kytk\u00f6ksi\u00e4 Tren de Aragua -rikollisj\u00e4rjest\u00f6\u00f6n. Ajoneuvon matkustaja oli McLaughlinin mukaan ollut lis\u00e4ksi osallisena hiljattain Portlandissa tehdyss\u00e4 ampumisessa ja oli maassa laittomasti.\n    <\/p>\n<p class=\"article__paragraph\">\n      McLaughlinin mukaan ajoneuvon kuljettaja oli yritt\u00e4nyt ajaa rajaviranomaisten p\u00e4\u00e4lt\u00e4, jolloin yksi n\u00e4ist\u00e4 oli ampunut laukauksia puolustukseksi. McLaughlin sanoi, ett\u00e4 kuljettaja oli t\u00e4m\u00e4n j\u00e4lkeen ajanut pois paikalta. McLaughlin ei antanut tarkempia tietoja v\u00e4itetyst\u00e4 aiemmasta ampumisesta, eik\u00e4 esitt\u00e4nyt todisteita p\u00e4ivityksess\u00e4\u00e4n esitt\u00e4mille v\u00e4itteille.\n    <\/p>\n<p class=\"article__paragraph\">\n      Portlandin pormestari, demokraatti Keith Wilson <a href=\"https:\/\/www.portland.gov\/mayor\/keith-wilson\/news\/2026\/1\/8\/portland-mayor-issues-statement-following-hazelwood-neighborhood\" rel=\"nofollow noopener\" target=\"_blank\">kuvaili<\/a> kaupungissaan tehty\u00e4 ampumista torstaina syv\u00e4sti huolestuttavaksi.\n    <\/p>\n<p>      Mittavia mielenosoituksia<\/p>\n<p class=\"article__paragraph\">\n      Keskiviikkona maahanmuuttopoliisi ICE ampui yhdysvaltalaisnaisen kuoliaaksi Minneapolisin kaupungissa.\n    <\/p>\n<p class=\"article__paragraph\">\n      Minneapolisin ampuminen on tuomittu laajasti, ja sen j\u00e4lkimainingeissa on j\u00e4rjestetty mittavia ICE:n sek\u00e4 Yhdysvaltain presidentti Donald Trumpin ja h\u00e4nen hallintonsa vastaisia mielenosoituksia.\n    <\/p>\n<p class=\"article__paragraph\">\n      Trumpin hallinto on v\u00e4itt\u00e4nyt, ett\u00e4 naisen ampunut ICE:n edustaja olisi puolustanut itse\u00e4\u00e4n. Tilanteesta kuvattu videomateriaali on kuitenkin asettanut hallinnon v\u00e4itteet kyseenalaisiksi.\n    <\/p>\n<p class=\"article__paragraph\">\n      Paikallisten viranomaisten mukaan autoonsa ammuttu nainen ei ollut ICE:n toiminnan kohde, vaan h\u00e4nen oli katsottu vain tukkineen liikenteen.\n    <\/p>\n<p class=\"article__paragraph\">\n      Minnesotan osavaltion kuvern\u00f6\u00f6ri Tim Walz <a href=\"https:\/\/x.com\/GovTimWalz\/status\/2008997983673831581?s=20\" rel=\"nofollow\">on kertonut<\/a> varoittaneensa jo viikkojen ajan, ett\u00e4 ICE-operaatiot uhkaavat Yhdysvaltain kansallista turvallisuutta.\n    <\/p>\n<p>    <img decoding=\"async\" class=\"responsive-image article__image-image lozad\"   src=\"https:\/\/www.europesays.com\/fi\/wp-content\/uploads\/2026\/01\/urPV_cBaRl6bVpEOP-46l3rc7dmP9IR0vqPAqIApr02MGu0ffOZ4m09Kpin2OYCf7gr1jCLxqCgvkTSzxiU3ZgjNN4AUTqdqvh3y.jpeg\" alt=\"Minneapolisin ampuminen on tuomittu laajasti, ja sen j\u00e4lkimainingeissa on j\u00e4rjestetty mittavia ICE:n sek\u00e4 Yhdysvaltain presidentti Donald Trumpin ja h\u00e4nen hallintonsa vastaisia mielenosoituksia.\"\/><\/p>\n<p>\n                Minneapolisin ampuminen on tuomittu laajasti, ja sen j\u00e4lkimainingeissa on j\u00e4rjestetty mittavia ICE:n sek\u00e4 Yhdysvaltain presidentti Donald Trumpin ja h\u00e4nen hallintonsa vastaisia mielenosoituksia.\n              <\/p>\n<p>\n                Kuva: CHARLY TRIBALLEAU \/ AFP \/ Lehtikuva\n              <\/p>\n<p class=\"article__note\">\n      L\u00e4hteen\u00e4 my\u00f6s uutistoimisto AFP.\n    <\/p>\n","protected":false},"excerpt":{"rendered":"Yhdysvalloissa liittovaltion viranomaiset ampuivat kahta ihmist\u00e4 Oregonin osavaltiossa sijaitsevassa Portlandissa torstaina paikallista aikaa, kertoivat useat yhdysvaltalaismediat. Ampumisessa haavoittunut&hellip;\n","protected":false},"author":2,"featured_media":139181,"comment_status":"","ping_status":"","sticky":false,"template":"","format":"standard","meta":{"footnotes":""},"categories":[14],"tags":[22,23,26,27,33,31,30,17,24,25,28,29,15,18,21,32,19,20,56,16,59,60,61],"class_list":{"0":"post-139180","1":"post","2":"type-post","3":"status-publish","4":"format-standard","5":"has-post-thumbnail","7":"category-ulkomaat","8":"tag-breaking-news","9":"tag-breakingnews","10":"tag-featured-news","11":"tag-featurednews","12":"tag-fi","13":"tag-finland","14":"tag-finnish","15":"tag-headlines","16":"tag-latest-news","17":"tag-latestnews","18":"tag-main-news","19":"tag-mainnews","20":"tag-news","21":"tag-otsikot","22":"tag-paauutiset","23":"tag-suomi","24":"tag-top-stories","25":"tag-topstories","26":"tag-ulkomaat","27":"tag-uutiset","28":"tag-world","29":"tag-world-news","30":"tag-worldnews"},"share_on_mastodon":{"url":"https:\/\/pubeurope.com\/@fi\/115874463958045776","error":""},"_links":{"self":[{"href":"https:\/\/www.europesays.com\/fi\/wp-json\/wp\/v2\/posts\/139180","targetHints":{"allow":["GET"]}}],"collection":[{"href":"https:\/\/www.europesays.com\/fi\/wp-json\/wp\/v2\/posts"}],"about":[{"href":"https:\/\/www.europesays.com\/fi\/wp-json\/wp\/v2\/types\/post"}],"author":[{"embeddable":true,"href":"https:\/\/www.europesays.com\/fi\/wp-json\/wp\/v2\/users\/2"}],"replies":[{"embeddable":true,"href":"https:\/\/www.europesays.com\/fi\/wp-json\/wp\/v2\/comments?post=139180"}],"version-history":[{"count":0,"href":"https:\/\/www.europesays.com\/fi\/wp-json\/wp\/v2\/posts\/139180\/revisions"}],"wp:featuredmedia":[{"embeddable":true,"href":"https:\/\/www.europesays.com\/fi\/wp-json\/wp\/v2\/media\/139181"}],"wp:attachment":[{"href":"https:\/\/www.europesays.com\/fi\/wp-json\/wp\/v2\/media?parent=139180"}],"wp:term":[{"taxonomy":"category","embeddable":true,"href":"https:\/\/www.europesays.com\/fi\/wp-json\/wp\/v2\/categories?post=139180"},{"taxonomy":"post_tag","embeddable":true,"href":"https:\/\/www.europesays.com\/fi\/wp-json\/wp\/v2\/tags?post=139180"}],"curies":[{"name":"wp","href":"https:\/\/api.w.org\/{rel}","templated":true}]}}