{"id":139182,"date":"2026-01-11T03:59:11","date_gmt":"2026-01-11T03:59:11","guid":{"rendered":"https:\/\/www.europesays.com\/fi\/139182\/"},"modified":"2026-01-11T03:59:11","modified_gmt":"2026-01-11T03:59:11","slug":"keskustan-varapuheenjohtaja-tuomas-kettunen-perussuomalaiset-ummistaneet-silmansa-bensan-hinnan-nousulle","status":"publish","type":"post","link":"https:\/\/www.europesays.com\/fi\/139182\/","title":{"rendered":"Keskustan varapuheenjohtaja Tuomas Kettunen: Perussuomalaiset ummistaneet silm\u00e4ns\u00e4 bensan hinnan nousulle"},"content":{"rendered":"<p><strong><\/p>\n<p>Keskustan varapuheenjohtaja, kansanedustaja <strong>Tuomas Kettunen<\/strong> syytt\u00e4\u00e4 valtiovarainministeripuolue perussuomalaisia bensan hinnan korottamisesta, ja silmien ummistamisesta bensan korkeasta hinnasta.<\/p>\n<p><\/strong><\/p>\n<p>\u2013 Perussuomalaiset petti tavallisille autoilijoille annetut lupaukset. Bensan hinta on kaukana perussuomalaisten lupaamasta eurosta litralta. Se on tosiasia jokaisella huoltoasemalla kaikkialla Suomessa, Kettunen toteaa.\u00a0<\/p>\n<p>Reilu vuosi sitten perussuomalaiset jakoivat sosiaalisessa mediassa kuvia polttoaineiden pumppuhinnoista tekstill\u00e4 \u201dreilusti halvemmat polttoaineet\u201d, vaikka hinta ei ollut l\u00e4hell\u00e4k\u00e4\u00e4n euroa litralta. Nyt polttoaineiden pumppuhinnat ovat nousseet tuosta viel\u00e4 useita kymmeni\u00e4 senttej\u00e4.\u00a0<\/p>\n<p>Kettunen muistuttaa, ett\u00e4 kehitys on ollut t\u00e4ysin p\u00e4invastaista kuin mit\u00e4 perussuomalaiset ovat luvanneet. \u00a0<\/p>\n<p>\u2013 Linja on ollut johdonmukainen vain yhdess\u00e4 asiassa: kun hinnat nousevat, perussuomalaiset vaikenevat. Hallitusvastuussa ei en\u00e4\u00e4 puolusteta tavallista autoilijaa, vaan hyv\u00e4ksyt\u00e4\u00e4n kalliimpi arki, jatkaa Kettunen. \u00a0<\/p>\n<p>Tavallisten suomalaisten arki on kallistunut hallituksen p\u00e4\u00e4t\u00f6ksill\u00e4. Bensan korkea hinta n\u00e4kyy suoraan ihmisten lompakoissa, sill\u00e4 auto on v\u00e4ltt\u00e4m\u00e4tt\u00f6myys monelle suomalaiselle ty\u00f6n ja arjen hoitamiseksi.\u00a0<\/p>\n<p>Keskustan mielest\u00e4 tavalliset ihmiset on asetettava etusijalle. Rahan on riitett\u00e4v\u00e4 arjessa paremmin.\u00a0<\/p>\n<p>\u2013 Tarvitaan p\u00e4\u00e4t\u00f6ksi\u00e4, jotka kevent\u00e4v\u00e4t autoilun kustannuksia ja turvaavat liikkumisen koko Suomessa, p\u00e4\u00e4tt\u00e4\u00e4 Kettunen.<\/p>\n","protected":false},"excerpt":{"rendered":"Keskustan varapuheenjohtaja, kansanedustaja Tuomas Kettunen syytt\u00e4\u00e4 valtiovarainministeripuolue perussuomalaisia bensan hinnan korottamisesta, ja silmien ummistamisesta bensan korkeasta hinnasta. \u2013&hellip;\n","protected":false},"author":2,"featured_media":139183,"comment_status":"","ping_status":"","sticky":false,"template":"","format":"standard","meta":{"footnotes":""},"categories":[12],"tags":[22,23,26,27,33,31,30,17,24,25,28,29,15,18,21,32,19,20,16],"class_list":{"0":"post-139182","1":"post","2":"type-post","3":"status-publish","4":"format-standard","5":"has-post-thumbnail","7":"category-suomi","8":"tag-breaking-news","9":"tag-breakingnews","10":"tag-featured-news","11":"tag-featurednews","12":"tag-fi","13":"tag-finland","14":"tag-finnish","15":"tag-headlines","16":"tag-latest-news","17":"tag-latestnews","18":"tag-main-news","19":"tag-mainnews","20":"tag-news","21":"tag-otsikot","22":"tag-paauutiset","23":"tag-suomi","24":"tag-top-stories","25":"tag-topstories","26":"tag-uutiset"},"share_on_mastodon":{"url":"https:\/\/pubeurope.com\/@fi\/115874467898971936","error":""},"_links":{"self":[{"href":"https:\/\/www.europesays.com\/fi\/wp-json\/wp\/v2\/posts\/139182","targetHints":{"allow":["GET"]}}],"collection":[{"href":"https:\/\/www.europesays.com\/fi\/wp-json\/wp\/v2\/posts"}],"about":[{"href":"https:\/\/www.europesays.com\/fi\/wp-json\/wp\/v2\/types\/post"}],"author":[{"embeddable":true,"href":"https:\/\/www.europesays.com\/fi\/wp-json\/wp\/v2\/users\/2"}],"replies":[{"embeddable":true,"href":"https:\/\/www.europesays.com\/fi\/wp-json\/wp\/v2\/comments?post=139182"}],"version-history":[{"count":0,"href":"https:\/\/www.europesays.com\/fi\/wp-json\/wp\/v2\/posts\/139182\/revisions"}],"wp:featuredmedia":[{"embeddable":true,"href":"https:\/\/www.europesays.com\/fi\/wp-json\/wp\/v2\/media\/139183"}],"wp:attachment":[{"href":"https:\/\/www.europesays.com\/fi\/wp-json\/wp\/v2\/media?parent=139182"}],"wp:term":[{"taxonomy":"category","embeddable":true,"href":"https:\/\/www.europesays.com\/fi\/wp-json\/wp\/v2\/categories?post=139182"},{"taxonomy":"post_tag","embeddable":true,"href":"https:\/\/www.europesays.com\/fi\/wp-json\/wp\/v2\/tags?post=139182"}],"curies":[{"name":"wp","href":"https:\/\/api.w.org\/{rel}","templated":true}]}}