{"id":139185,"date":"2026-01-11T04:12:16","date_gmt":"2026-01-11T04:12:16","guid":{"rendered":"https:\/\/www.europesays.com\/fi\/139185\/"},"modified":"2026-01-11T04:12:16","modified_gmt":"2026-01-11T04:12:16","slug":"eila-roine-on-haudattu-seiska","status":"publish","type":"post","link":"https:\/\/www.europesays.com\/fi\/139185\/","title":{"rendered":"Eila Roine on haudattu | Seiska"},"content":{"rendered":"<p>            Matti Matikainen\n        <\/p>\n<p class=\"subtitle \">Tampereen Tuomiokirkko t\u00e4yttyi suruvieraista, jotka saattelivat Eila Roineen viimeiselle matkalle. Yksi saattajista oli Esko Roine, Eilan veli.<\/p>\n<p class=\"article-content article-content-width !bg-background\">N\u00e4yttelij\u00e4\u00a0hautajaisia vietettiin perjantaina 9.1. Tampereen tuomiokirkossa. Siunaustilaisuus oli kaikille avoin.\u00a0<\/p>\n<p class=\"font-weight-bold m-font-weight-bold article-content article-content-width !bg-background\">Arkistovideo: Seela Sella muistelee Eila Roinetta<\/p>\n<p class=\"article-content article-content-width !bg-background\">Paikalle saapuneet n\u00e4yttelij\u00e4\u00a0\u00a0ja\u00a0muistelivat rakasta yst\u00e4v\u00e4\u00e4ns\u00e4 l\u00e4mm\u00f6ll\u00e4. <\/p>\n<p class=\"article-content article-content-width !bg-background\">\u2013 Meill\u00e4 on Eilasta ihania muistoja. H\u00e4n oli hieno persoona. Poikamme piti Eilaa kuin omana mummonaan. Kun pojastamme my\u00f6hemmin tuli s\u00e4velt\u00e4j\u00e4-kapellimestari, h\u00e4n lahjoitti Eilalle oman s\u00e4vellyksens\u00e4, Aliisa kertoi.\u00a0<\/p>\n<p>                <img decoding=\"async\" src=\"https:\/\/www.europesays.com\/fi\/wp-content\/uploads\/2026\/01\/2041532.webp.jpeg\" width=\"576\" height=\"274\" alt=\"Eila Roineen viimeinen leposija tulee olemaan rakkaan aviomiehens\u00e4 Vilho 'Vili' Auvisen ja esikoislapsen vieress\u00e4.\" loading=\"lazy\" \/>            <\/p>\n<p>\n            Eila Roineen viimeinen leposija tulee olemaan rakkaan aviomiehens\u00e4 Vilho &#8221;Vili&#8221; Auvisen ja esikoislapsen vieress\u00e4.<br \/>\n            Matti Matikainen\n        <\/p>\n<p class=\"article-content article-content-width !bg-background\">\u2013 Min\u00e4 tein Eilan kanssa kolme vuotta yhdess\u00e4 t\u00f6it\u00e4 Kuin ensimm\u00e4ist\u00e4 p\u00e4iv\u00e4\u00e4 -n\u00e4ytelm\u00e4ss\u00e4 Tampereen teatterissa.\u00a0<\/p>\n<p class=\"article-content article-content-width !bg-background\">\u2013 Eila oli hyvin yst\u00e4v\u00e4llinen, ihana ja l\u00e4mmin ihminen.<\/p>\n<p>                <img decoding=\"async\" src=\"https:\/\/www.europesays.com\/fi\/wp-content\/uploads\/2026\/01\/2041183.webp.jpeg\" width=\"576\" height=\"274\" alt=\"Aliisa Pulkkisen ja Jotaarkka Pennasen poika piti Eilaa kuin omana mumminaan.\" loading=\"lazy\" \/>            <\/p>\n<p>\n            Aliisa Pulkkisen ja Jotaarkka Pennasen poika piti Eilaa kuin omana mumminaan.<br \/>\n            Matti Matikainen\n        <\/p>\n<p class=\"article-content article-content-width !bg-background\">Kirjailija  oli Eilaan eritt\u00e4in l\u00e4heinen suhde, asuihan h\u00e4nen \u00e4itins\u00e4 samassa talossa Eilan kanssa.\u00a0<\/p>\n<p class=\"article-content article-content-width !bg-background\">\u2013 Tapasin Eilan vuosi, kaksi sitten. Muisteltiin menneit ja etenkin jo edesmennytt\u00e4 siskoani . Sinikka kirjoitti Eila ja Rampe -kirjoja nimenomaan Eilaa ajatelellen, Tiina kertoi.<\/p>\n<p class=\"article-content article-content-width !bg-background\">\u2013 Eila oli aito, oma itsens\u00e4, ihana ja mielet\u00f6n tyyppi.<\/p>\n<p>        <a itemprop=\"url\" href=\"https:\/\/www.seiska.fi\/katso\/nama-rakastetut-tahdet-hyvastelimme-vuonna-2025\/2027332\" rel=\"nofollow noopener\" target=\"_blank\"><\/p>\n<p>\nKuolleet 2025\n<\/p>\n<p class=\"section-date\">\n        <strong class=\"article-section\" data-section=\"katso\"><br \/>\n            katso<br \/>\n        <\/strong><br \/>\n        31.12.2025 15:15\n    <\/p>\n<p>N\u00e4m\u00e4 rakastetut t\u00e4hdet hyv\u00e4stelimme vuonna 2025\n    <\/p>\n<p itemprop=\"description\" class=\"subtitle \">\n    Sairaudet, vanhuus ja tragediat veiv\u00e4t monen tunnetun tv- ja elokuvavaikuttajan.\n<\/p>\n<p>        <\/a><\/p>\n<p>                <img decoding=\"async\" src=\"https:\/\/www.europesays.com\/fi\/wp-content\/uploads\/2026\/01\/2041189.webp.jpeg\" width=\"576\" height=\"274\" alt=\"Tiina Nopolalla oli Eila Roineiseen l\u00e4heinen suhde.\" loading=\"lazy\" \/>            <\/p>\n<p>\n            Tiina Nopolalla oli Eila Roineiseen l\u00e4heinen suhde.<br \/>\n            Matti Matikainen\n        <\/p>\n<p class=\"article-content article-content-width !bg-background\">Kirkkoon viime hetkell\u00e4 kiiruhti n\u00e4yttelij\u00e4 .\u00a0<\/p>\n<p class=\"article-content article-content-width !bg-background\">\u2013 Muistelen h\u00e4nt\u00e4 rakkaudella. Meill\u00e4 oli viime vuosina suunnitteilla, ett\u00e4 tekisimme yhdess\u00e4 t\u00f6it\u00e4, mutta se ei koskaan toteutunut, Tuija pahoitteli.\u00a0<\/p>\n<p>                <img decoding=\"async\" src=\"https:\/\/www.europesays.com\/fi\/wp-content\/uploads\/2026\/01\/2041198.webp.jpeg\" width=\"576\" height=\"274\" alt=\"Tuija Vuolle kiiruhti kirkkoon viimeisempien joukossa.\" loading=\"lazy\" \/>            <\/p>\n<p>\n            Tuija Vuolle kiiruhti kirkkoon viimeisempien joukossa.<br \/>\n            Matti Matikainen\n        <\/p>\n<p>Koskettava siunaustilaisuus<\/p>\n<p class=\"article-content article-content-width !bg-background\">Tampereen Tuomiokirkossa Eila Roineen siunaustilaisuus alkoi  Kehtolaululla.\u00a0<\/p>\n<p class=\"article-content article-content-width !bg-background\">Sen j\u00e4lkeen laulettiin virsi Maan korvessa kulkevi lapsosen tie.\u00a0<\/p>\n<p class=\"article-content article-content-width !bg-background\">Hautajaisvieraille oli esitetty etuk\u00e4teen toive yhdest\u00e4 ruususta, ja t\u00e4t\u00e4 toivetta monet kunnioittivat kukkien laskun aikana.\u00a0<\/p>\n<p>        <a itemprop=\"url\" href=\"https:\/\/www.seiska.fi\/kotimaa\/rakastetun-eila-roineen-hautajaiset-alkoivat\/2040625\" rel=\"nofollow noopener\" target=\"_blank\"><\/p>\n<p>\nEila Roineen\n<\/p>\n<p class=\"section-date\">\n        <strong class=\"article-section\" data-section=\"kotimaa\"><br \/>\n            kotimaa<br \/>\n        <\/strong><br \/>\n        9.1. 09:13\n    <\/p>\n<p>Rakastetun Eila Roineen hautajaiset alkoivat\n    <\/p>\n<p itemprop=\"description\" class=\"subtitle \">\n    Pikkukakkosen \u201dEila-mummona\u201d tutuksi tullut Eila Roine saateltiin viimeiselle matkalle kirpe\u00e4ss\u00e4 pakkass\u00e4\u00e4ss\u00e4.\n<\/p>\n<p>        <\/a><\/p>\n<p class=\"article-content article-content-width !bg-background\">Kukkien lasku tapahtui mieskuoro Euganin saattelemana.\u00a0<\/p>\n<p class=\"article-content article-content-width !bg-background\">Viimeisen\u00e4 virten\u00e4 kuultiin Oi Herra, luoksein j\u00e4\u00e4.<\/p>\n<p class=\"article-content article-content-width !bg-background\">Loppumusiikiksi oli valittu Grace ja Glorie -n\u00e4ytelm\u00e4st\u00e4 tuttu s\u00e4vellys. Kyseinen n\u00e4ytelm\u00e4 oli Eila Roineen viimeisi\u00e4, ja se n\u00e4htiin Tampereen Teatterissa, jossa se oli kassamenestys.\u00a0<\/p>\n<p class=\"article-content article-content-width !bg-background\">N\u00e4ytelm\u00e4 oli komedia, vaikka se k\u00e4sitteli kuolemaa. N\u00e4ytelm\u00e4 oli Eilalle erityisen rakas, ja n\u00e4ytelm\u00e4st\u00e4 oli otettu v\u00e4rssy my\u00f6s h\u00e4nen kuolinilmoitukseensa.<\/p>\n<p>&#8221;Kaunis tilaisuus&#8221;<\/p>\n<p class=\"article-content article-content-width !bg-background\">Saattov\u00e4ki purkautui Tampereen Tuomiokirkosta haikeina.<\/p>\n<p class=\"article-content article-content-width !bg-background\">\u2013 Siunaustilaisuus oli kaunis,\u00a0Eila Roineen el\u00e4m\u00e4kertakirjuri  kertoi.<\/p>\n<p class=\"article-content article-content-width !bg-background\">\u2013 Eila oli juuri sellainen kuin h\u00e4nen julkisuuskuvansa oli: l\u00e4mmin, ihana, lahjakas ja \u00e4lyk\u00e4s, hyvin aito ihminen, Antti jatkoi.\u00a0<\/p>\n<p>                <img decoding=\"async\" src=\"https:\/\/www.europesays.com\/fi\/wp-content\/uploads\/2026\/01\/2041376.webp.jpeg\" width=\"576\" height=\"274\" alt=\"Antti Heikkisell\u00e4 oli kunnia tehd\u00e4 Eila Roineesta el\u00e4m\u00e4kertakirja.\" loading=\"lazy\" \/>            <\/p>\n<p>\n            Antti Heikkisell\u00e4 oli kunnia tehd\u00e4 Eila Roineesta el\u00e4m\u00e4kertakirja.<br \/>\n            Matti Matikainen\n        <\/p>\n<p class=\"article-content article-content-width !bg-background\">\u2013 Muistelen Eilaa l\u00e4mm\u00f6ll\u00e4. H\u00e4n oli kaunis sielu, valonkantaja ja h\u00e4n oli rohkaiseva ihminen. Tunsimme aina 90-luvun puoliv\u00e4list\u00e4 ja teimme paljon yhteisty\u00f6t\u00e4, n\u00e4ytelm\u00e4kirjailija-ohjaaja  muisteli.\u00a0<\/p>\n<p>                <img decoding=\"async\" src=\"https:\/\/www.europesays.com\/fi\/wp-content\/uploads\/2026\/01\/2041378.webp.jpeg\" width=\"576\" height=\"274\" alt=\"Sirkku Peltola teki tiivist\u00e4 yhteisty\u00f6t\u00e4 Eila Roineen kanssa aina 1990-luvulta l\u00e4htien.\" loading=\"lazy\" \/>            <\/p>\n<p>\n            Sirkku Peltola teki tiivist\u00e4 yhteisty\u00f6t\u00e4 Eila Roineen kanssa aina 1990-luvulta l\u00e4htien.<br \/>\n            Matti Matikainen\n        <\/p>\n<p>Veljen suru<\/p>\n<p class=\"article-content article-content-width !bg-background\">\u2013 T\u00e4m\u00e4 on surun p\u00e4iv\u00e4n, Eila veli, n\u00e4yttelij\u00e4  totesi.<\/p>\n<p class=\"article-content article-content-width !bg-background\">H\u00e4n oli tullut hautajaisiin l\u00e4hes suoraan Espanjasta, jossa Esko on talvehtinut jo muutaman vuoden ajan.<\/p>\n<p class=\"article-content article-content-width !bg-background\">\u2013 En itse ollut hautajaisj\u00e4rjestelyiss\u00e4 mukana, mutta tilaisuus oli eritt\u00e4in kaunis ja hyvin suunniteltu.\u00a0<\/p>\n<p>                <img decoding=\"async\" src=\"https:\/\/www.europesays.com\/fi\/wp-content\/uploads\/2026\/01\/2041386.webp.jpeg\" width=\"576\" height=\"274\" alt=\"Esko Roine kiiruhti Espanjan l\u00e4mm\u00f6st\u00e4 siskonsa hautajaisiin.\" loading=\"lazy\" \/>            <\/p>\n<p>\n            Esko Roine kiiruhti Espanjan l\u00e4mm\u00f6st\u00e4 siskonsa hautajaisiin.<br \/>\n            Matti Matikainen\n        <\/p>\n<p class=\"article-content article-content-width !bg-background\">Esko kehui erityisesti mieskuoron osuutta, joka lauloi kukkien laskun ajan.\u00a0<\/p>\n<p class=\"article-content article-content-width !bg-background\">\u2013 Yleens\u00e4 hautajaisissa ihmiset sanovat arkulla jotain ep\u00e4m\u00e4\u00e4r\u00e4isi\u00e4 viimeisi\u00e4 sanoja, jotka eiv\u00e4t edes kuulu kunnolla. Nyt sellaiset oli poissa, ja se oli hyv\u00e4 niin, Esko iloitsi.\u00a0<\/p>\n<p>                <img decoding=\"async\" src=\"https:\/\/www.europesays.com\/fi\/wp-content\/uploads\/2026\/01\/2041394.webp.jpeg\" width=\"576\" height=\"274\" alt=\"N\u00e4yttelij\u00e4 Mari Turunen oli my\u00f6s yksi hautajaisvieraista.\" loading=\"lazy\" \/>            <\/p>\n<p>\n            N\u00e4yttelij\u00e4 Mari Turunen oli my\u00f6s yksi hautajaisvieraista.<br \/>\n            Matti Matikainen\n        <\/p>\n<p class=\"article-content article-content-width !bg-background\">Eilan kutsuvieraille tarkoitetussa muistotilaisuudessa oli tarkoitus pit\u00e4\u00e4 muistopuheita.\u00a0<\/p>\n<p>                <img decoding=\"async\" src=\"https:\/\/www.europesays.com\/fi\/wp-content\/uploads\/2026\/01\/2041396.webp.jpeg\" width=\"576\" height=\"274\" alt=\"Petra Karjalainen on itsekin tehnyt pitk\u00e4n uran n\u00e4yttelij\u00e4n\u00e4. H\u00e4n oli yksi Eilan viimeiselle matkalle saattaneista kollegoista.\" loading=\"lazy\" \/>            <\/p>\n<p>\n            Petra Karjalainen on itsekin tehnyt pitk\u00e4n uran n\u00e4yttelij\u00e4n\u00e4. H\u00e4n oli yksi Eilan viimeiselle matkalle saattaneista kollegoista.<br \/>\n            Matti Matikainen\n        <\/p>\n","protected":false},"excerpt":{"rendered":"Matti Matikainen Tampereen Tuomiokirkko t\u00e4yttyi suruvieraista, jotka saattelivat Eila Roineen viimeiselle matkalle. Yksi saattajista oli Esko Roine, Eilan&hellip;\n","protected":false},"author":2,"featured_media":139186,"comment_status":"","ping_status":"","sticky":false,"template":"","format":"standard","meta":{"footnotes":""},"categories":[136],"tags":[24140,407,20676,137,10492,33,31,30,3958,24139,408,683,98,32,12086,24141,109],"class_list":{"0":"post-139185","1":"post","2":"type-post","3":"status-publish","4":"format-standard","5":"has-post-thumbnail","7":"category-julkkikset","8":"tag-aliisa-pulkkinen","9":"tag-celebrities","10":"tag-eila-roine","11":"tag-entertainment","12":"tag-esko-roine","13":"tag-fi","14":"tag-finland","15":"tag-finnish","16":"tag-hautajaiset","17":"tag-jotarkka-pennanen","18":"tag-julkkikset","19":"tag-kuolema","20":"tag-perhe","21":"tag-suomi","22":"tag-tampereen-tuomiokirkko","23":"tag-tiina-nopola","24":"tag-viihde"},"share_on_mastodon":{"url":"https:\/\/pubeurope.com\/@fi\/115874519031910022","error":""},"_links":{"self":[{"href":"https:\/\/www.europesays.com\/fi\/wp-json\/wp\/v2\/posts\/139185","targetHints":{"allow":["GET"]}}],"collection":[{"href":"https:\/\/www.europesays.com\/fi\/wp-json\/wp\/v2\/posts"}],"about":[{"href":"https:\/\/www.europesays.com\/fi\/wp-json\/wp\/v2\/types\/post"}],"author":[{"embeddable":true,"href":"https:\/\/www.europesays.com\/fi\/wp-json\/wp\/v2\/users\/2"}],"replies":[{"embeddable":true,"href":"https:\/\/www.europesays.com\/fi\/wp-json\/wp\/v2\/comments?post=139185"}],"version-history":[{"count":0,"href":"https:\/\/www.europesays.com\/fi\/wp-json\/wp\/v2\/posts\/139185\/revisions"}],"wp:featuredmedia":[{"embeddable":true,"href":"https:\/\/www.europesays.com\/fi\/wp-json\/wp\/v2\/media\/139186"}],"wp:attachment":[{"href":"https:\/\/www.europesays.com\/fi\/wp-json\/wp\/v2\/media?parent=139185"}],"wp:term":[{"taxonomy":"category","embeddable":true,"href":"https:\/\/www.europesays.com\/fi\/wp-json\/wp\/v2\/categories?post=139185"},{"taxonomy":"post_tag","embeddable":true,"href":"https:\/\/www.europesays.com\/fi\/wp-json\/wp\/v2\/tags?post=139185"}],"curies":[{"name":"wp","href":"https:\/\/api.w.org\/{rel}","templated":true}]}}