{"id":139187,"date":"2026-01-11T04:19:10","date_gmt":"2026-01-11T04:19:10","guid":{"rendered":"https:\/\/www.europesays.com\/fi\/139187\/"},"modified":"2026-01-11T04:19:10","modified_gmt":"2026-01-11T04:19:10","slug":"suomen-superjoukkue-ylsi-zakopanen-maessa-kahdeksanneksi-urheilu","status":"publish","type":"post","link":"https:\/\/www.europesays.com\/fi\/139187\/","title":{"rendered":"Suomen &#8221;superjoukkue&#8221; ylsi Zakopanen m\u00e4ess\u00e4 kahdeksanneksi | Urheilu"},"content":{"rendered":"<p>Suomen Antti Aalto ja Jarkko M\u00e4\u00e4tt\u00e4 sijoittuivat kahdeksanneksi m\u00e4kihypyn miesten maailmancupin niin kutsutussa superjoukkuekilpailussa, suomeksi sanottuna parikilpailussa.<\/p>\n<p>Aalto ja M\u00e4\u00e4tt\u00e4 selvittiv\u00e4t Puolan Zakopanessa j\u00e4rjestetyss\u00e4 14 joukkueen kilpailussa tiens\u00e4 kolmannelle eli viimeiselle kierrokselle. Kaksikko taipui voittaja It\u00e4vallalle 151 pisteell\u00e4. Slovenia oli toinen ja Puola kolmas.<\/p>\n<p>It\u00e4vallan joukkueessa hypp\u00e4siv\u00e4t Jan H\u00f6rl ja Stephan Embacher.<\/p>\n<p>Suomen kaksikosta Aalto leiskautti Zakopanen HS140-m\u00e4ess\u00e4 kolme hyppy\u00e4\u00e4n 132\u2013133 metriin, mutta M\u00e4\u00e4t\u00e4ll\u00e4 oli hankalaa. M\u00e4\u00e4t\u00e4n hypyt kantoivat 123, 115 ja 117,5 metri\u00e4.<\/p>\n<p>Miesten superjoukkuekilpailu on m\u00e4kihyppyohjelmassa my\u00f6s helmikuussa Milano\u2013Cortinan olympialaisissa.<\/p>\n<p>Zakopanessa j\u00e4rjestettiin lauantaina my\u00f6s henkil\u00f6kohtaisen kilpailun karsinta. Suomalaishypp\u00e4\u00e4j\u00e4t Aalto, M\u00e4\u00e4tt\u00e4, Eetu Nousiainen ja Vilho Palosaari lunastivat paikan sunnuntain kilpailussa.<\/p>\n","protected":false},"excerpt":{"rendered":"Suomen Antti Aalto ja Jarkko M\u00e4\u00e4tt\u00e4 sijoittuivat kahdeksanneksi m\u00e4kihypyn miesten maailmancupin niin kutsutussa superjoukkuekilpailussa, suomeksi sanottuna parikilpailussa. Aalto&hellip;\n","protected":false},"author":2,"featured_media":139188,"comment_status":"","ping_status":"","sticky":false,"template":"","format":"standard","meta":{"footnotes":""},"categories":[158],"tags":[23184,33,31,30,2096,12777,41,3570,2668,159,32,160,161],"class_list":{"0":"post-139187","1":"post","2":"type-post","3":"status-publish","4":"format-standard","5":"has-post-thumbnail","7":"category-urheilu","8":"tag-eetu-nousiainen","9":"tag-fi","10":"tag-finland","11":"tag-finnish","12":"tag-hiihtolajit","13":"tag-jarkko-maatta","14":"tag-liikunta-ja-urheilu","15":"tag-milano","16":"tag-pohjoismaiset-hiihtolajit","17":"tag-sports","18":"tag-suomi","19":"tag-urheilu","20":"tag-urheilutapahtumat"},"share_on_mastodon":{"url":"https:\/\/pubeurope.com\/@fi\/115874546500790503","error":""},"_links":{"self":[{"href":"https:\/\/www.europesays.com\/fi\/wp-json\/wp\/v2\/posts\/139187","targetHints":{"allow":["GET"]}}],"collection":[{"href":"https:\/\/www.europesays.com\/fi\/wp-json\/wp\/v2\/posts"}],"about":[{"href":"https:\/\/www.europesays.com\/fi\/wp-json\/wp\/v2\/types\/post"}],"author":[{"embeddable":true,"href":"https:\/\/www.europesays.com\/fi\/wp-json\/wp\/v2\/users\/2"}],"replies":[{"embeddable":true,"href":"https:\/\/www.europesays.com\/fi\/wp-json\/wp\/v2\/comments?post=139187"}],"version-history":[{"count":0,"href":"https:\/\/www.europesays.com\/fi\/wp-json\/wp\/v2\/posts\/139187\/revisions"}],"wp:featuredmedia":[{"embeddable":true,"href":"https:\/\/www.europesays.com\/fi\/wp-json\/wp\/v2\/media\/139188"}],"wp:attachment":[{"href":"https:\/\/www.europesays.com\/fi\/wp-json\/wp\/v2\/media?parent=139187"}],"wp:term":[{"taxonomy":"category","embeddable":true,"href":"https:\/\/www.europesays.com\/fi\/wp-json\/wp\/v2\/categories?post=139187"},{"taxonomy":"post_tag","embeddable":true,"href":"https:\/\/www.europesays.com\/fi\/wp-json\/wp\/v2\/tags?post=139187"}],"curies":[{"name":"wp","href":"https:\/\/api.w.org\/{rel}","templated":true}]}}