{"id":139189,"date":"2026-01-11T04:20:07","date_gmt":"2026-01-11T04:20:07","guid":{"rendered":"https:\/\/www.europesays.com\/fi\/139189\/"},"modified":"2026-01-11T04:20:07","modified_gmt":"2026-01-11T04:20:07","slug":"the-new-york-times-artikkeli-coldplay-konsertti-teki-kristin-cabotista-koko-maailman-pilkan-kohteen-pettamiskohu-johti-jopa-tappouhkauksiin-uutissuomalainen","status":"publish","type":"post","link":"https:\/\/www.europesays.com\/fi\/139189\/","title":{"rendered":"The New York Times -artikkeli | Coldplay-konsertti teki Kristin Cabotista koko maailman pilkan kohteen \u2013 pett\u00e4miskohu johti jopa tappouhkauksiin | Uutissuomalainen"},"content":{"rendered":"<p><strong>Kristin Cabot <\/strong>uskoo, ettei h\u00e4nen kannata en\u00e4\u00e4 olla hiljaa.<\/p>\n<p>Kun kuva Cabotista pomonsa syleilyss\u00e4 oli ilmestynyt valtavalle n\u00e4yt\u00f6lle Coldplay-yhtyeen konsertissa 16. hein\u00e4kuuta, k\u00e4vi aluksi j\u00e4rkeen, ett\u00e4 Cabot vet\u00e4ytyi ja pysyi hiljaa. Konsertin tapahtumista nousi kansainv\u00e4linen kohu, ja alkuper\u00e4inen Tiktok-video ker\u00e4si muutamassa p\u00e4iv\u00e4ss\u00e4 100 miljoonaa katselukertaa.<\/p>\n<p>Cabot on t\u00f6iss\u00e4 teknologiayritys Astronomerissa. H\u00e4nell\u00e4 on kaksi teini-ik\u00e4ist\u00e4 lasta. Konsertin aikaan h\u00e4n eli asumuserossa toisen aviomiehens\u00e4 <strong>Andrew Cabotin<\/strong> kanssa, ja vireill\u00e4 oli avioero.<\/p>\n<p>Kun video l\u00e4hti viraaliksi, Kristin Cabotin ensimm\u00e4inen ajatus oli: &#8221;Voi luoja, olen satuttanut hyvi\u00e4 ihmisi\u00e4.&#8221;<\/p>\n","protected":false},"excerpt":{"rendered":"Kristin Cabot uskoo, ettei h\u00e4nen kannata en\u00e4\u00e4 olla hiljaa. Kun kuva Cabotista pomonsa syleilyss\u00e4 oli ilmestynyt valtavalle n\u00e4yt\u00f6lle&hellip;\n","protected":false},"author":2,"featured_media":139190,"comment_status":"","ping_status":"","sticky":false,"template":"","format":"standard","meta":{"footnotes":""},"categories":[130],"tags":[137,1664,33,31,30,3878,24142,32,10823,56,109],"class_list":{"0":"post-139189","1":"post","2":"type-post","3":"status-publish","4":"format-standard","5":"has-post-thumbnail","7":"category-viihde","8":"tag-entertainment","9":"tag-ero","10":"tag-fi","11":"tag-finland","12":"tag-finnish","13":"tag-julkisuuden-henkilot","14":"tag-maailman-parasta-journalismia","15":"tag-suomi","16":"tag-the-new-york-times","17":"tag-ulkomaat","18":"tag-viihde"},"share_on_mastodon":{"url":"https:\/\/pubeurope.com\/@fi\/115874550391720669","error":""},"_links":{"self":[{"href":"https:\/\/www.europesays.com\/fi\/wp-json\/wp\/v2\/posts\/139189","targetHints":{"allow":["GET"]}}],"collection":[{"href":"https:\/\/www.europesays.com\/fi\/wp-json\/wp\/v2\/posts"}],"about":[{"href":"https:\/\/www.europesays.com\/fi\/wp-json\/wp\/v2\/types\/post"}],"author":[{"embeddable":true,"href":"https:\/\/www.europesays.com\/fi\/wp-json\/wp\/v2\/users\/2"}],"replies":[{"embeddable":true,"href":"https:\/\/www.europesays.com\/fi\/wp-json\/wp\/v2\/comments?post=139189"}],"version-history":[{"count":0,"href":"https:\/\/www.europesays.com\/fi\/wp-json\/wp\/v2\/posts\/139189\/revisions"}],"wp:featuredmedia":[{"embeddable":true,"href":"https:\/\/www.europesays.com\/fi\/wp-json\/wp\/v2\/media\/139190"}],"wp:attachment":[{"href":"https:\/\/www.europesays.com\/fi\/wp-json\/wp\/v2\/media?parent=139189"}],"wp:term":[{"taxonomy":"category","embeddable":true,"href":"https:\/\/www.europesays.com\/fi\/wp-json\/wp\/v2\/categories?post=139189"},{"taxonomy":"post_tag","embeddable":true,"href":"https:\/\/www.europesays.com\/fi\/wp-json\/wp\/v2\/tags?post=139189"}],"curies":[{"name":"wp","href":"https:\/\/api.w.org\/{rel}","templated":true}]}}