{"id":139193,"date":"2026-01-11T04:24:13","date_gmt":"2026-01-11T04:24:13","guid":{"rendered":"https:\/\/www.europesays.com\/fi\/139193\/"},"modified":"2026-01-11T04:24:13","modified_gmt":"2026-01-11T04:24:13","slug":"sdpn-harakka-ja-skinnari-milloin-ja-miten-suomen-hallitus-aikoo-tuomita-usan-asettaman-viisumikiellon-entiselle-eu-komissaarille-thierry-bretonille","status":"publish","type":"post","link":"https:\/\/www.europesays.com\/fi\/139193\/","title":{"rendered":"SDP:n Harakka ja Skinnari: Milloin ja miten Suomen hallitus aikoo tuomita USAn asettaman viisumikiellon entiselle EU-komissaarille Thierry Bretonille?"},"content":{"rendered":"<p>Yhdysvaltain yll\u00e4tt\u00e4v\u00e4 p\u00e4\u00e4t\u00f6s liittyy EU:n digipalvelus\u00e4\u00e4d\u00f6kseen (DSA), jota Yhdysvallat vastustaa. S\u00e4\u00e4d\u00f6ksen tarkoituksena on torjua vihapuhetta, v\u00e4\u00e4r\u00e4\u00e4 tietoa ja disinformaatiota. Thierry Breton oli Von der Leyenin ensimm\u00e4isen komission sis\u00e4markkinoista vastaava komissaari.<\/p>\n<p>\u2014 On ennenkuulumatonta, ett\u00e4 EU:n korkealle toimihenkil\u00f6lle asetetaan pakotteita, ja ett\u00e4 EU:n suvereniteetti lains\u00e4\u00e4t\u00e4j\u00e4n\u00e4 kiistet\u00e4\u00e4n, sanoo\u00a0<strong>Timo Harakka<\/strong> (sd), joka toimi liikenne- ja viestint\u00e4ministerin\u00e4 DSA-s\u00e4\u00e4d\u00f6ksen valmisteluaikana ja tuntee siis aiheen hyvin.<\/p>\n<p>\u2014 Digipalveluasetuksesta ovat asiallisesti vastuussa 27 EU-j\u00e4senmaan ministeri\u00e4, jotka hyv\u00e4ksyiv\u00e4t s\u00e4\u00e4d\u00f6ksen, samoin Euroopan parlamentin ylivoimainen enemmist\u00f6. Kaikki demokraattisesti vaaleilla valittuja. T\u00e4ss\u00e4 maailmantilanteessa Euroopan on nyt tai ei koskaan noustava puolustamaan itsem\u00e4\u00e4r\u00e4\u00e4misoikeuttaan, sanoo\u00a0<strong>Ville Skinnari <\/strong>(sd).<\/p>\n<p>Esimerkiksi Ranska ja Saksa ovat jo tuominneet teon. Bryssel valmistelee jo p\u00e4\u00e4tt\u00e4v\u00e4ist\u00e4 ja nopeaa <a href=\"https:\/\/thehill.com\/opinion\/technology\/5672453-trump-visa-sanctions-europe\/\" rel=\"nofollow noopener\" target=\"_blank\">vastatoimipakettia<\/a>. Harkittavana ovat Yhdysvaltain virkamiehille asetettujen vastavuoroisten viisumikieltojen asettaminen ja amerikkalaisten teknologiajohtajien nopeutettujen ESTA-etuuksien keskeytt\u00e4minen. My\u00f6s Suomen hallituksen olisi t\u00e4rke\u00e4\u00e4 ottaa kantaa.<\/p>\n<p>\u2014 Trumpin hallinnon perustelut ovat kauttaaltaan v\u00e4\u00e4risteltyj\u00e4. Digipalveluasetus suojelee eurooppalaisia kuluttajia laittomuuksilta \u2014 se ei rajoita digitaalisia sis\u00e4lt\u00f6j\u00e4, ei edes vihapuhetta tai disinformaatiota, toteaa Timo Harakka.<\/p>\n<p>\u2014 Leimaamalla Bretonin digitaalisten palveluiden lain p\u00e4\u00e4suunnittelijaksi, jota ei tule p\u00e4\u00e4st\u00e4\u00e4 maahan, on USAn ulkoministeri\u00f6 on k\u00e4yt\u00e4nn\u00f6ss\u00e4 kriminalisoinut eurooppalaisen lains\u00e4\u00e4t\u00e4misen, toteaa Ville Skinnari.<\/p>\n<p>\u2014 T\u00e4llaiseen toimintaan tulee reagoida v\u00e4litt\u00f6m\u00e4sti ja selke\u00e4sti.<\/p>\n<p>Harakka nostaa esiin my\u00f6s USAn kaksoisstandardit:<\/p>\n<p>\u2014 Ironista on, ett\u00e4 Trumpin hallinto perustelee r\u00f6yhke\u00e4\u00e4 toimintaansa sananvapaudella ja sensuurin vastustamisella. Samaan aikaan se valmistelee rajak\u00e4yt\u00e4nt\u00f6j\u00e4, jotka velvoittaisivat maahan pyrkij\u00e4t esittelem\u00e4\u00e4n sosiaalisen median sy\u00f6tteit\u00e4\u00e4n viiden vuoden ajalta. Tavoitteena on tietenkin n\u00e4in kirist\u00e4m\u00e4ll\u00e4 rajoittaa Trumpin hallintoon kohdistuvaa arvostelua.<\/p>\n","protected":false},"excerpt":{"rendered":"Yhdysvaltain yll\u00e4tt\u00e4v\u00e4 p\u00e4\u00e4t\u00f6s liittyy EU:n digipalvelus\u00e4\u00e4d\u00f6kseen (DSA), jota Yhdysvallat vastustaa. S\u00e4\u00e4d\u00f6ksen tarkoituksena on torjua vihapuhetta, v\u00e4\u00e4r\u00e4\u00e4 tietoa ja&hellip;\n","protected":false},"author":2,"featured_media":139194,"comment_status":"","ping_status":"","sticky":false,"template":"","format":"standard","meta":{"footnotes":""},"categories":[14],"tags":[22,23,26,27,33,31,30,17,24,25,28,29,15,18,21,32,19,20,56,16,59,60,61],"class_list":{"0":"post-139193","1":"post","2":"type-post","3":"status-publish","4":"format-standard","5":"has-post-thumbnail","7":"category-ulkomaat","8":"tag-breaking-news","9":"tag-breakingnews","10":"tag-featured-news","11":"tag-featurednews","12":"tag-fi","13":"tag-finland","14":"tag-finnish","15":"tag-headlines","16":"tag-latest-news","17":"tag-latestnews","18":"tag-main-news","19":"tag-mainnews","20":"tag-news","21":"tag-otsikot","22":"tag-paauutiset","23":"tag-suomi","24":"tag-top-stories","25":"tag-topstories","26":"tag-ulkomaat","27":"tag-uutiset","28":"tag-world","29":"tag-world-news","30":"tag-worldnews"},"share_on_mastodon":{"url":"https:\/\/pubeurope.com\/@fi\/115874566180139529","error":""},"_links":{"self":[{"href":"https:\/\/www.europesays.com\/fi\/wp-json\/wp\/v2\/posts\/139193","targetHints":{"allow":["GET"]}}],"collection":[{"href":"https:\/\/www.europesays.com\/fi\/wp-json\/wp\/v2\/posts"}],"about":[{"href":"https:\/\/www.europesays.com\/fi\/wp-json\/wp\/v2\/types\/post"}],"author":[{"embeddable":true,"href":"https:\/\/www.europesays.com\/fi\/wp-json\/wp\/v2\/users\/2"}],"replies":[{"embeddable":true,"href":"https:\/\/www.europesays.com\/fi\/wp-json\/wp\/v2\/comments?post=139193"}],"version-history":[{"count":0,"href":"https:\/\/www.europesays.com\/fi\/wp-json\/wp\/v2\/posts\/139193\/revisions"}],"wp:featuredmedia":[{"embeddable":true,"href":"https:\/\/www.europesays.com\/fi\/wp-json\/wp\/v2\/media\/139194"}],"wp:attachment":[{"href":"https:\/\/www.europesays.com\/fi\/wp-json\/wp\/v2\/media?parent=139193"}],"wp:term":[{"taxonomy":"category","embeddable":true,"href":"https:\/\/www.europesays.com\/fi\/wp-json\/wp\/v2\/categories?post=139193"},{"taxonomy":"post_tag","embeddable":true,"href":"https:\/\/www.europesays.com\/fi\/wp-json\/wp\/v2\/tags?post=139193"}],"curies":[{"name":"wp","href":"https:\/\/api.w.org\/{rel}","templated":true}]}}