{"id":13920,"date":"2025-08-23T08:55:08","date_gmt":"2025-08-23T08:55:08","guid":{"rendered":"https:\/\/www.europesays.com\/fi\/13920\/"},"modified":"2025-08-23T08:55:08","modified_gmt":"2025-08-23T08:55:08","slug":"tanne-catherine-ja-william-muuttavat-huhujen-mukaan","status":"publish","type":"post","link":"https:\/\/www.europesays.com\/fi\/13920\/","title":{"rendered":"T\u00e4nne Catherine ja William muuttavat huhujen mukaan"},"content":{"rendered":"<p>Brittilehdet ovat vakuuttuneita siit\u00e4, ett\u00e4 pari muuttaa perheineen Forest Lodgeen.<\/p>\n<p><img decoding=\"async\" class=\"image image-show image-preview\" src=\"https:\/\/www.europesays.com\/fi\/wp-content\/uploads\/2025\/08\/8c6e57931ebfd09513865138fa08240a06c9f9c9a7de34500a76f2fc7ed0ba6d.jpg\" alt=\"\"\/><img decoding=\"async\" class=\"image image-show\" src=\"https:\/\/www.europesays.com\/fi\/wp-content\/uploads\/2025\/08\/1755939308_667_8c6e57931ebfd09513865138fa08240a06c9f9c9a7de34500a76f2fc7ed0ba6d.jpg\" alt=\"\"\/><\/p>\n<p>T\u00e4lt\u00e4 Forest Lodge n\u00e4ytt\u00e4\u00e4. AOP<\/p>\n<p class=\"paragraph\">Useiden lehtitietojen mukaan prinssi <a href=\"https:\/\/www.iltalehti.fi\/henkilot\/William\" class=\"article-link-person-page\" rel=\"nofollow noopener\" target=\"_blank\">William<\/a> ja prinsessa <a href=\"https:\/\/www.iltalehti.fi\/henkilot\/Catherine\" class=\"article-link-person-page\" rel=\"nofollow noopener\" target=\"_blank\">Catherine<\/a> muuttavat pian Forest Lodge -nimiseen kartanoon Windsorin mailla.<\/p>\n<p class=\"paragraph\">Kartanosta ei ole juurikaan julkaistu kuvia aiemmin julkisuudessa, mutta nyt paparazzit ovat saaneet napattua tiluksilta otoksia. Kyseess\u00e4 on punatiilinen kolmekerroksinen hulppea kartano.<\/p>\n<p>Kartano sijaitsee Windsorin linnan mailla. AOP<\/p>\n<p class=\"paragraph\">Brittilehti <a href=\"https:\/\/www.dailymail.co.uk\/news\/royals\/article-15008831\/William-family-Forest-Lodge-King-REBECCA-ENGLISH.html\" rel=\"noopener nofollow\" target=\"_blank\">Daily Mail kirjoittaa<\/a>, ett\u00e4 perhe aikoo asettua taloon pysyv\u00e4sti. Lehden mukaan he aikovat asua kartanossa my\u00f6s silloin, kun Williamista tulee kuningas.<\/p>\n<p class=\"paragraph\">Pari on asunut perheineen Adelaine Cottage -nimisess\u00e4 talossa kolmen vuoden ajan. Se sijaitsee noin kuuden kilometrin p\u00e4\u00e4ss\u00e4 Forest Lodgesta Windsorin linnan mailla.<\/p>\n<p class=\"paragraph\">Huhujen mukaan Adelaine Cottage on j\u00e4\u00e4nyt perheelle liian pieneksi. Perhe tarvitsee lis\u00e4\u00e4 tilaa kasvaville lapsille. Uudessa kartanossa on kahdeksan makuuhuonetta, kun taas Adelaine Cottagessa on vain nelj\u00e4. Lis\u00e4ksi Forest Lodgessa on muun muassa suuri juhlasali.<\/p>\n<p class=\"paragraph\">Georgialaistyylinen kartano on per\u00e4isin 1700-luvun puoliv\u00e4list\u00e4, eli se on liki 300 vuotta vanha. Forest Lodge on brittimedioiden mukaan jonkinlaisen remontin alla. Paikan p\u00e4\u00e4ll\u00e4 vierailee jatkuvasti rakennusmiehi\u00e4 ja puutarhureita.<\/p>\n<p class=\"paragraph\">My\u00f6s Fort Belvederen kerrotaan olleen p\u00f6yd\u00e4ll\u00e4, kun pariskunta pohti uutta kotipes\u00e4\u00e4.<\/p>\n<p class=\"paragraph\">Muuton uskotaan olevan prinssille ja prinsessalle my\u00f6s t\u00e4rke\u00e4 siirtym\u00e4 el\u00e4m\u00e4ss\u00e4, sill\u00e4 he voivat samalla j\u00e4tt\u00e4\u00e4 paljon huonoja muistoja taakseen. Catherine sairastui perheen asuessa Adelaine Cottagessa, joten taloon uskotaan liittyv\u00e4n paljon huonoja muistoja.<\/p>\n<p>Prinssi William ja prinsessa Catherine perheineen. AOP<\/p>\n","protected":false},"excerpt":{"rendered":"Brittilehdet ovat vakuuttuneita siit\u00e4, ett\u00e4 pari muuttaa perheineen Forest Lodgeen. T\u00e4lt\u00e4 Forest Lodge n\u00e4ytt\u00e4\u00e4. AOP Useiden lehtitietojen mukaan&hellip;\n","protected":false},"author":2,"featured_media":13921,"comment_status":"","ping_status":"","sticky":false,"template":"","format":"standard","meta":{"footnotes":""},"categories":[130],"tags":[35,36,542,654,137,33,31,30,653,652,32,109],"class_list":{"0":"post-13920","1":"post","2":"type-post","3":"status-publish","4":"format-standard","5":"has-post-thumbnail","7":"category-viihde","8":"tag-24h","9":"tag-asuintalot-ja-asunnot","10":"tag-asuminen","11":"tag-britannian-kuningashuone","12":"tag-entertainment","13":"tag-fi","14":"tag-finland","15":"tag-finnish","16":"tag-julkkisperheet","17":"tag-kuninkaalliset","18":"tag-suomi","19":"tag-viihde"},"share_on_mastodon":{"url":"","error":""},"_links":{"self":[{"href":"https:\/\/www.europesays.com\/fi\/wp-json\/wp\/v2\/posts\/13920","targetHints":{"allow":["GET"]}}],"collection":[{"href":"https:\/\/www.europesays.com\/fi\/wp-json\/wp\/v2\/posts"}],"about":[{"href":"https:\/\/www.europesays.com\/fi\/wp-json\/wp\/v2\/types\/post"}],"author":[{"embeddable":true,"href":"https:\/\/www.europesays.com\/fi\/wp-json\/wp\/v2\/users\/2"}],"replies":[{"embeddable":true,"href":"https:\/\/www.europesays.com\/fi\/wp-json\/wp\/v2\/comments?post=13920"}],"version-history":[{"count":0,"href":"https:\/\/www.europesays.com\/fi\/wp-json\/wp\/v2\/posts\/13920\/revisions"}],"wp:featuredmedia":[{"embeddable":true,"href":"https:\/\/www.europesays.com\/fi\/wp-json\/wp\/v2\/media\/13921"}],"wp:attachment":[{"href":"https:\/\/www.europesays.com\/fi\/wp-json\/wp\/v2\/media?parent=13920"}],"wp:term":[{"taxonomy":"category","embeddable":true,"href":"https:\/\/www.europesays.com\/fi\/wp-json\/wp\/v2\/categories?post=13920"},{"taxonomy":"post_tag","embeddable":true,"href":"https:\/\/www.europesays.com\/fi\/wp-json\/wp\/v2\/tags?post=13920"}],"curies":[{"name":"wp","href":"https:\/\/api.w.org\/{rel}","templated":true}]}}