{"id":139207,"date":"2026-01-11T04:50:20","date_gmt":"2026-01-11T04:50:20","guid":{"rendered":"https:\/\/www.europesays.com\/fi\/139207\/"},"modified":"2026-01-11T04:50:20","modified_gmt":"2026-01-11T04:50:20","slug":"myrskytuulet-ovat-tuoneet-rankkasateita-lumipyryja-ja-korkeita-aaltoja-eri-puolille-eurooppaa-vaikutuksia-walesista-turkkiin","status":"publish","type":"post","link":"https:\/\/www.europesays.com\/fi\/139207\/","title":{"rendered":"Myrskytuulet ovat tuoneet rankkasateita, lumipyryj\u00e4 ja korkeita aaltoja eri puolille Eurooppaa, vaikutuksia Walesista Turkkiin"},"content":{"rendered":"<p>S\u00e4\u00e4|Euroopassa riehuvat Goretti- ja Elli-myrskyn tuulet. Lentoja ja junia on peruttu, kouluja suljettu ja s\u00e4hk\u00f6j\u00e4 katkennut.<\/p>\n<p>9.1. 17:41<\/p>\n<p>Lue tiivistelm\u00e4<\/p>\n<p class=\"article-body mb-nof-24 px-nof-16 sndp-summary-bullet-point-font\">Myrskytuulet ovat tuoneet rankkasateita, lumipyryj\u00e4 ja korkeita aaltoja eri puolille Eurooppaa. Yli kymmenen ihmist\u00e4 on kuollut viikon aikana vaikeiden s\u00e4\u00e4olojen seurauksena.<\/p>\n<p class=\"article-body mb-nof-24 px-nof-16 sndp-summary-bullet-point-font\">Kymmeni\u00e4 lentoja on peruttu ja satojatuhansia kotitalouksia on ilman s\u00e4hk\u00f6\u00e4 eri puolilla Eurooppaa.<\/p>\n<p class=\"article-body mb-nof-24 px-nof-16 sndp-summary-bullet-point-font\">Ranskassa Mach\u00e9ssa tuulen nopeus on ollut jopa 60 metri\u00e4 sekunnissa, Britannian Scillynsaarilla 44 metri\u00e4 sekunnissa.<\/p>\n<p class=\"article-body mb-nof-24 px-nof-16\">Pohjois- ja Manner-Euroopassa myllert\u00e4v\u00e4t nyt kylm\u00e4t ja tuuliset luonnonvoimat.<\/p>\n<p class=\"article-body mb-nof-24 px-nof-16\">Atlantilta saapuneet myrskytuulet ovat tuoneet mukanaan jopa hengenvaarallisia rankkasateita, lumipyryj\u00e4 ja korkeita aaltoja, kertovat muun muassa uutistoimistot AFP ja <a class=\"underline underline-offset-[0.12em] [text-decoration-thickness:var(--generic-link-underline-thickness)] [text-decoration-color:var(--generic-link-underline-color)] [text-decoration-skip-ink:var(--generic-link-underline-skip-ink)] break-words\" href=\"https:\/\/apnews.com\/article\/britain-france-goretti-storm-d9d2d60fcc34a7a3be8033c5d739e843\" rel=\"nofollow noopener\" target=\"_blank\">AP<\/a>.<\/p>\n<p class=\"article-body mb-nof-24 px-nof-16\">Talviset s\u00e4\u00e4ilmi\u00f6t ovat hankaloittaneet arkea muun muassa Britanniassa, Ranskassa, Saksassa, Romaniassa, Albaniassa, Serbiassa ja Turkissa.<\/p>\n<p class=\"article-body mb-nof-24 px-nof-16\">Goretti-myrskyn puuskat ovat perjantaina puhaltaneet Ranskan Mach\u00e9ssa pahimmillaan jopa 60 metri\u00e4 sekunnissa. Samainen myrsky on puhaltanut Britanniaan kuuluvilla Scillynsaarilla 44 metri\u00e4 sekunnissa.<\/p>\n<p class=\"article-body mb-nof-24 px-nof-16\">Osaan Britanniaa on luvattu jopa 30 senttimetri\u00e4 lunta. Pohjois-Saksassa riehunut Elli-myrsky on puolestaan sulkenut kouluja ja perunut junia.<\/p>\n<p class=\"article-body mb-nof-24 px-nof-16\">Yli kymmenen ihmist\u00e4 on kuollut viikon aikana eri puolilla Eurooppaa s\u00e4\u00e4ilmi\u00f6iden seurauksena. Esimerkiksi Turkissa kaksi ihmist\u00e4 kuoli erillisiss\u00e4 turmissa kattotiilien irrottua ja rakennusmies hukkui huuhtouduttuaan Egeanmereen.<\/p>\n<p class=\"article-body mb-nof-24 px-nof-16\">Kymmeni\u00e4 lentoja on peruttu ja sadattuhannet ihmiset ovat ilman s\u00e4hk\u00f6\u00e4 ymp\u00e4ri Eurooppaa.<\/p>\n<p class=\"article-body mb-nof-24 px-nof-16\">HS koosti jo p\u00e4ivi\u00e4 jatkuneen talvis\u00e4\u00e4n tuoreimpia vaikutuksia eri puolilla Eurooppaa.<\/p>\n<ul class=\"mb-nof-16 px-nof-16 article-unordered-list unordered-list\">\n<li class=\"unordered-list-item\">\n<p class=\"article-body\">Euroopan suurimmalla lentoasemalla Lontoon Heathrow\u2019lla on peruttu noin 50 lentoa. Vaikutukset ulottuvat tuhansiin lentomatkustajiin aina T\u0161ekist\u00e4 Moskovaan.<\/p>\n<\/li>\n<li class=\"unordered-list-item\">\n<p class=\"article-body\">Birminghamin lentokentt\u00e4 jouduttiin sulkemaan v\u00e4liaikaisesti lumisateen vuoksi. Lentokentt\u00e4 jatkoi toimintaansa rajoitetusti.<\/p>\n<\/li>\n<li class=\"unordered-list-item\">\n<p class=\"article-body\">Britanniassa noin 57\u202f000 kotitaloutta oli ilman s\u00e4hk\u00f6\u00e4 perjantaina.<\/p>\n<\/li>\n<li class=\"unordered-list-item\">\n<p class=\"article-body\">Britannian s\u00e4\u00e4palvelu on varoittanut hyvin korkeista aalloista ja vaarallisista s\u00e4\u00e4oloista Walesin ja Englannin rannikoilla.<\/p>\n<\/li>\n<li class=\"unordered-list-item\">\n<p class=\"article-body\">Kaikki junat on peruttu Lounais-Englannissa Cornwallissa perjantaina. Yli 250 koulua on suljettu Skotlannissa, miss\u00e4 s\u00e4\u00e4olot ovat olleet vaikeat joululomista saakka.<\/p>\n<\/li>\n<li class=\"unordered-list-item\">\n<p class=\"article-body\">Ranskassa 380\u202f000 kotitaloutta on ilman s\u00e4hk\u00f6\u00e4. Suurin osa katkoista on Normandian alueella. My\u00f6s kouluja on suljettu ja junia peruttu.<\/p>\n<\/li>\n<li class=\"unordered-list-item\">\n<p class=\"article-body\">Pohjois-Saksassa koulut on m\u00e4\u00e4r\u00e4tty suljettaviksi Hampurissa ja Bremeniss\u00e4. Kaukoliikenteen junia on peruttu.<\/p>\n<\/li>\n<li class=\"unordered-list-item\">\n<p class=\"article-body\">Voimakkaiden lumi- ja vesisateiden aiheuttamat tulvat ovat tehneet tuhoja Balkanilla etenkin Albaniassa.<\/p>\n<\/li>\n<li class=\"unordered-list-item\">\n<p class=\"article-body\">Serbian l\u00e4nsiosissa ihmiset ovat olleet ilman s\u00e4hk\u00f6\u00e4 jo p\u00e4ivi\u00e4 lumipyryn rikottua s\u00e4hk\u00f6linjoja. Katkoja on my\u00f6s Romanian puolella.<\/p>\n<\/li>\n<\/ul>\n<p><img decoding=\"async\" src=\"https:\/\/www.europesays.com\/fi\/wp-content\/uploads\/2026\/01\/1767892928_764_468.jpg\" alt=\"Postinjakaja ajeli lumikasan peitt\u00e4mien polkupy\u00f6rien ohi Hampurissa torstaina.\" class=\"_Img_1rerz_1\" style=\"aspect-ratio:1.7777777777777777\" loading=\"eager\"\/><\/p>\n<p class=\"article-picture-caption\">Postinjakaja ajeli lumikasan peitt\u00e4mien polkupy\u00f6rien ohi Hampurissa torstaina. Kuva:\u00a0Fabian Bimmer \/ Reuters<\/p>\n<p><img decoding=\"async\" src=\"https:\/\/www.europesays.com\/fi\/wp-content\/uploads\/2026\/01\/1768107019_528_468.jpg\" alt=\"10-vuotias Hendricks laski pulkkam\u00e4ke\u00e4 Buxtonissa Britanniassa perjantaina.\" class=\"_Img_1rerz_1\" style=\"aspect-ratio:1.5\" loading=\"eager\"\/><\/p>\n<p class=\"article-picture-caption\">10-vuotias Hendricks laski pulkkam\u00e4ke\u00e4 Buxtonissa Britanniassa perjantaina. Kuva:\u00a0Temilade Adelaja \/ Reuters<\/p>\n<p><img decoding=\"async\" src=\"https:\/\/www.europesays.com\/fi\/wp-content\/uploads\/2026\/01\/1768107019_429_468.jpg\" alt=\"Mies putsasi autoaan lumikerroksen alta Puolan Olsztynissa uudenvuodenaattona.\" class=\"_Img_1rerz_1\" style=\"aspect-ratio:1.4988290398126465\" loading=\"eager\"\/><\/p>\n<p class=\"article-picture-caption\">Mies putsasi autoaan lumikerroksen alta Puolan Olsztynissa uudenvuodenaattona. Kuva:\u00a0Robert Robaszewski \/ Agencja Wyborcza<\/p>\n<p><img decoding=\"async\" src=\"https:\/\/www.europesays.com\/fi\/wp-content\/uploads\/2026\/01\/1768107020_651_468.jpg\" alt=\"Nainen k\u00e4veli pitkin lumen peitt\u00e4m\u00e4\u00e4 Kaarlensiltaa Prahassa perjantaina.\" class=\"_Img_1rerz_1\" style=\"aspect-ratio:1.5\" loading=\"eager\"\/><\/p>\n<p class=\"article-picture-caption\">Nainen k\u00e4veli pitkin lumen peitt\u00e4m\u00e4\u00e4 Kaarlensiltaa Prahassa perjantaina. Kuva:\u00a0David W. Cerny \/ Reuters<\/p>\n<p><img decoding=\"async\" src=\"https:\/\/www.europesays.com\/fi\/wp-content\/uploads\/2026\/01\/1768107020_165_468.jpg\" alt=\"Liikennepoliisin auto k\u00f6k\u00f6tti tiell\u00e4 sankassa lumisateessa Moskovassa perjantaina.\" class=\"_Img_1rerz_1\" style=\"aspect-ratio:1.5298804780876494\" loading=\"eager\"\/><\/p>\n<p class=\"article-picture-caption\">Liikennepoliisin auto k\u00f6k\u00f6tti tiell\u00e4 sankassa lumisateessa Moskovassa perjantaina. Kuva:\u00a0Ramil Sitdikov \/ Reuters<\/p>\n<p><img decoding=\"async\" src=\"https:\/\/www.europesays.com\/fi\/wp-content\/uploads\/2026\/01\/1768107020_384_468.jpg\" alt=\"Rekat jumittuivat moottoritielle l\u00e4hell\u00e4 Saksan Breitenbachia perjantaina.\" class=\"_Img_1rerz_1\" style=\"aspect-ratio:1.5274463007159904\" loading=\"eager\"\/><\/p>\n<p class=\"article-picture-caption\">Rekat jumittuivat moottoritielle l\u00e4hell\u00e4 Saksan Breitenbachia perjantaina. Kuva:\u00a0Timm Reichert \/ Reuters<\/p>\n<p><img decoding=\"async\" src=\"https:\/\/www.europesays.com\/fi\/wp-content\/uploads\/2026\/01\/1768107020_441_468.jpg\" alt=\"Palomies kantoi lasta tulvien keskelle j\u00e4\u00e4neest\u00e4 talosta Kosovon Kuzminissa keskiviikkona. Kosovossa ja muualla Balkanilla rankkasateiden aiheuttamat tulvat ovat j\u00e4tt\u00e4neet ihmisi\u00e4 pulaan ilman s\u00e4hk\u00f6\u00e4 ja puhdasta vett\u00e4.\" class=\"_Img_1rerz_1\" style=\"aspect-ratio:1.5\" loading=\"eager\"\/><\/p>\n<p class=\"article-picture-caption\">Palomies kantoi lasta tulvien keskelle j\u00e4\u00e4neest\u00e4 talosta Kosovon Kuzminissa keskiviikkona. Kosovossa ja muualla Balkanilla rankkasateiden aiheuttamat tulvat ovat j\u00e4tt\u00e4neet ihmisi\u00e4 pulaan ilman s\u00e4hk\u00f6\u00e4 ja puhdasta vett\u00e4. Kuva:\u00a0Valdrin Xhemaj \/ Reuters<\/p>\n","protected":false},"excerpt":{"rendered":"S\u00e4\u00e4|Euroopassa riehuvat Goretti- ja Elli-myrskyn tuulet. Lentoja ja junia on peruttu, kouluja suljettu ja s\u00e4hk\u00f6j\u00e4 katkennut. 9.1. 17:41&hellip;\n","protected":false},"author":2,"featured_media":139208,"comment_status":"","ping_status":"","sticky":false,"template":"","format":"standard","meta":{"footnotes":""},"categories":[14],"tags":[22,23,26,27,33,31,30,17,46,24,25,28,29,15,18,21,32,19,20,56,16,59,60,61],"class_list":{"0":"post-139207","1":"post","2":"type-post","3":"status-publish","4":"format-standard","5":"has-post-thumbnail","7":"category-ulkomaat","8":"tag-breaking-news","9":"tag-breakingnews","10":"tag-featured-news","11":"tag-featurednews","12":"tag-fi","13":"tag-finland","14":"tag-finnish","15":"tag-headlines","16":"tag-helsingin-sanomat","17":"tag-latest-news","18":"tag-latestnews","19":"tag-main-news","20":"tag-mainnews","21":"tag-news","22":"tag-otsikot","23":"tag-paauutiset","24":"tag-suomi","25":"tag-top-stories","26":"tag-topstories","27":"tag-ulkomaat","28":"tag-uutiset","29":"tag-world","30":"tag-world-news","31":"tag-worldnews"},"share_on_mastodon":{"url":"https:\/\/pubeurope.com\/@fi\/115874668497373348","error":""},"_links":{"self":[{"href":"https:\/\/www.europesays.com\/fi\/wp-json\/wp\/v2\/posts\/139207","targetHints":{"allow":["GET"]}}],"collection":[{"href":"https:\/\/www.europesays.com\/fi\/wp-json\/wp\/v2\/posts"}],"about":[{"href":"https:\/\/www.europesays.com\/fi\/wp-json\/wp\/v2\/types\/post"}],"author":[{"embeddable":true,"href":"https:\/\/www.europesays.com\/fi\/wp-json\/wp\/v2\/users\/2"}],"replies":[{"embeddable":true,"href":"https:\/\/www.europesays.com\/fi\/wp-json\/wp\/v2\/comments?post=139207"}],"version-history":[{"count":0,"href":"https:\/\/www.europesays.com\/fi\/wp-json\/wp\/v2\/posts\/139207\/revisions"}],"wp:featuredmedia":[{"embeddable":true,"href":"https:\/\/www.europesays.com\/fi\/wp-json\/wp\/v2\/media\/139208"}],"wp:attachment":[{"href":"https:\/\/www.europesays.com\/fi\/wp-json\/wp\/v2\/media?parent=139207"}],"wp:term":[{"taxonomy":"category","embeddable":true,"href":"https:\/\/www.europesays.com\/fi\/wp-json\/wp\/v2\/categories?post=139207"},{"taxonomy":"post_tag","embeddable":true,"href":"https:\/\/www.europesays.com\/fi\/wp-json\/wp\/v2\/tags?post=139207"}],"curies":[{"name":"wp","href":"https:\/\/api.w.org\/{rel}","templated":true}]}}