{"id":139213,"date":"2026-01-11T04:56:27","date_gmt":"2026-01-11T04:56:27","guid":{"rendered":"https:\/\/www.europesays.com\/fi\/139213\/"},"modified":"2026-01-11T04:56:27","modified_gmt":"2026-01-11T04:56:27","slug":"astrofyysikko-sissi-enestam-pohtii-elammeko-simulaatiossa","status":"publish","type":"post","link":"https:\/\/www.europesays.com\/fi\/139213\/","title":{"rendered":"Astrofyysikko Sissi Enestam pohtii, el\u00e4mmek\u00f6 simulaatiossa"},"content":{"rendered":"<p>Astrofyysikko Sissi Enestam pohtii, el\u00e4mmek\u00f6 simulaatiossa | MTV Uutiset<a class=\"sr-only bg-component-bg-color focus:not-sr-only focus:absolute focus:left-0 focus:right-auto focus:top-0 focus:p-200\" href=\"#main\" data-sentry-component=\"SkipToContentLink\" data-sentry-source-file=\"SkipToContentLink.tsx\">Hypp\u00e4\u00e4 p\u00e4\u00e4sis\u00e4lt\u00f6\u00f6n<\/a>Sis\u00e4ll\u00f6t<\/p>\n<ul class=\"flex w-full flex-1 flex-wrap gap-800\">\n<li class=\"block flex-1 flex-nowrap xs:flex-initial\" data-testid=\"site-footer-section-item-component\" data-sentry-component=\"SiteFooterSectionItem\" data-sentry-source-file=\"SiteFooterSectionItem.tsx\">Tomi Einonen<br \/>Vastaava p\u00e4\u00e4toimittaja<\/li>\n<li class=\"block flex-1 flex-nowrap xs:flex-initial\" data-testid=\"site-footer-section-item-component\" data-sentry-component=\"SiteFooterSectionItem\" data-sentry-source-file=\"SiteFooterSectionItem.tsx\">Ilkka Ahtiainen<br \/>Uutisp\u00e4\u00e4toimittaja<\/li>\n<li class=\"block flex-1 flex-nowrap xs:flex-initial\" data-testid=\"site-footer-section-item-component\" data-sentry-component=\"SiteFooterSectionItem\" data-sentry-source-file=\"SiteFooterSectionItem.tsx\">Mona Haapsaari<br \/>Julkaisup\u00e4\u00e4llikk\u00f6<\/li>\n<li class=\"block flex-1 flex-nowrap xs:flex-initial\" data-testid=\"site-footer-section-item-component\" data-sentry-component=\"SiteFooterSectionItem\" data-sentry-source-file=\"SiteFooterSectionItem.tsx\">Teemu Niikko<br \/>Toimitusp\u00e4\u00e4llikk\u00f6, urheilu<\/li>\n<\/ul>\n<p>Liiketoiminta ja kehitys<\/p>\n<ul class=\"flex w-full flex-1 flex-wrap gap-800\">\n<li class=\"block flex-1 flex-nowrap xs:flex-initial\" data-testid=\"site-footer-section-item-component\" data-sentry-component=\"SiteFooterSectionItem\" data-sentry-source-file=\"SiteFooterSectionItem.tsx\">Jaakko Hietanen<br \/>Head of Digital Development<\/li>\n<\/ul>\n<p>MTV Uutiset on sitoutunut noudattamaan Journalistin ohjeita<a class=\"cursor-pointer flex flex-col items-center justify-center\" data-testid=\"Etusivu-navigation-bar-item\" role=\"link\" title=\"Etusivu linkki\" data-sentry-element=\"Link\" data-sentry-component=\"InternalLink\" data-sentry-source-file=\"InternalLink.tsx\" href=\"https:\/\/www.mtvuutiset.fi\/\" rel=\"nofollow noopener\" target=\"_blank\">Etusivu<\/a><a class=\"cursor-pointer flex flex-col items-center justify-center\" data-testid=\"Videot-navigation-bar-item\" role=\"link\" title=\"Videot linkki\" data-sentry-element=\"Link\" data-sentry-component=\"InternalLink\" data-sentry-source-file=\"InternalLink.tsx\" href=\"https:\/\/www.mtvuutiset.fi\/videot\" rel=\"nofollow noopener\" target=\"_blank\">Videot<\/a><a class=\"cursor-pointer flex flex-col items-center justify-center\" data-testid=\"Tuoreimmat-navigation-bar-item\" role=\"link\" title=\"Tuoreimmat linkki\" data-sentry-element=\"Link\" data-sentry-component=\"InternalLink\" data-sentry-source-file=\"InternalLink.tsx\" href=\"https:\/\/www.mtvuutiset.fi\/tuoreimmat\" rel=\"nofollow noopener\" target=\"_blank\">Tuoreimmat<\/a><a class=\"cursor-pointer flex flex-col items-center justify-center\" data-testid=\"Luetuimmat-navigation-bar-item\" role=\"link\" title=\"Luetuimmat linkki\" data-sentry-element=\"Link\" data-sentry-component=\"InternalLink\" data-sentry-source-file=\"InternalLink.tsx\" href=\"https:\/\/www.mtvuutiset.fi\/luetuimmat\" rel=\"nofollow noopener\" target=\"_blank\">Luetuimmat<\/a>Odota<img alt=\"Astrofysiikka on vienyt Sissi Enestamin ymp\u00e4ri maailmaa, sill\u00e4 h\u00e4n on muun muassa ty\u00f6skennellyt avaruusj\u00e4rjest\u00f6 Nasassa.\" data-testid=\"header-media-image\" class=\"h-full w-full object-cover transition duration-700 ease-in-out hover:scale-[1.05]\" fetchpriority=\"high\" loading=\"eager\" width=\"1024\" height=\"576\" decoding=\"async\" style=\"color:transparent;background-size:cover;background-position:50% 50%;background-repeat:no-repeat;background-image:url(&quot;data:image\/svg+xml;base64,Cjxzdmcgd2lkdGg9IjEwMjQiIGhlaWdodD0iNTc2IiB2ZXJzaW9uPSIxLjEiIHhtbG5zPSJodHRwOi8vd3d3LnczLm9yZy8yMDAwL3N2ZyIgeG1sbnM6eGxpbms9Imh0dHA6Ly93d3cudzMub3JnLzE5OTkveGxpbmsiPgogIDxkZWZzPgogICAgPGxpbmVhckdyYWRpZW50IGlkPSJnIj4KICAgICAgPHN0b3Agc3RvcC1jb2xvcj0iIzBCMTgyMyIgb2Zmc2V0PSIyMCUiIC8+CiAgICAgIDxzdG9wIHN0b3AtY29sb3I9IiMxQTI3MzIiIG9mZnNldD0iNTAlIiAvPgogICAgICA8c3RvcCBzdG9wLWNvbG9yPSIjMEIxODIzIiBvZmZzZXQ9IjcwJSIgLz4KICAgIDwvbGluZWFyR3JhZGllbnQ+CiAgPC9kZWZzPgogIDxyZWN0IHdpZHRoPSIxMDI0IiBoZWlnaHQ9IjU3NiIgZmlsbD0iIzBCMTgyMyIgLz4KICA8cmVjdCBpZD0iciIgd2lkdGg9IjEwMjQiIGhlaWdodD0iNTc2IiBmaWxsPSJ1cmwoI2cpIiAvPgogIDxhbmltYXRlIHhsaW5rOmhyZWY9IiNyIiBhdHRyaWJ1dGVOYW1lPSJ4IiBmcm9tPSItMTAyNCIgdG89IjEwMjQiIGR1cj0iMXMiIHJlcGVhdENvdW50PSJpbmRlZmluaXRlIiAgLz4KPC9zdmc+&quot;)\" src=\"https:\/\/www.europesays.com\/fi\/wp-content\/uploads\/2026\/01\/1768107382_8_image.jpeg\"\/>Astrofysiikka on vienyt Sissi Enestamin ymp\u00e4ri maailmaa, sill\u00e4 h\u00e4n on muun muassa ty\u00f6skennellyt avaruusj\u00e4rjest\u00f6 Nasassa.Julkaistu 41 minuuttia sitten<img alt=\"Toimittajan kuva\" data-testid=\"author-image\" data-sentry-element=\"Image\" data-sentry-source-file=\"NextImage.tsx\" fetchpriority=\"low\" loading=\"lazy\" decoding=\"async\" data-nimg=\"fill\" class=\"transition duration-700 ease-in-out hover:scale-[1.05] object-cover\" style=\"position:absolute;height:100%;width:100%;left:0;top:0;right:0;bottom:0;color:transparent;background-size:cover;background-position:50% 50%;background-repeat:no-repeat;background-image:url(&quot;data:image\/svg+xml;base64,Cjxzdmcgd2lkdGg9IjcyMCIgaGVpZ2h0PSI0MDUiIHZlcnNpb249IjEuMSIgeG1sbnM9Imh0dHA6Ly93d3cudzMub3JnLzIwMDAvc3ZnIiB4bWxuczp4bGluaz0iaHR0cDovL3d3dy53My5vcmcvMTk5OS94bGluayI+CiAgPGRlZnM+CiAgICA8bGluZWFyR3JhZGllbnQgaWQ9ImciPgogICAgICA8c3RvcCBzdG9wLWNvbG9yPSIjMEIxODIzIiBvZmZzZXQ9IjIwJSIgLz4KICAgICAgPHN0b3Agc3RvcC1jb2xvcj0iIzFBMjczMiIgb2Zmc2V0PSI1MCUiIC8+CiAgICAgIDxzdG9wIHN0b3AtY29sb3I9IiMwQjE4MjMiIG9mZnNldD0iNzAlIiAvPgogICAgPC9saW5lYXJHcmFkaWVudD4KICA8L2RlZnM+CiAgPHJlY3Qgd2lkdGg9IjcyMCIgaGVpZ2h0PSI0MDUiIGZpbGw9IiMwQjE4MjMiIC8+CiAgPHJlY3QgaWQ9InIiIHdpZHRoPSI3MjAiIGhlaWdodD0iNDA1IiBmaWxsPSJ1cmwoI2cpIiAvPgogIDxhbmltYXRlIHhsaW5rOmhyZWY9IiNyIiBhdHRyaWJ1dGVOYW1lPSJ4IiBmcm9tPSItNzIwIiB0bz0iNzIwIiBkdXI9IjFzIiByZXBlYXRDb3VudD0iaW5kZWZpbml0ZSIgIC8+Cjwvc3ZnPg==&quot;)\"   src=\"https:\/\/www.europesays.com\/fi\/wp-content\/uploads\/2026\/01\/1768107382_186_image.jpeg\"\/><\/p>\n<p><strong class=\"typography-bold\">Astrofyysikko Sissi Enestam tutkii maailmankaikkeuden ilmi\u00f6it\u00e4, mutta ajatus todellisuuden luonteesta her\u00e4tt\u00e4\u00e4 my\u00f6s filosofista pohdintaa.\u00a0<\/strong><\/p>\n<p>Lastenhuoneen lattia on t\u00e4yttynyt avaruusaiheisilla leluilla. Matolta l\u00f6ytyv\u00e4t ainakin astronautit, avaruusasema ja avaruusalus. <strong class=\"typography-bold\">Sissi Enestam <\/strong>ja h\u00e4nen aviomiehens\u00e4 <strong class=\"typography-bold\">Eerikki Jakkula<\/strong> leikkiv\u00e4t kahden lapsensa kanssa.<\/p>\n<p>3-vuotias esikoinen on juuri kertonut haluavansa matkustaa isona mustiin aukkoihin.<\/p>\n<p>\u2013\u00a0Haluatko l\u00e4hte\u00e4 \u00e4idin kanssa samaan aikaan avaruuteen, yksin vai omien kavereiden kanssa? Jakkula utelee h\u00e4nelt\u00e4.<\/p>\n<p><img alt=\"Sissi Enestam 3\" data-testid=\"crops-image\" class=\"h-full w-full object-cover transition duration-700 ease-in-out hover:scale-[1.05]\" fetchpriority=\"low\" loading=\"lazy\" width=\"1024\" height=\"576\" decoding=\"async\" style=\"color:transparent;background-size:cover;background-position:50% 50%;background-repeat:no-repeat;background-image:url(&quot;data:image\/svg+xml;base64,Cjxzdmcgd2lkdGg9IjEwMjQiIGhlaWdodD0iNTc2IiB2ZXJzaW9uPSIxLjEiIHhtbG5zPSJodHRwOi8vd3d3LnczLm9yZy8yMDAwL3N2ZyIgeG1sbnM6eGxpbms9Imh0dHA6Ly93d3cudzMub3JnLzE5OTkveGxpbmsiPgogIDxkZWZzPgogICAgPGxpbmVhckdyYWRpZW50IGlkPSJnIj4KICAgICAgPHN0b3Agc3RvcC1jb2xvcj0iIzBCMTgyMyIgb2Zmc2V0PSIyMCUiIC8+CiAgICAgIDxzdG9wIHN0b3AtY29sb3I9IiMxQTI3MzIiIG9mZnNldD0iNTAlIiAvPgogICAgICA8c3RvcCBzdG9wLWNvbG9yPSIjMEIxODIzIiBvZmZzZXQ9IjcwJSIgLz4KICAgIDwvbGluZWFyR3JhZGllbnQ+CiAgPC9kZWZzPgogIDxyZWN0IHdpZHRoPSIxMDI0IiBoZWlnaHQ9IjU3NiIgZmlsbD0iIzBCMTgyMyIgLz4KICA8cmVjdCBpZD0iciIgd2lkdGg9IjEwMjQiIGhlaWdodD0iNTc2IiBmaWxsPSJ1cmwoI2cpIiAvPgogIDxhbmltYXRlIHhsaW5rOmhyZWY9IiNyIiBhdHRyaWJ1dGVOYW1lPSJ4IiBmcm9tPSItMTAyNCIgdG89IjEwMjQiIGR1cj0iMXMiIHJlcGVhdENvdW50PSJpbmRlZmluaXRlIiAgLz4KPC9zdmc+&quot;)\" src=\"https:\/\/www.europesays.com\/fi\/wp-content\/uploads\/2026\/01\/1768107383_186_image.jpeg\"\/><\/p>\n<p>Avaruuslelut ovat perheell\u00e4 kovassa k\u00e4yt\u00f6ss\u00e4.<\/p>\n<p>3-vuotiaalla on selv\u00e4t suunnitelmat. H\u00e4n l\u00e4htee \u00e4idin kanssa yhdess\u00e4 avaruusmatkalle ja 2-vuotias pikkuveli j\u00e4\u00e4 is\u00e4n kanssa maapallolle.<\/p>\n<p>\u00c4idin opit ovat menneet perille, l\u00f6ytyyh\u00e4n kirjahyllyst\u00e4kin Astrofysiikkaa vauvoille -kirja.<\/p>\n<p>\u2013\u00a0Ajatus siit\u00e4, ett\u00e4 h\u00e4n on kuunnellut minun juttujani niin paljon, on jotenkin s\u00f6p\u00f6\u00e4, Enestam lis\u00e4\u00e4.<\/p>\n<p><strong class=\"typography-bold\">Mit\u00e4, jos maailmamme on simulaatio?<\/strong><\/p>\n<p>Enestam on hoitovapaalla oleva astrofyysikko, joka on el\u00e4m\u00e4ns\u00e4 aikana ty\u00f6skennellyt keskivertosuomalaisille eksoottisissa paikoissa, kuten Nasassa ja Euroopan avaruusj\u00e4rjest\u00f6 Esassa.\u00a0<\/p>\n<p>Monien ulkomailla asuttujen vuosien j\u00e4lkeen Enestam on p\u00e4\u00e4tt\u00e4nyt asettua Suomeen ja ty\u00f6st\u00e4\u00e4 parhaillaan v\u00e4it\u00f6skirjaa mustista aukoista Aalto-yliopistoon.<\/p>\n<p>Viimeisimp\u00e4n\u00e4 valmistui tietokirja simulaatioteoriasta, jota Enestam pit\u00e4\u00e4 kiehtovana ajatuksena.<\/p>\n<p>\u2013 Simulaatioteoriassa uskotaan siihen, ett\u00e4 maailmankaikkeus olisikin simulaatio. Eli sen sijaan, ett\u00e4 maailmankaikkeus olisi luonnollinen tapahtuma, joku toinen sivilisaatio onkin luonut sen syyst\u00e4 tai toisesta.<\/p>\n<blockquote class=\"space-y-600 rounded-md bg-primary-100 px-600 py-1000 sub-theme-makuja:bg-makuja-100 sub-theme-makuja:text-primary-800 dark:bg-primary-500 sub-theme-makuja:dark:bg-makuja-900 sub-theme-makuja:dark:text-primary-100\">\n<p><strong class=\"typography-bold\">Asian ytimess\u00e4.doc: El\u00e4mmek\u00f6 simulaatiossa?<\/strong><\/p>\n<p>Ent\u00e4 jos todellisuutemme on rakennettu valhe ja el\u00e4mmekin The Sims -peliss\u00e4?<\/p>\n<p>17:23<img alt=\"Asian ytimess\u00e4.doc: El\u00e4mmek\u00f6 simulaatiossa?\" data-testid=\"web-player-broker-image\" data-sentry-element=\"Image\" data-sentry-source-file=\"NextImage.tsx\" fetchpriority=\"low\" loading=\"lazy\" decoding=\"async\" data-nimg=\"fill\" class=\"transition duration-700 ease-in-out hover:scale-[1.05]\" style=\"position:absolute;height:100%;width:100%;left:0;top:0;right:0;bottom:0;color:transparent;background-size:cover;background-position:50% 50%;background-repeat:no-repeat;background-image:url(&quot;data:image\/svg+xml;base64,Cjxzdmcgd2lkdGg9IjcyMCIgaGVpZ2h0PSI0MDUiIHZlcnNpb249IjEuMSIgeG1sbnM9Imh0dHA6Ly93d3cudzMub3JnLzIwMDAvc3ZnIiB4bWxuczp4bGluaz0iaHR0cDovL3d3dy53My5vcmcvMTk5OS94bGluayI+CiAgPGRlZnM+CiAgICA8bGluZWFyR3JhZGllbnQgaWQ9ImciPgogICAgICA8c3RvcCBzdG9wLWNvbG9yPSIjMEIxODIzIiBvZmZzZXQ9IjIwJSIgLz4KICAgICAgPHN0b3Agc3RvcC1jb2xvcj0iIzFBMjczMiIgb2Zmc2V0PSI1MCUiIC8+CiAgICAgIDxzdG9wIHN0b3AtY29sb3I9IiMwQjE4MjMiIG9mZnNldD0iNzAlIiAvPgogICAgPC9saW5lYXJHcmFkaWVudD4KICA8L2RlZnM+CiAgPHJlY3Qgd2lkdGg9IjcyMCIgaGVpZ2h0PSI0MDUiIGZpbGw9IiMwQjE4MjMiIC8+CiAgPHJlY3QgaWQ9InIiIHdpZHRoPSI3MjAiIGhlaWdodD0iNDA1IiBmaWxsPSJ1cmwoI2cpIiAvPgogIDxhbmltYXRlIHhsaW5rOmhyZWY9IiNyIiBhdHRyaWJ1dGVOYW1lPSJ4IiBmcm9tPSItNzIwIiB0bz0iNzIwIiBkdXI9IjFzIiByZXBlYXRDb3VudD0iaW5kZWZpbml0ZSIgIC8+Cjwvc3ZnPg==&quot;)\"   src=\"https:\/\/www.europesays.com\/fi\/wp-content\/uploads\/2026\/01\/1768107384_238_imageproxy.a2d.tv.jpeg\"\/><\/p>\n<p>Dokumentin voi katsoa maksuttomilla MTV Katsomo -tunnuksilla.<\/p>\n<\/blockquote>\n<p>Se, mink\u00e4 vuoksi simulaatio olisi luotu, ei ole varmaa. Enestam pohtii, ett\u00e4 se voisi olla joko tieteellinen simulaatio, joka tutkii esimerkiksi ilmastonmuutosta tai tasa-arvoa, tai sitten se olisi viihdett\u00e4, kuten \u00a0esimerkiksi The Sims -peli.\u00a0<\/p>\n<p>Enestamin mukaan on paljon ihmisi\u00e4, jotka uskovat simulaatioteoriaan ihan tosissaan, koska heid\u00e4n mielest\u00e4\u00e4n siihen on hyv\u00e4t todenn\u00e4k\u00f6isyydet. Yksi heist\u00e4 on eksentrinen miljard\u00f6\u00f6riyritt\u00e4j\u00e4 <strong class=\"typography-bold\">Elon Musk<\/strong>, mutta heid\u00e4n joukossaan on muitakin korkeasti koulutettuja ihmisi\u00e4, kuten fyysikoita.<\/p>\n<p><strong class=\"typography-bold\">Simulaatioajatus perustuu filosofiaan<\/strong><\/p>\n<p>Argumentit simulaatioteorian puolesta pohjautuvat filosofiaan, eik\u00e4 simulaatioteorian olemassaoloa ole voitu tieteellisesti todistaa. Enestam viittaa ruotsalaisen filosofin <strong class=\"typography-bold\">Nick Bostromin<\/strong> artikkeliin <a class=\"underline\" data-testid=\"external-link\" href=\"https:\/\/simulation-argument.com\/simulation.pdf\" rel=\"noopener noreferrer nofollow\" data-sentry-component=\"ExternalLink\" data-sentry-source-file=\"ExternalLink.tsx\" target=\"_blank\">Are we living in a computer simulation?<\/a> vuodelta 2003, jossa on useita v\u00e4itteit\u00e4 teorian puolesta.<\/p>\n<p>Bostromin argumentti on kolmiosainen.<\/p>\n<p>\u2013 Joko sivilisaatio kuolee sukupuuttoon ennen kuin saavuttaa post human -vaiheen eli vaiheen, jossa heill\u00e4 on p\u00e4\u00e4sy kaikkien tietoon maailmankaikkeudesta ja my\u00f6s p\u00e4\u00e4sy valtavaan m\u00e4\u00e4r\u00e4\u00e4n luonnonvaroja, Enestam avaa.<\/p>\n<p>\u2013 Tai sitten sivilisaatio saavuttaa t\u00e4m\u00e4n vaiheen, mutta ei syyst\u00e4 tai toisesta halua tehd\u00e4 t\u00e4llaisia simulaatioita, ainakaan useampaa kuin ehk\u00e4 yhden tai kaksi. Mutta mik\u00e4li kumpikaan n\u00e4ist\u00e4 kahdesta ensimm\u00e4isest\u00e4 ei toteudu, silloin me l\u00e4hes varmasti el\u00e4mme simulaatiossa, h\u00e4n jatkaa.<\/p>\n<p><img alt=\"Sissi Enestam 8\" data-testid=\"crops-image\" class=\"h-full w-full object-cover transition duration-700 ease-in-out hover:scale-[1.05]\" fetchpriority=\"low\" loading=\"lazy\" width=\"1024\" height=\"576\" decoding=\"async\" style=\"color:transparent;background-size:cover;background-position:50% 50%;background-repeat:no-repeat;background-image:url(&quot;data:image\/svg+xml;base64,Cjxzdmcgd2lkdGg9IjEwMjQiIGhlaWdodD0iNTc2IiB2ZXJzaW9uPSIxLjEiIHhtbG5zPSJodHRwOi8vd3d3LnczLm9yZy8yMDAwL3N2ZyIgeG1sbnM6eGxpbms9Imh0dHA6Ly93d3cudzMub3JnLzE5OTkveGxpbmsiPgogIDxkZWZzPgogICAgPGxpbmVhckdyYWRpZW50IGlkPSJnIj4KICAgICAgPHN0b3Agc3RvcC1jb2xvcj0iIzBCMTgyMyIgb2Zmc2V0PSIyMCUiIC8+CiAgICAgIDxzdG9wIHN0b3AtY29sb3I9IiMxQTI3MzIiIG9mZnNldD0iNTAlIiAvPgogICAgICA8c3RvcCBzdG9wLWNvbG9yPSIjMEIxODIzIiBvZmZzZXQ9IjcwJSIgLz4KICAgIDwvbGluZWFyR3JhZGllbnQ+CiAgPC9kZWZzPgogIDxyZWN0IHdpZHRoPSIxMDI0IiBoZWlnaHQ9IjU3NiIgZmlsbD0iIzBCMTgyMyIgLz4KICA8cmVjdCBpZD0iciIgd2lkdGg9IjEwMjQiIGhlaWdodD0iNTc2IiBmaWxsPSJ1cmwoI2cpIiAvPgogIDxhbmltYXRlIHhsaW5rOmhyZWY9IiNyIiBhdHRyaWJ1dGVOYW1lPSJ4IiBmcm9tPSItMTAyNCIgdG89IjEwMjQiIGR1cj0iMXMiIHJlcGVhdENvdW50PSJpbmRlZmluaXRlIiAgLz4KPC9zdmc+&quot;)\" src=\"https:\/\/www.europesays.com\/fi\/wp-content\/uploads\/2026\/01\/1768107385_685_image.jpeg\"\/>Mik\u00e4li maailmankaikkeutemme olisi simulaatio, olisiko se samankaltainen kuin ihmisten kehitt\u00e4m\u00e4 The Sims -peli?<\/p>\n<p>Kuulostaa melko vaikeaselkoiselta, mutta asian voisi v\u00e4\u00e4nt\u00e4\u00e4 rautalangasta jotakuinkin n\u00e4in: jos uskoo, ett\u00e4 ihmiskunta s\u00e4ilyy, ja ett\u00e4 tulevaisuuden teknologia mahdollistaa eritt\u00e4in realistiset simulaatiot, silloin on rationaalista olettaa, ett\u00e4 olemme itsekin todenn\u00e4k\u00f6isesti simuloituja olentoja.<\/p>\n<p>Oman kaltaisemme maailman luominen meid\u00e4n maailmastamme k\u00e4sin on kuitenkin Enestamin mukaan mahdotonta.\u00a0<\/p>\n<p>\u2013 Jos se perustuisi sellaiseen tekniikkaan, mit\u00e4 me ajatellaan, se olisi mahdotonta. Eli joko se perustuu ihan erilaiseen teknologiaan ja luonnonlakeihin, mik\u00e4 on hyvin ep\u00e4todenn\u00e4k\u00f6ist\u00e4, tai sitten sen pit\u00e4isi olla jotain todella perustavanlaatuista, mit\u00e4 me emme ymm\u00e4rr\u00e4 maailmankaikkeudestamme.<\/p>\n<p>Toisaalta ei my\u00f6sk\u00e4\u00e4n ole pystytty todistamaan, etteik\u00f6 maailmankaikkeus olisi simulaatio. Simulaatioteoriaa ei siis voi falsifioida eli todistaa v\u00e4\u00e4r\u00e4ksi.<\/p>\n<p>Tieteellisten todisteiden puuttuessa Enestam pit\u00e4\u00e4 simulaatioteoriaa uskontoon verrattavana asiana. Itse h\u00e4n ei usko simulaatioteoriaan.\u00a0<\/p>\n<p>\u2013 Simulaatioteoriaan uskominen on nimenomaan uskomista, ja silloinhan kyse on aika samasta asiasta kuin uskonto. Minun mielest\u00e4ni, jos uskot mihin tahansa, mit\u00e4 et voi todistaa tieteellisesti, kyseess\u00e4 on jonkinlainen uskonto.<\/p>\n<p><img alt=\"Sissi Enestam 6\" data-testid=\"crops-image\" class=\"h-full w-full object-cover transition duration-700 ease-in-out hover:scale-[1.05]\" fetchpriority=\"low\" loading=\"lazy\" width=\"1024\" height=\"576\" decoding=\"async\" style=\"color:transparent;background-size:cover;background-position:50% 50%;background-repeat:no-repeat;background-image:url(&quot;data:image\/svg+xml;base64,Cjxzdmcgd2lkdGg9IjEwMjQiIGhlaWdodD0iNTc2IiB2ZXJzaW9uPSIxLjEiIHhtbG5zPSJodHRwOi8vd3d3LnczLm9yZy8yMDAwL3N2ZyIgeG1sbnM6eGxpbms9Imh0dHA6Ly93d3cudzMub3JnLzE5OTkveGxpbmsiPgogIDxkZWZzPgogICAgPGxpbmVhckdyYWRpZW50IGlkPSJnIj4KICAgICAgPHN0b3Agc3RvcC1jb2xvcj0iIzBCMTgyMyIgb2Zmc2V0PSIyMCUiIC8+CiAgICAgIDxzdG9wIHN0b3AtY29sb3I9IiMxQTI3MzIiIG9mZnNldD0iNTAlIiAvPgogICAgICA8c3RvcCBzdG9wLWNvbG9yPSIjMEIxODIzIiBvZmZzZXQ9IjcwJSIgLz4KICAgIDwvbGluZWFyR3JhZGllbnQ+CiAgPC9kZWZzPgogIDxyZWN0IHdpZHRoPSIxMDI0IiBoZWlnaHQ9IjU3NiIgZmlsbD0iIzBCMTgyMyIgLz4KICA8cmVjdCBpZD0iciIgd2lkdGg9IjEwMjQiIGhlaWdodD0iNTc2IiBmaWxsPSJ1cmwoI2cpIiAvPgogIDxhbmltYXRlIHhsaW5rOmhyZWY9IiNyIiBhdHRyaWJ1dGVOYW1lPSJ4IiBmcm9tPSItMTAyNCIgdG89IjEwMjQiIGR1cj0iMXMiIHJlcGVhdENvdW50PSJpbmRlZmluaXRlIiAgLz4KPC9zdmc+&quot;)\" src=\"https:\/\/www.europesays.com\/fi\/wp-content\/uploads\/2026\/01\/1768107385_174_image.jpeg\"\/>Dokumentissa Sissi Enestam ja h\u00e4nen yst\u00e4v\u00e4ns\u00e4 Miina Forsstr\u00f6m vierailevat Kaivopuiston t\u00e4htitornissa.<\/p>\n<p>Miksi sitten astrofyysikko kirjoittaa aiheesta kirjan, ja miten se liittyy astrofysiikkaan?<\/p>\n<p>\u2013 Simulaatioteoria liittyy totta kai astrofysiikkaan, koska se on yksi tapa selitt\u00e4\u00e4 maailmankaikkeus, Enestam vastaa.\u00a0<\/p>\n<p>\u2013 Simulaatioteoria on todella kiehtova ajatus, eik\u00e4 edes v\u00e4ltt\u00e4m\u00e4tt\u00e4 kovin ep\u00e4todenn\u00e4k\u00f6inen, mutta itse odotan, mit\u00e4 tiede tulee ajan my\u00f6t\u00e4 kertomaan maailmamme todellisuudesta tai keinotekoisuudesta, uskomisen sijaan.<\/p>\n<p>Simulaatioteoriaan uskovat voivat k\u00e4ytt\u00e4\u00e4 astrofysiikan tutkimustuloksia argumentoidakseen teorian puolesta, eli sit\u00e4 tavallaan voidaan tutkia tieteellisesti.<\/p>\n<p>\u2013 Kun tehd\u00e4\u00e4n astrofysiikan tutkimusta, etenkin silloin, kun saadaan sellaisia tutkimustuloksia, jotka eiv\u00e4t sovi siihen, mit\u00e4 odotimme, simulaatioteoria nimenomaan tarvitsee sit\u00e4.<\/p>\n<p>\u2013\u00a0Fyysikkona tieto on minulle t\u00e4rkeint\u00e4. Jos maailmankaikkeus on simulaatio, haluaisin tiet\u00e4\u00e4 sen.<\/p>\n<p>Enestam uskoo, ett\u00e4 mik\u00e4li maailma on simulaatio, se selvi\u00e4\u00e4 ihmiskunnalle lopulta.<\/p>\n<p><strong class=\"typography-bold\">Filosofiasta avaruustutkimukseen<\/strong><\/p>\n<p>Enestam p\u00e4\u00e4tyi opiskelemaan astrofysiikkaa kiinnostuttuaan alun perin filosofiasta. H\u00e4n luki alakoulun viimeisill\u00e4 luokilla Sofian maailma -teoksen, joka her\u00e4tti kiinnostuksen maailmankaikkeutta kohtaan.<\/p>\n<p>Enestam oppi lukemaan jo 3-vuotiaana, ja h\u00e4n kuvailee itse\u00e4\u00e4n uteliaaksi lapseksi. Yksinhuoltaja\u00e4iti osti nuorelle Sissille 12-osaisen lasten tietokirjasarjan, koska ei itse osannut vastata kaikkiin lapsen kiperiin kysymyksiin.<\/p>\n<p>Filosofiasta kiinnostus syventyi kuitenkin fysiikkaan ja muihin luonnontieteisiin, koska Enestam halusi tutkia maailmankaikkeutta ja todellisuutta konkreettisesti mittaamalla ja laskemalla, ei pelk\u00e4st\u00e4\u00e4n pohtimalla.<\/p>\n<p>\u2013 Sit\u00e4 kautta tajusin, ett\u00e4 se on varmasti astrofysiikkaa \u2013 tai ensin ajattelin fysiikkaa, ja siit\u00e4 sitten, ett\u00e4 haluan tutkia avaruutta. Se on tapa, jolla voin etsi\u00e4 vastauksia mielenkiintoisiin kysymyksiin.<\/p>\n<p><img alt=\"Sissi Enestam 2\" data-testid=\"crops-image\" class=\"h-full w-full object-cover transition duration-700 ease-in-out hover:scale-[1.05]\" fetchpriority=\"low\" loading=\"lazy\" width=\"1024\" height=\"576\" decoding=\"async\" style=\"color:transparent;background-size:cover;background-position:50% 50%;background-repeat:no-repeat;background-image:url(&quot;data:image\/svg+xml;base64,Cjxzdmcgd2lkdGg9IjEwMjQiIGhlaWdodD0iNTc2IiB2ZXJzaW9uPSIxLjEiIHhtbG5zPSJodHRwOi8vd3d3LnczLm9yZy8yMDAwL3N2ZyIgeG1sbnM6eGxpbms9Imh0dHA6Ly93d3cudzMub3JnLzE5OTkveGxpbmsiPgogIDxkZWZzPgogICAgPGxpbmVhckdyYWRpZW50IGlkPSJnIj4KICAgICAgPHN0b3Agc3RvcC1jb2xvcj0iIzBCMTgyMyIgb2Zmc2V0PSIyMCUiIC8+CiAgICAgIDxzdG9wIHN0b3AtY29sb3I9IiMxQTI3MzIiIG9mZnNldD0iNTAlIiAvPgogICAgICA8c3RvcCBzdG9wLWNvbG9yPSIjMEIxODIzIiBvZmZzZXQ9IjcwJSIgLz4KICAgIDwvbGluZWFyR3JhZGllbnQ+CiAgPC9kZWZzPgogIDxyZWN0IHdpZHRoPSIxMDI0IiBoZWlnaHQ9IjU3NiIgZmlsbD0iIzBCMTgyMyIgLz4KICA8cmVjdCBpZD0iciIgd2lkdGg9IjEwMjQiIGhlaWdodD0iNTc2IiBmaWxsPSJ1cmwoI2cpIiAvPgogIDxhbmltYXRlIHhsaW5rOmhyZWY9IiNyIiBhdHRyaWJ1dGVOYW1lPSJ4IiBmcm9tPSItMTAyNCIgdG89IjEwMjQiIGR1cj0iMXMiIHJlcGVhdENvdW50PSJpbmRlZmluaXRlIiAgLz4KPC9zdmc+&quot;)\" src=\"https:\/\/www.europesays.com\/fi\/wp-content\/uploads\/2026\/01\/1768107386_387_image.jpeg\"\/>Enestam kiinnostui filosofiasta ja fysiikasta jo lapsena luettuaan Sofian maailma -teoksen.<\/p>\n<p><img alt=\"Sissi Enestam 4\" data-testid=\"crops-image\" class=\"h-full w-full object-cover transition duration-700 ease-in-out hover:scale-[1.05]\" fetchpriority=\"low\" loading=\"lazy\" width=\"1024\" height=\"576\" decoding=\"async\" style=\"color:transparent;background-size:cover;background-position:50% 50%;background-repeat:no-repeat;background-image:url(&quot;data:image\/svg+xml;base64,Cjxzdmcgd2lkdGg9IjEwMjQiIGhlaWdodD0iNTc2IiB2ZXJzaW9uPSIxLjEiIHhtbG5zPSJodHRwOi8vd3d3LnczLm9yZy8yMDAwL3N2ZyIgeG1sbnM6eGxpbms9Imh0dHA6Ly93d3cudzMub3JnLzE5OTkveGxpbmsiPgogIDxkZWZzPgogICAgPGxpbmVhckdyYWRpZW50IGlkPSJnIj4KICAgICAgPHN0b3Agc3RvcC1jb2xvcj0iIzBCMTgyMyIgb2Zmc2V0PSIyMCUiIC8+CiAgICAgIDxzdG9wIHN0b3AtY29sb3I9IiMxQTI3MzIiIG9mZnNldD0iNTAlIiAvPgogICAgICA8c3RvcCBzdG9wLWNvbG9yPSIjMEIxODIzIiBvZmZzZXQ9IjcwJSIgLz4KICAgIDwvbGluZWFyR3JhZGllbnQ+CiAgPC9kZWZzPgogIDxyZWN0IHdpZHRoPSIxMDI0IiBoZWlnaHQ9IjU3NiIgZmlsbD0iIzBCMTgyMyIgLz4KICA8cmVjdCBpZD0iciIgd2lkdGg9IjEwMjQiIGhlaWdodD0iNTc2IiBmaWxsPSJ1cmwoI2cpIiAvPgogIDxhbmltYXRlIHhsaW5rOmhyZWY9IiNyIiBhdHRyaWJ1dGVOYW1lPSJ4IiBmcm9tPSItMTAyNCIgdG89IjEwMjQiIGR1cj0iMXMiIHJlcGVhdENvdW50PSJpbmRlZmluaXRlIiAgLz4KPC9zdmc+&quot;)\" src=\"https:\/\/www.europesays.com\/fi\/wp-content\/uploads\/2026\/01\/1768107386_659_image.jpeg\"\/>Enestam kuvailee itse\u00e4\u00e4n uteliaaksi lapseksi, joka oppi lukemaan jo 3-vuotiaana.<\/p>\n<p>Opinnot veiv\u00e4t lopulta ensin Skotlantiin Glasgow&#8217;n yliopistoon ja Ranskaan kansainv\u00e4liseen avaruusyliopistoon. Enestam haki astronautiksi Euroopan avaruusj\u00e4rjest\u00f6\u00f6n vuonna 2021, mutta ei tullut valituksi yli 22\u00a0000 hakijan joukosta.<\/p>\n<p>Nyt Enestam palaa filosofisiin pohdintoihin kirjassaan kirjoittaessaan my\u00f6s tietoisuudesta ja simulaatioteorian eettisyydest\u00e4. On viel\u00e4 paljon asioita, joita emme tied\u00e4 ihmisten tietoisuudesta.<\/p>\n<p>\u2013\u00a0\u00a0Me ymm\u00e4rr\u00e4mme tietoisuutta viel\u00e4 todella huonosti. Emme esimerkiksi ymm\u00e4rr\u00e4 sit\u00e4, mink\u00e4 takia ihmisill\u00e4 on niin monimutkainen tietoisuus.<\/p>\n<p>\u2013\u00a0On esitetty t\u00e4llainen argumentti, ett\u00e4 mit\u00e4 jos meill\u00e4 on tietoisuus sen takia, ett\u00e4 maailmankaikkeus on simulaatio, ja sitten t\u00e4m\u00e4 tietoisuus on linkki pelaajan ja meid\u00e4n pelihahmojen v\u00e4lill\u00e4, jos t\u00e4m\u00e4 on viihdesimulaatio.<\/p>\n<p>Yksi suurimmista kysymyksist\u00e4 simulaatioteoriasta Enestamille on sen eettisyys. Miksi maailmassamme tapahtuu niin paljon pahaa ja mit\u00e4 se tarkoittaisi, jos maailmamme olisi simulaatio?<\/p>\n<p>\u2013 Jos joku olisi luonut t\u00e4m\u00e4n maailmankaikkeuden ja tarkoituksella joko haluaisi, ett\u00e4 t\u00e4\u00e4ll\u00e4 on sotaa, n\u00e4lk\u00e4\u00e4 ja hirveit\u00e4 ihmis- ja el\u00e4inkohtaloita, tai sitten ei olisi tarkoittanut ehk\u00e4 luoda sit\u00e4, mutta silti katsoisi vierest\u00e4, kun sit\u00e4 tapahtuu \u2013 se on ehk\u00e4 asia, mik\u00e4 tuntuu todella vaikea ymm\u00e4rt\u00e4\u00e4.<\/p>\n<p><strong class=\"typography-bold\">Mustat aukot ja kaiken teoria<\/strong><\/p>\n<p>Mustien aukkojen tutkimuksen pariin Enestamin vei ajatus kaiken teoriasta (theory of everything), jossa pyrit\u00e4\u00e4n yhdist\u00e4m\u00e4\u00e4n teoriaa maailmankaikkeudesta ja fysiikkaa.<\/p>\n<p>\u2013 Me voimme ymm\u00e4rt\u00e4\u00e4 isot kappaleet yleisen suhteellisuusteorian kautta ja tosi pienet ilmi\u00f6t kvanttimekaniikan kautta, mutta emme saa n\u00e4it\u00e4 kahta yhdistym\u00e4\u00e4n matemaattisesti. Min\u00e4 jotenkin n\u00e4en, ett\u00e4 mustissa aukoissa yhdistyv\u00e4t n\u00e4m\u00e4 kaksi asiaa.<\/p>\n<p>Kun h\u00e4nelt\u00e4 kysyy, mik\u00e4 maailmankaikkeudessa kiehtoo eniten, vastaus tulee nopeasti.<\/p>\n<p>\u2013 Jos saisin valita vain yhden kysymyksen, minua todella paljon kiinnostaisi tiet\u00e4\u00e4 se, miten maailmankaikkeus syntyi. Se jatkuvasti h\u00e4mment\u00e4\u00e4 varmasti kaikkia, itseni mukaan lukien.<\/p>\n<p><strong class=\"typography-bold\">Haaveissa edelleen matka avaruuteen \u2013 yhdell\u00e4 ehdolla<\/strong><\/p>\n<p>\u00c4itiys ei ole muuttanut Enestamin ajattelua h\u00e4nen urastaan tai tieteest\u00e4.<\/p>\n<p>\u2013\u00a0Minusta ei tunnu, ett\u00e4 \u00e4itiys on muuttanut sit\u00e4, miten ajattelen minun ty\u00f6st\u00e4ni tai edes oikeastaan maailmankaikkeudesta. Tiede ei muutu, h\u00e4n lis\u00e4\u00e4.<\/p>\n<p>Tulevaisuus hoitovapaan ja v\u00e4it\u00f6skirjan j\u00e4lkeen on viel\u00e4 Enestamille avoin kysymys. Suomessa astrofyysikoiden ty\u00f6mahdollisuudet ovat melko rajalliset.<\/p>\n<p><img alt=\"Sissi Enestam 1\" data-testid=\"crops-image\" class=\"h-full w-full object-cover transition duration-700 ease-in-out hover:scale-[1.05]\" fetchpriority=\"low\" loading=\"lazy\" width=\"1024\" height=\"576\" decoding=\"async\" style=\"color:transparent;background-size:cover;background-position:50% 50%;background-repeat:no-repeat;background-image:url(&quot;data:image\/svg+xml;base64,Cjxzdmcgd2lkdGg9IjEwMjQiIGhlaWdodD0iNTc2IiB2ZXJzaW9uPSIxLjEiIHhtbG5zPSJodHRwOi8vd3d3LnczLm9yZy8yMDAwL3N2ZyIgeG1sbnM6eGxpbms9Imh0dHA6Ly93d3cudzMub3JnLzE5OTkveGxpbmsiPgogIDxkZWZzPgogICAgPGxpbmVhckdyYWRpZW50IGlkPSJnIj4KICAgICAgPHN0b3Agc3RvcC1jb2xvcj0iIzBCMTgyMyIgb2Zmc2V0PSIyMCUiIC8+CiAgICAgIDxzdG9wIHN0b3AtY29sb3I9IiMxQTI3MzIiIG9mZnNldD0iNTAlIiAvPgogICAgICA8c3RvcCBzdG9wLWNvbG9yPSIjMEIxODIzIiBvZmZzZXQ9IjcwJSIgLz4KICAgIDwvbGluZWFyR3JhZGllbnQ+CiAgPC9kZWZzPgogIDxyZWN0IHdpZHRoPSIxMDI0IiBoZWlnaHQ9IjU3NiIgZmlsbD0iIzBCMTgyMyIgLz4KICA8cmVjdCBpZD0iciIgd2lkdGg9IjEwMjQiIGhlaWdodD0iNTc2IiBmaWxsPSJ1cmwoI2cpIiAvPgogIDxhbmltYXRlIHhsaW5rOmhyZWY9IiNyIiBhdHRyaWJ1dGVOYW1lPSJ4IiBmcm9tPSItMTAyNCIgdG89IjEwMjQiIGR1cj0iMXMiIHJlcGVhdENvdW50PSJpbmRlZmluaXRlIiAgLz4KPC9zdmc+&quot;)\" src=\"https:\/\/www.europesays.com\/fi\/wp-content\/uploads\/2026\/01\/1768107387_394_image.jpeg\"\/>Dokumentissa pohditaan Enestamin paikkaa suomalaisessa ty\u00f6el\u00e4m\u00e4ss\u00e4 monien ulkomailla vietettyjen vuosien j\u00e4lkeen.<\/p>\n<p>Vaikka astronautin paikka ei Enestamille avautunutkaan, l\u00e4htisi h\u00e4n heti avaruuteen, mik\u00e4li tilaisuus tulisi eteen ja aikoo hakea seuraavassa astronauttihaussa.<\/p>\n<p>\u2013 Ehdottomasti haen ensi kerralla, kun haku on taas k\u00e4ynniss\u00e4.<\/p>\n<p>Avaruusmatkalle on vain yksi vaatimus; sen t\u00e4ytyy sis\u00e4lt\u00e4\u00e4 meno-paluulippu.<\/p>\n<p>\u2013\u00a0Yksisuuntaiselle matkalle en l\u00e4hde kyll\u00e4 minnek\u00e4\u00e4n. Kuitenkin kaikista t\u00e4rkeint\u00e4 on olla \u00e4iti kahdelle lapselleni toivottavasti hyvin, hyvin vanhaksi. Muuten mieli on avoin avaruusmatkailun suhteen, Enestam sanoo hymyillen.<\/p>\n<p><strong class=\"typography-bold\">Katso uusin Asian ytimess\u00e4 -dokumentti <\/strong><strong class=\"typography-bold\">El\u00e4mmek\u00f6 simulaatiossa?<\/strong><strong class=\"typography-bold\"> kokonaisuudessaan <\/strong><a class=\"underline\" data-testid=\"external-link\" href=\"https:\/\/www.mtv.fi\/ohjelma\/3d9038323120f8fdc153\/asian-ytimessa-doc-elammeko-simulaatiossa\" rel=\"noopener noreferrer nofollow\" data-sentry-component=\"ExternalLink\" data-sentry-source-file=\"ExternalLink.tsx\" target=\"_blank\"><strong class=\"typography-bold\">MTV Katsomosta!<\/strong><\/a><img alt=\"Toimittajan kuva\" data-testid=\"author-image\" data-sentry-element=\"Image\" data-sentry-source-file=\"NextImage.tsx\" fetchpriority=\"low\" loading=\"lazy\" decoding=\"async\" data-nimg=\"fill\" class=\"transition duration-700 ease-in-out hover:scale-[1.05] object-cover\" style=\"position:absolute;height:100%;width:100%;left:0;top:0;right:0;bottom:0;color:transparent;background-size:cover;background-position:50% 50%;background-repeat:no-repeat;background-image:url(&quot;data:image\/svg+xml;base64,Cjxzdmcgd2lkdGg9IjcyMCIgaGVpZ2h0PSI0MDUiIHZlcnNpb249IjEuMSIgeG1sbnM9Imh0dHA6Ly93d3cudzMub3JnLzIwMDAvc3ZnIiB4bWxuczp4bGluaz0iaHR0cDovL3d3dy53My5vcmcvMTk5OS94bGluayI+CiAgPGRlZnM+CiAgICA8bGluZWFyR3JhZGllbnQgaWQ9ImciPgogICAgICA8c3RvcCBzdG9wLWNvbG9yPSIjMEIxODIzIiBvZmZzZXQ9IjIwJSIgLz4KICAgICAgPHN0b3Agc3RvcC1jb2xvcj0iIzFBMjczMiIgb2Zmc2V0PSI1MCUiIC8+CiAgICAgIDxzdG9wIHN0b3AtY29sb3I9IiMwQjE4MjMiIG9mZnNldD0iNzAlIiAvPgogICAgPC9saW5lYXJHcmFkaWVudD4KICA8L2RlZnM+CiAgPHJlY3Qgd2lkdGg9IjcyMCIgaGVpZ2h0PSI0MDUiIGZpbGw9IiMwQjE4MjMiIC8+CiAgPHJlY3QgaWQ9InIiIHdpZHRoPSI3MjAiIGhlaWdodD0iNDA1IiBmaWxsPSJ1cmwoI2cpIiAvPgogIDxhbmltYXRlIHhsaW5rOmhyZWY9IiNyIiBhdHRyaWJ1dGVOYW1lPSJ4IiBmcm9tPSItNzIwIiB0bz0iNzIwIiBkdXI9IjFzIiByZXBlYXRDb3VudD0iaW5kZWZpbml0ZSIgIC8+Cjwvc3ZnPg==&quot;)\"   src=\"https:\/\/www.europesays.com\/fi\/wp-content\/uploads\/2026\/01\/1768107382_186_image.jpeg\"\/><\/p>\n<p><strong class=\"typography-bold\">Pauliina Ainasoja <\/strong>on MTV Uutisten monipuolinen toimittaja, joka ty\u00f6skentelee t\u00e4ll\u00e4 hetkell\u00e4 eniten some-tiimiss\u00e4, eli olet voinut t\u00f6rm\u00e4t\u00e4 h\u00e4nen sis\u00e4lt\u00f6ihins\u00e4 erityisesti MTV Uutisten TikTokissa ja Instagramissa. H\u00e4n tekee juttuja my\u00f6s MTV Uutisten verkkoon ja on tuttu kasvo MTV Uutisten suorista l\u00e4hetyksist\u00e4.<\/p>\n<p>Pauliinan kiinnostuksen kohteita ovat erityisesti yhteiskunnalliset ja el\u00e4inaiheet sek\u00e4 ihmisten arkea koskettavat talouskysymykset, mutta h\u00e4nen ty\u00f6ns\u00e4 kattaa laajasti erilaisia uutisaiheita. H\u00e4n on ty\u00f6skennellyt aiemmin my\u00f6s Viiden j\u00e4lkeen -ohjelman toimittajana.<\/p>\n<p>Juttuvinkit ovat aina tervetulleita \u2013 niit\u00e4 voi l\u00e4hett\u00e4\u00e4 s\u00e4hk\u00f6postitse.<\/p>\n","protected":false},"excerpt":{"rendered":"Astrofyysikko Sissi Enestam pohtii, el\u00e4mmek\u00f6 simulaatiossa | MTV UutisetHypp\u00e4\u00e4 p\u00e4\u00e4sis\u00e4lt\u00f6\u00f6nSis\u00e4ll\u00f6t Tomi EinonenVastaava p\u00e4\u00e4toimittaja Ilkka AhtiainenUutisp\u00e4\u00e4toimittaja Mona HaapsaariJulkaisup\u00e4\u00e4llikk\u00f6 Teemu&hellip;\n","protected":false},"author":2,"featured_media":139214,"comment_status":"","ping_status":"","sticky":false,"template":"","format":"standard","meta":{"footnotes":""},"categories":[114],"tags":[453,33,31,30,118,452,32,119],"class_list":{"0":"post-139213","1":"post","2":"type-post","3":"status-publish","4":"format-standard","5":"has-post-thumbnail","7":"category-avaruus","8":"tag-avaruus","9":"tag-fi","10":"tag-finland","11":"tag-finnish","12":"tag-science","13":"tag-space","14":"tag-suomi","15":"tag-tiede"},"share_on_mastodon":{"url":"https:\/\/pubeurope.com\/@fi\/115874692063232957","error":""},"_links":{"self":[{"href":"https:\/\/www.europesays.com\/fi\/wp-json\/wp\/v2\/posts\/139213","targetHints":{"allow":["GET"]}}],"collection":[{"href":"https:\/\/www.europesays.com\/fi\/wp-json\/wp\/v2\/posts"}],"about":[{"href":"https:\/\/www.europesays.com\/fi\/wp-json\/wp\/v2\/types\/post"}],"author":[{"embeddable":true,"href":"https:\/\/www.europesays.com\/fi\/wp-json\/wp\/v2\/users\/2"}],"replies":[{"embeddable":true,"href":"https:\/\/www.europesays.com\/fi\/wp-json\/wp\/v2\/comments?post=139213"}],"version-history":[{"count":0,"href":"https:\/\/www.europesays.com\/fi\/wp-json\/wp\/v2\/posts\/139213\/revisions"}],"wp:featuredmedia":[{"embeddable":true,"href":"https:\/\/www.europesays.com\/fi\/wp-json\/wp\/v2\/media\/139214"}],"wp:attachment":[{"href":"https:\/\/www.europesays.com\/fi\/wp-json\/wp\/v2\/media?parent=139213"}],"wp:term":[{"taxonomy":"category","embeddable":true,"href":"https:\/\/www.europesays.com\/fi\/wp-json\/wp\/v2\/categories?post=139213"},{"taxonomy":"post_tag","embeddable":true,"href":"https:\/\/www.europesays.com\/fi\/wp-json\/wp\/v2\/tags?post=139213"}],"curies":[{"name":"wp","href":"https:\/\/api.w.org\/{rel}","templated":true}]}}