{"id":139221,"date":"2026-01-11T05:11:08","date_gmt":"2026-01-11T05:11:08","guid":{"rendered":"https:\/\/www.europesays.com\/fi\/139221\/"},"modified":"2026-01-11T05:11:08","modified_gmt":"2026-01-11T05:11:08","slug":"suomalaishyokkaaja-ampui-vancouver-veskarin-vaihtoon-kevin-lankinen-tilalle","status":"publish","type":"post","link":"https:\/\/www.europesays.com\/fi\/139221\/","title":{"rendered":"Suomalaishy\u00f6kk\u00e4\u00e4j\u00e4 ampui Vancouver-veskarin vaihtoon \u2013\u2009Kevin Lankinen tilalle"},"content":{"rendered":"<p>Toronto Maple Leafs kaatoi Vancouver Canucksin 5\u20130. <\/p>\n<p><img decoding=\"async\" class=\"image image-show image-preview\" src=\"https:\/\/www.europesays.com\/fi\/wp-content\/uploads\/2026\/01\/f1508fee18e630b0d41e0eb3d5497621f6c8e6c0d7f561010363d606d30853f8.jpg\" alt=\"\"\/><img decoding=\"async\" class=\"image image-show\" src=\"https:\/\/www.europesays.com\/fi\/wp-content\/uploads\/2026\/01\/1768108268_3_f1508fee18e630b0d41e0eb3d5497621f6c8e6c0d7f561010363d606d30853f8.jpg\" alt=\"\"\/><\/p>\n<p>Kevin Lankinen (vas.) l\u00e4hetettiin maalille ensimm\u00e4isen er\u00e4n j\u00e4lkeen.  AOP<\/p>\n<p class=\"paragraph\">Turkulainen <strong>Matias Maccelli<\/strong> aloitti Toronton maalijuhlat Vancouveria vastaan K\u00e4rp\u00e4t-kasvatti <strong>Aatu R\u00e4tyn<\/strong> rangaistuksen aikana.<\/p>\n<p class=\"paragraph\">Maccelli sai kiekon <strong>William Nylanderin<\/strong> ja <strong>Auston Matthewsin<\/strong> sy\u00f6t\u00f6ist\u00e4 ja ampui sen armotta Canucks-veskari <strong>Thatcher Demkon<\/strong> sel\u00e4n taakse.<\/p>\n<p class=\"paragraph\">Demkolla oli surkea ilta. Ensimm\u00e4isist\u00e4 kuudesta vedosta verkkoon meni kolme, ja maalivahti p\u00e4\u00e4ttikin j\u00e4\u00e4d\u00e4 pukuhuoneeseen ensimm\u00e4isell\u00e4 er\u00e4tauolla.<\/p>\n<p class=\"paragraph\">Seura tiedotti my\u00f6hemmin, ett\u00e4 Demkolla olisi jokin vamma.<\/p>\n<p class=\"paragraph\">H\u00e4nen tilalleen tolppien v\u00e4liin luistellut <strong>Kevin Lankinen<\/strong> onnistui rajaamaan Toronton t\u00e4ysosumat kahteen, mutta joka tapauksessa Canucks l\u00e4hti pitk\u00e4lle kotimatkalleen ruma 0\u20135-vierastappio niskassaan.<\/p>\n<p class=\"paragraph\">Ottelun sankari oli toisen polven \u00e4n\u00e4rit\u00e4hti Nylander, jonka kolmen pisteen ilta (maali ja kaksi sy\u00f6tt\u00f6\u00e4) oli myrkky\u00e4 Vancouverille.<\/p>\n<p class=\"paragraph\">Canucks yritt\u00e4\u00e4 kutsua varavahdin AHL-seura Abbotsfordista, jotta Lankinen saa kiritt\u00e4j\u00e4n vaihtoaitioon.<\/p>\n","protected":false},"excerpt":{"rendered":"Toronto Maple Leafs kaatoi Vancouver Canucksin 5\u20130. Kevin Lankinen (vas.) l\u00e4hetettiin maalille ensimm\u00e4isen er\u00e4n j\u00e4lkeen. AOP Turkulainen Matias&hellip;\n","protected":false},"author":2,"featured_media":139222,"comment_status":"","ping_status":"","sticky":false,"template":"","format":"standard","meta":{"footnotes":""},"categories":[158],"tags":[35,1144,33,31,30,1143,2135,1146,159,32,1145,160],"class_list":{"0":"post-139221","1":"post","2":"type-post","3":"status-publish","4":"format-standard","5":"has-post-thumbnail","7":"category-urheilu","8":"tag-24h","9":"tag-ammattilaisjaakiekko","10":"tag-fi","11":"tag-finland","12":"tag-finnish","13":"tag-jaakiekko","14":"tag-jaakiekkopelaajat-miehet","15":"tag-miesten-jaakiekko","16":"tag-sports","17":"tag-suomi","18":"tag-talviurheilu","19":"tag-urheilu"},"share_on_mastodon":{"url":"https:\/\/pubeurope.com\/@fi\/115874751135880643","error":""},"_links":{"self":[{"href":"https:\/\/www.europesays.com\/fi\/wp-json\/wp\/v2\/posts\/139221","targetHints":{"allow":["GET"]}}],"collection":[{"href":"https:\/\/www.europesays.com\/fi\/wp-json\/wp\/v2\/posts"}],"about":[{"href":"https:\/\/www.europesays.com\/fi\/wp-json\/wp\/v2\/types\/post"}],"author":[{"embeddable":true,"href":"https:\/\/www.europesays.com\/fi\/wp-json\/wp\/v2\/users\/2"}],"replies":[{"embeddable":true,"href":"https:\/\/www.europesays.com\/fi\/wp-json\/wp\/v2\/comments?post=139221"}],"version-history":[{"count":0,"href":"https:\/\/www.europesays.com\/fi\/wp-json\/wp\/v2\/posts\/139221\/revisions"}],"wp:featuredmedia":[{"embeddable":true,"href":"https:\/\/www.europesays.com\/fi\/wp-json\/wp\/v2\/media\/139222"}],"wp:attachment":[{"href":"https:\/\/www.europesays.com\/fi\/wp-json\/wp\/v2\/media?parent=139221"}],"wp:term":[{"taxonomy":"category","embeddable":true,"href":"https:\/\/www.europesays.com\/fi\/wp-json\/wp\/v2\/categories?post=139221"},{"taxonomy":"post_tag","embeddable":true,"href":"https:\/\/www.europesays.com\/fi\/wp-json\/wp\/v2\/tags?post=139221"}],"curies":[{"name":"wp","href":"https:\/\/api.w.org\/{rel}","templated":true}]}}