{"id":139223,"date":"2026-01-11T05:12:08","date_gmt":"2026-01-11T05:12:08","guid":{"rendered":"https:\/\/www.europesays.com\/fi\/139223\/"},"modified":"2026-01-11T05:12:08","modified_gmt":"2026-01-11T05:12:08","slug":"illalla-nahdaan-yksi-brad-pittin-parhaista-leffoista-loukkaantuminen-paatyi-juoneen-saakka","status":"publish","type":"post","link":"https:\/\/www.europesays.com\/fi\/139223\/","title":{"rendered":"Illalla n\u00e4hd\u00e4\u00e4n yksi Brad Pittin parhaista leffoista \u2013 loukkaantuminen p\u00e4\u00e4tyi juoneen saakka"},"content":{"rendered":"<p>Illan tv-tarjonnassa on elokuva Seitsem\u00e4n (1995). Se l\u00f6ytyy my\u00f6s suoratoistopalvelu Viaplaysta.<\/p>\n<p>Elokuvassa seurataan kahta etsiv\u00e4\u00e4, jotka jahtaavat kylm\u00e4verist\u00e4 sarjamurhaajaa. Rikosten karmiva erikoisuus paljastuu nopeasti: murhat on rakennettu seitsem\u00e4n kuolemansynnin ymp\u00e4rille, yksi synti kerrallaan.<\/p>\n<p>Kuvausten aikana sattui my\u00f6s poikkeuksellinen onnettomuus. Sateessa kuvatun takaa-ajokohtauksen yhteydess\u00e4 Brad Pitt l\u00f6i k\u00e4tens\u00e4 lasin l\u00e4pi ja sai vakavan j\u00e4nnevamman. Vamma oli niin paha, ett\u00e4 h\u00e4nen k\u00e4tens\u00e4 jouduttiin pit\u00e4m\u00e4\u00e4n jatkuvasti tuettuna.<\/p>\n<p>Lue my\u00f6s: <a href=\"https:\/\/www.episodi.fi\/uutiset\/nyt-suoratoistossa-scifi-elokuvassa-tehdaan-eeppinen-matka-avaruuden-syovereihin-nayttaa-upealta\/\" title=\"Nyt suoratoistossa: Scifi-elokuvassa tehd\u00e4\u00e4n eeppinen matka avaruuden sy\u00f6vereihin \u2013 \u201dN\u00e4ytt\u00e4\u00e4 upealta\u201d\" class=\"underline-custom !font-montserrat !font-bold !underline-offset-4 !decoration-4 !decoration-episodi-blue !text-md\" rel=\"nofollow noopener\" target=\"_blank\">Nyt suoratoistossa: Scifi-elokuvassa tehd\u00e4\u00e4n eeppinen matka avaruuden sy\u00f6vereihin \u2013 \u201dN\u00e4ytt\u00e4\u00e4 upealta\u201d<\/a><\/p>\n<p>Tilanne pakotti tekij\u00e4t reagoimaan nopeasti. K\u00e4sikirjoitusta muutettiin, ja Pittin hahmo n\u00e4htiin elokuvassa k\u00e4si sidottuna \u2013 harvinainen esimerkki siit\u00e4, miten todellinen loukkaantuminen kirjoitettiin suoraan osaksi tarinaa.<\/p>\n<p>Vastaava esimerkki l\u00f6ytyy elokuvasta Takaa-ajettu (1993). <strong>Harrison Ford <\/strong>loukkasi itsens\u00e4 kuvauksissa, ja nilkutuksesta tuli osa hahmoa.<\/p>\n<p>Elokuvan p\u00e4\u00e4t\u00e4htin\u00e4 <strong>Brad Pitt<\/strong>, <strong>Morgan Freeman<\/strong> ja <strong>Kevin Spacey<\/strong>. Ohjaajana <strong>David Fincher<\/strong>. Alla traileri.<\/p>\n<p>Tulevat l\u00e4hetykset:<\/p>\n<ul class=\"wp-block-list\">\n<li>Su 11.1.2026 klo 21.00 \u00b7 Kutonen<\/li>\n<li>Pe 16.1.2026 klo 00.45 \u00b7 TV5<\/li>\n<\/ul>\n<p>Lue my\u00f6s: <a href=\"https:\/\/www.episodi.fi\/uutiset\/nyt-suoratoistona-alkuun-flopannut-klassikkoleffa-jared-leton-ulkonako-leffassa-on-brad-pittin-keksintoa\/\" title=\"Nyt suoratoistona: Alkuun flopannut klassikkoleffa \u2013 Jared Leton ulkon\u00e4k\u00f6 leffassa on Brad Pittin keksint\u00f6\u00e4\" class=\"underline-custom !font-montserrat !font-bold !underline-offset-4 !decoration-4 !decoration-episodi-blue !text-md\" rel=\"nofollow noopener\" target=\"_blank\">Nyt suoratoistona: Alkuun flopannut klassikkoleffa \u2013 Jared Leton ulkon\u00e4k\u00f6 leffassa on Brad Pittin keksint\u00f6\u00e4<\/a><\/p>\n<p>Lue my\u00f6s: <a href=\"https:\/\/www.episodi.fi\/uutiset\/brad-pittin-avaruusseikkailu-sai-uuden-nosteen-suoratoistossa\/\" title=\"Brad Pittin avaruusseikkailu sai uuden nosteen suoratoistossa\" class=\"underline-custom !font-montserrat !font-bold !underline-offset-4 !decoration-4 !decoration-episodi-blue !text-md\" rel=\"nofollow noopener\" target=\"_blank\">Brad Pittin avaruusseikkailu sai uuden nosteen suoratoistossa<\/a><\/p>\n<p>Lue my\u00f6s: <a href=\"https:\/\/www.episodi.fi\/uutiset\/tahtien-joukkopako-hollywoodista-jatkuu-nyt-lahtee-angelina-jolie\/\" title=\"T\u00e4htien joukkopako Hollywoodista jatkuu \u2013 nyt l\u00e4htee Angelina Jolie\" class=\"underline-custom !font-montserrat !font-bold !underline-offset-4 !decoration-4 !decoration-episodi-blue !text-md\" rel=\"nofollow noopener\" target=\"_blank\">T\u00e4htien joukkopako Hollywoodista jatkuu \u2013 nyt l\u00e4htee Angelina Jolie<\/a><\/p>\n<p><img loading=\"lazy\" decoding=\"async\" alt=\"YouTube video\" width=\"480\" height=\"360\" data-pin-nopin=\"true\" nopin=\"nopin\" class=\"perfmatters-lazy\" src=\"https:\/\/www.europesays.com\/fi\/wp-content\/uploads\/2026\/01\/1767953227_875_hqdefault.jpg\"\/><\/p>\n<p>Lue my\u00f6s: <a href=\"https:\/\/www.episodi.fi\/uutiskirje\/?uutiskirjemainos=tekstilinkkimainos\" title=\"Tilaa Episodin uutiskirje ja voit voittaa leffalippuja! Nappaa tv-vinkit suoraan s\u00e4hk\u00f6postiin t\u00e4st\u00e4.\" class=\"underline-custom !font-montserrat !font-bold !underline-offset-4 !decoration-4 !decoration-episodi-blue !text-md\" rel=\"nofollow noopener\" target=\"_blank\">Tilaa Episodin uutiskirje ja voit voittaa leffalippuja! Nappaa katseluvinkit suoraan s\u00e4hk\u00f6postiin t\u00e4st\u00e4.<\/a><\/p>\n","protected":false},"excerpt":{"rendered":"Illan tv-tarjonnassa on elokuva Seitsem\u00e4n (1995). Se l\u00f6ytyy my\u00f6s suoratoistopalvelu Viaplaysta. Elokuvassa seurataan kahta etsiv\u00e4\u00e4, jotka jahtaavat kylm\u00e4verist\u00e4&hellip;\n","protected":false},"author":2,"featured_media":118034,"comment_status":"","ping_status":"","sticky":false,"template":"","format":"standard","meta":{"footnotes":""},"categories":[130],"tags":[137,33,31,30,32,139,109],"class_list":{"0":"post-139223","1":"post","2":"type-post","3":"status-publish","4":"format-standard","5":"has-post-thumbnail","7":"category-viihde","8":"tag-entertainment","9":"tag-fi","10":"tag-finland","11":"tag-finnish","12":"tag-suomi","13":"tag-tv-ohjelmat","14":"tag-viihde"},"share_on_mastodon":{"url":"https:\/\/pubeurope.com\/@fi\/115874754869850651","error":""},"_links":{"self":[{"href":"https:\/\/www.europesays.com\/fi\/wp-json\/wp\/v2\/posts\/139223","targetHints":{"allow":["GET"]}}],"collection":[{"href":"https:\/\/www.europesays.com\/fi\/wp-json\/wp\/v2\/posts"}],"about":[{"href":"https:\/\/www.europesays.com\/fi\/wp-json\/wp\/v2\/types\/post"}],"author":[{"embeddable":true,"href":"https:\/\/www.europesays.com\/fi\/wp-json\/wp\/v2\/users\/2"}],"replies":[{"embeddable":true,"href":"https:\/\/www.europesays.com\/fi\/wp-json\/wp\/v2\/comments?post=139223"}],"version-history":[{"count":0,"href":"https:\/\/www.europesays.com\/fi\/wp-json\/wp\/v2\/posts\/139223\/revisions"}],"wp:featuredmedia":[{"embeddable":true,"href":"https:\/\/www.europesays.com\/fi\/wp-json\/wp\/v2\/media\/118034"}],"wp:attachment":[{"href":"https:\/\/www.europesays.com\/fi\/wp-json\/wp\/v2\/media?parent=139223"}],"wp:term":[{"taxonomy":"category","embeddable":true,"href":"https:\/\/www.europesays.com\/fi\/wp-json\/wp\/v2\/categories?post=139223"},{"taxonomy":"post_tag","embeddable":true,"href":"https:\/\/www.europesays.com\/fi\/wp-json\/wp\/v2\/tags?post=139223"}],"curies":[{"name":"wp","href":"https:\/\/api.w.org\/{rel}","templated":true}]}}