{"id":139231,"date":"2026-01-11T05:29:07","date_gmt":"2026-01-11T05:29:07","guid":{"rendered":"https:\/\/www.europesays.com\/fi\/139231\/"},"modified":"2026-01-11T05:29:07","modified_gmt":"2026-01-11T05:29:07","slug":"mikkeli-vastasi-mikonkadun-kauppiaiden-toiveeseen-ja-muutti-sovelluspysakoinnin-kiekkopaikoiksi-paikalliset","status":"publish","type":"post","link":"https:\/\/www.europesays.com\/fi\/139231\/","title":{"rendered":"Mikkeli vastasi Mikonkadun kauppiaiden toiveeseen ja muutti sovelluspys\u00e4k\u00f6innin kiekkopaikoiksi | Paikalliset"},"content":{"rendered":"<p>Puutarhakadulle puolestaan toivottiin ja saatiin p\u00e4tk\u00e4 pys\u00e4k\u00f6intikieltoa. Palvelujohtaja Linda Asikaisen mukaan muutosta voidaan punnita, jos pys\u00e4k\u00f6innist\u00e4 tulee paljon samantyyppist\u00e4 palautetta.<\/p>\n<p>Mikkelin keskustassa sijaitsevan Puistokukan yritt\u00e4j\u00e4 <strong>Kaisa Rantalainen<\/strong> kertoo ongelmien alkaneen, kun kaupunki luopui kes\u00e4ll\u00e4 2024 kadunvarsipys\u00e4k\u00f6inniss\u00e4 <a href=\"https:\/\/www.lansi-savo.fi\/paikalliset\/7701935\" rel=\"nofollow noopener\" target=\"_blank\">maksuautomaateista.<\/a> K\u00e4ytt\u00f6\u00f6n otettiin \u00e4lypuhelimella toimivat pys\u00e4k\u00f6intisovellukset.<\/p>\n","protected":false},"excerpt":{"rendered":"Puutarhakadulle puolestaan toivottiin ja saatiin p\u00e4tk\u00e4 pys\u00e4k\u00f6intikieltoa. Palvelujohtaja Linda Asikaisen mukaan muutosta voidaan punnita, jos pys\u00e4k\u00f6innist\u00e4 tulee paljon&hellip;\n","protected":false},"author":2,"featured_media":139232,"comment_status":"","ping_status":"","sticky":false,"template":"","format":"standard","meta":{"footnotes":""},"categories":[85],"tags":[33,31,30,121,685,24145,4176,686,419,418,24146,32,91,92,128],"class_list":{"0":"post-139231","1":"post","2":"type-post","3":"status-publish","4":"format-standard","5":"has-post-thumbnail","7":"category-mobiili","8":"tag-fi","9":"tag-finland","10":"tag-finnish","11":"tag-liikenne-ja-kuljetus","12":"tag-mikkeli","13":"tag-mikkelin-paatoksenteko","14":"tag-mikkelin-seudun-yritykset","15":"tag-mikkelin-seutukunta","16":"tag-mobiili","17":"tag-mobile","18":"tag-pysakointipaikat","19":"tag-suomi","20":"tag-technology","21":"tag-teknologia","22":"tag-tieliikenne"},"share_on_mastodon":{"url":"https:\/\/pubeurope.com\/@fi\/115874821731253426","error":""},"_links":{"self":[{"href":"https:\/\/www.europesays.com\/fi\/wp-json\/wp\/v2\/posts\/139231","targetHints":{"allow":["GET"]}}],"collection":[{"href":"https:\/\/www.europesays.com\/fi\/wp-json\/wp\/v2\/posts"}],"about":[{"href":"https:\/\/www.europesays.com\/fi\/wp-json\/wp\/v2\/types\/post"}],"author":[{"embeddable":true,"href":"https:\/\/www.europesays.com\/fi\/wp-json\/wp\/v2\/users\/2"}],"replies":[{"embeddable":true,"href":"https:\/\/www.europesays.com\/fi\/wp-json\/wp\/v2\/comments?post=139231"}],"version-history":[{"count":0,"href":"https:\/\/www.europesays.com\/fi\/wp-json\/wp\/v2\/posts\/139231\/revisions"}],"wp:featuredmedia":[{"embeddable":true,"href":"https:\/\/www.europesays.com\/fi\/wp-json\/wp\/v2\/media\/139232"}],"wp:attachment":[{"href":"https:\/\/www.europesays.com\/fi\/wp-json\/wp\/v2\/media?parent=139231"}],"wp:term":[{"taxonomy":"category","embeddable":true,"href":"https:\/\/www.europesays.com\/fi\/wp-json\/wp\/v2\/categories?post=139231"},{"taxonomy":"post_tag","embeddable":true,"href":"https:\/\/www.europesays.com\/fi\/wp-json\/wp\/v2\/tags?post=139231"}],"curies":[{"name":"wp","href":"https:\/\/api.w.org\/{rel}","templated":true}]}}