{"id":139241,"date":"2026-01-11T05:41:10","date_gmt":"2026-01-11T05:41:10","guid":{"rendered":"https:\/\/www.europesays.com\/fi\/139241\/"},"modified":"2026-01-11T05:41:10","modified_gmt":"2026-01-11T05:41:10","slug":"tallaista-on-toivo-sukarin-ja-nadja-puolison-arki-espanjan-aurinkorannikolla","status":"publish","type":"post","link":"https:\/\/www.europesays.com\/fi\/139241\/","title":{"rendered":"T\u00e4llaista on Toivo Sukarin ja Nadja-puolison arki Espanjan Aurinkorannikolla"},"content":{"rendered":"<p>Liikemies Toivo Sukari ui kuin kala vedess\u00e4 ulkomailla ilman kielitaitoa. Miten on mahdollista, ettei satojen miljoonien bisneksi\u00e4 tehnyt Sukari oppinut koskaan englantia?<\/p>\n<p class=\"article-body mb-nof-24 px-nof-16\">Benahavis<\/p>\n<p>Lue tiivistelm\u00e4<\/p>\n<p class=\"article-body mb-nof-24 px-nof-16 sndp-summary-bullet-point-font\">Liikemies Toivo Sukari asuu puolisonsa Nadjan kanssa 1,5 miljoonan euron luksusasunnossa Espanjan Aurinkorannikolla.<\/p>\n<p class=\"article-body mb-nof-24 px-nof-16 sndp-summary-bullet-point-font\">Sukari on rakentanut Ideapark-kauppakeskukset ja tehnyt satojen miljoonien eurojen bisnekset, vaikka ei puhu englantia lainkaan.<\/p>\n<p class=\"article-body mb-nof-24 px-nof-16 sndp-summary-bullet-point-font\">71-vuotiaan Sukarin arki Espanjassa on samankaltaista kuin muidenkin el\u00e4kel\u00e4isten.<\/p>\n<p class=\"article-body mb-nof-24 px-nof-16 sndp-summary-bullet-point-font\">Sukari on sit\u00e4 mielt\u00e4, ett\u00e4 harva uskaltaa my\u00f6nt\u00e4\u00e4, miten tyhm\u00e4 oikeasti on.<\/p>\n<p class=\"article-body mb-nof-24 px-nof-16\">Liikemies <a class=\"font-bold underline-offset-[0.12em] [text-decoration:var(--person-link-text-decoration)] ![text-decoration-color:var(--person-link-text-decoration-color)]\" href=\"https:\/\/www.is.fi\/haku\/?query=Toivo%20%E2%80%9DTopi%E2%80%9D%20Sukarin\" rel=\"nofollow noopener\" target=\"_blank\">Toivo \u201dTopi\u201d Sukarin<\/a> ja h\u00e4nen puolisonsa <a class=\"font-bold underline-offset-[0.12em] [text-decoration:var(--person-link-text-decoration)] ![text-decoration-color:var(--person-link-text-decoration-color)]\" href=\"https:\/\/www.is.fi\/haku\/?query=Nadja%20Sukarin\" rel=\"nofollow noopener\" target=\"_blank\">Nadja Sukarin<\/a> hulppea kerrostaloasunto Espanjan Aurinkorannikolla on kuin viiden t\u00e4hden hotelli.<\/p>\n<p class=\"article-body mb-nof-24 px-nof-16\">Yli sataneli\u00f6isess\u00e4, noin puolentoista miljoonan euron luksustalossa ei ole lasipintaa s\u00e4\u00e4stelty. Kaksikerroksisessa valoisassa kattohuoneistossa on j\u00e4ttim\u00e4iset terassit, joista aukeaa n\u00e4kym\u00e4t aina Gibraltarille asti. Terassien alapuolella v\u00e4lkehtii uima-allas. Autotallista l\u00f6ytyy kaksiovinen, urheilullinen E-sarjan Mercedes-Benz Coup\u00e9.<\/p>\n<p class=\"article-body mb-nof-24 px-nof-16\">Kaiken t\u00e4m\u00e4n ja monin kerroin enemm\u00e4n on saavuttanut Ideaparkin keksinyt mies, joka ei puhu sanaakaan englantia. Silti Sukari, 71, ui kuin kala vedess\u00e4 liikkuipa h\u00e4n sitten Ranskan Rivieralla, Kyproksella tai Espanjan Aurinkorannikolla, miss\u00e4 h\u00e4n on omistanut loma-asuntoja.<\/p>\n<p class=\"article-body mb-nof-24 px-nof-16\">\u2013 K\u00e4vin katsastamassa auton t\u00e4\u00e4ll\u00e4 pari p\u00e4iv\u00e4\u00e4 sitten. Katsastusmies pudisteli p\u00e4\u00e4t\u00e4\u00e4n, mutta ilmeiden avulla homma saatiin jotenkin hoidettua, Sukari nauraa.<\/p>\n<blockquote class=\"p-[var(--citation-padding)] m-[var(--citation-margin)] border-y-[length:var(--citation-border-width)] border-y-[color:var(--citation-border-color)]\">\n<p>Tunnen h\u00e4pe\u00e4\u00e4 siit\u00e4, kun muut puhuvat englantia ja min\u00e4 istun tuppisuuna.<\/p>\n<\/blockquote>\n<p><img decoding=\"async\" src=\"https:\/\/www.europesays.com\/fi\/wp-content\/uploads\/2026\/01\/1768110068_314_978.jpg\" alt=\"Sukareilla on Espanjassa autona urheilullinen Mercedes-Benz.\" class=\"_Img_1rerz_1\" style=\"aspect-ratio:1.3333333333333333\" loading=\"eager\"\/><\/p>\n<p class=\"article-picture-caption\">Sukareilla on Espanjassa autona urheilullinen Mercedes-Benz. Kuva:\u00a0Lauri Puintila<\/p>\n<p class=\"article-body mb-nof-24 px-nof-16\">Miten on ylip\u00e4\u00e4t\u00e4ns\u00e4 mahdollista, ett\u00e4 mies, joka on tehnyt miljoonien eurojen omaisuuden, on pystynytkin el\u00e4m\u00e4\u00e4n t\u00e4ysin kielitaidottomana? Kosmopoliittina sielultaan turkulaista Sukaria ei voi pit\u00e4\u00e4, mutta kokeneena maailmanmatkaajana kuitenkin.<\/p>\n<p class=\"article-body mb-nof-24 px-nof-16\">\u2013 Ruotsin kielt\u00e4 uskoisin oppivani, mutta englannin kielt\u00e4 en. Tunnen h\u00e4pe\u00e4\u00e4 siit\u00e4, kun muut puhuvat englantia ja min\u00e4 istun tuppisuuna. Olen ummikkona ja mykk\u00e4n\u00e4 t\u00e4\u00e4ll\u00e4 ja se rajoittaa minun el\u00e4m\u00e4\u00e4ni. Kieli ei vain tartu, Sukari vakavoituu.<\/p>\n<p class=\"article-body mb-nof-24 px-nof-16\">\u2013 L\u00e4hdin kerran el\u00e4m\u00e4ss\u00e4ni Turussa kielikurssille. Turun Sanomissa oli ilmoitus, ett\u00e4 kymmenen kerran j\u00e4lkeen osaa perusteet. K\u00e4vin 5\u20136 kertaa siell\u00e4, mutta ei siin\u00e4 p\u00e4\u00e4sty puusta pidemm\u00e4lle. Opettaja sanoi minulle, ettei voi taata, ett\u00e4 sin\u00e4 Topi oppisit englantia. Minulla on lukih\u00e4iri\u00f6. En pysty vaikeaa suomenkielist\u00e4 sanakaan kirjoittamaan ilman, etten tarkista, miten se kirjoitetaan, Sukari jatkaa.<\/p>\n<p class=\"article-body mb-nof-24 px-nof-16\">Sukariin pystyy moni ainakin suuren ik\u00e4luokan suomalainen samaistumaan, sill\u00e4 koko kansan \u201dTopi\u201d on miljoonistaan huolimatta l\u00e4hemp\u00e4n\u00e4 tavallista tallaajaa kuin vuorineuvososastoa.<\/p>\n<p class=\"article-body mb-nof-24 px-nof-16\">\u2013 Harva ihminen uskaltaa tunnustaa kuinka tyhm\u00e4 onkaan. Minusta se on suurta viisautta tunnistaa oma tyhmyytens\u00e4. Voiko olla lahjattomampaa ihmist\u00e4 kuin min\u00e4. Olen hyv\u00e4 esimerkki siit\u00e4, ett\u00e4 kuka tahansa voi p\u00e4rj\u00e4t\u00e4. Opettajani sanoi koulussa, etten voi ikin\u00e4 jatkaa edes is\u00e4ni pient\u00e4 maatilaa, Sukari kertoo.<\/p>\n<p class=\"article-body mb-nof-24 px-nof-16\">\u2013 50 vuotta t\u00e4ss\u00e4 on tehty bisnest\u00e4, mutta yht\u00e4\u00e4n konkurssia ei ole viel\u00e4k\u00e4\u00e4n tehty. Kun l\u00e4hdin 21-vuotiaana ovelta ovelle myym\u00e4\u00e4n huonekaluja, niin suurin opetus oli, ett\u00e4 \u00e4l\u00e4 koskaan luovuta, vaikka v\u00e4lill\u00e4 tulee lunta tupaan.<\/p>\n<p><img decoding=\"async\" src=\"https:\/\/www.europesays.com\/fi\/wp-content\/uploads\/2026\/01\/1768110068_914_978.jpg\" alt=\"Vain kahdeksan asuntoa k\u00e4sitt\u00e4v\u00e4ss\u00e4 luksuskerrostalossa on yhteinen uima-allas.\" class=\"_Img_1rerz_1\" style=\"aspect-ratio:1.3333333333333333\" loading=\"eager\"\/><\/p>\n<p class=\"article-picture-caption\">Vain kahdeksan asuntoa k\u00e4sitt\u00e4v\u00e4ss\u00e4 luksuskerrostalossa on yhteinen uima-allas. Kuva:\u00a0Lauri Puintila<\/p>\n<p><img decoding=\"async\" src=\"https:\/\/www.europesays.com\/fi\/wp-content\/uploads\/2026\/01\/1768110069_237_978.jpg\" alt=\"Kattohuoneistossa on valtava terassi.\" class=\"_Img_1rerz_1\" style=\"aspect-ratio:1.3333333333333333\" loading=\"eager\"\/><\/p>\n<p class=\"article-picture-caption\">Kattohuoneistossa on valtava terassi. Kuva:\u00a0Lauri Puintila<\/p>\n<p><img decoding=\"async\" src=\"https:\/\/www.europesays.com\/fi\/wp-content\/uploads\/2026\/01\/1768110069_872_978.jpg\" alt=\"Sukareiden terassilta on n\u00e4kym\u00e4t Gibraltarille saakka.\" class=\"_Img_1rerz_1\" style=\"aspect-ratio:1.3333333333333333\" loading=\"eager\"\/><\/p>\n<p class=\"article-picture-caption\">Sukareiden terassilta on n\u00e4kym\u00e4t Gibraltarille saakka. Kuva:\u00a0Lauri Puintila<\/p>\n<p class=\"article-body mb-nof-24 px-nof-16\">Jo mittavan huonekalu-uran siihen menness\u00e4 tehnyt, Maskun Kalustetalon 80-luvun alussa perustanut Sukari nousi isosti esille, kun h\u00e4n rakensi ensimm\u00e4isen Ideaparkin Lemp\u00e4\u00e4l\u00e4\u00e4n 20 vuotta sitten. Sen j\u00e4lkeen on seurattu erin\u00e4isi\u00e4 k\u00e4\u00e4nteit\u00e4 l\u00e4hinn\u00e4 h\u00e4nen yksityisel\u00e4m\u00e4ns\u00e4 puolella.<\/p>\n<blockquote class=\"p-[var(--citation-padding)] m-[var(--citation-margin)] border-y-[length:var(--citation-border-width)] border-y-[color:var(--citation-border-color)]\">\n<p>Olen rauhoittunut Nadjan my\u00f6t\u00e4 v\u00e4h\u00e4n liikaakin ja j\u00e4\u00e4nyt vain keinutuoliin istumaan.<\/p>\n<\/blockquote>\n<p class=\"article-body mb-nof-24 px-nof-16\">Vuonna 2008 oikeudessa selviteltiin tapausta, jossa Sukareiden Kustavin m\u00f6kille porealtaan myynyt el\u00e4kel\u00e4ismies riehui fileerausveitsell\u00e4 pahoinpidellen Sukarin silloisen aviopuolison. Tapahtumia oli edelt\u00e4nyt porealtaan kahdenkeskinen testaus Sukarin ja altaan myyneen miehen puolison kanssa.<\/p>\n<p class=\"article-body mb-nof-24 px-nof-16\">Vuonna 2010 Sukari erosi pitk\u00e4aikaisesta aviopuolisostaan 32 avioliittovuoden j\u00e4lkeen. Sukarista tuli tavoiteltu poikamies, jolla riitti vienti\u00e4.<\/p>\n<p class=\"article-body mb-nof-24 px-nof-16\">Vuonna 2017 Sukari iski Facebookissa silm\u00e4ns\u00e4 n\u00e4ytt\u00e4v\u00e4\u00e4n naiseen, fitnesskilpailussa Suomen mestaruuden voittaneeseen Nadjaan.<\/p>\n<p class=\"article-body mb-nof-24 px-nof-16\">\u2013 Ensimm\u00e4iset treffit meniv\u00e4t huonosti. Olin varautunut siihen, ett\u00e4 Nadja j\u00e4isi K\u00e4mpiin y\u00f6ksi. Kysyin sen j\u00e4lkeen Henttulalta (Sukari Konsernin toimitusjohtaja), ett\u00e4 mit\u00e4 sin\u00e4 olet mielt\u00e4 h\u00e4nest\u00e4, ja jos lopettaisin naisseikkailut ja rupeaisin yksiavioiseksi.<\/p>\n<p class=\"article-body mb-nof-24 px-nof-16\">\u2013 Olen rauhoittunut Nadjan my\u00f6t\u00e4 v\u00e4h\u00e4n liikaakin ja j\u00e4\u00e4nyt vain keinutuoliin istumaan, juttelee Sukari, joka saa Nadjalta hymyilev\u00e4n ny\u00f6kk\u00e4yksen.<\/p>\n<p><img decoding=\"async\" src=\"https:\/\/www.europesays.com\/fi\/wp-content\/uploads\/2026\/01\/1768110069_931_978.jpg\" alt=\"Nadja esittelee makuuhuoneessa k\u00e4silaukkujaan.\" class=\"_Img_1rerz_1\" style=\"aspect-ratio:0.75\" loading=\"eager\"\/><\/p>\n<p class=\"article-picture-caption\">Nadja esittelee makuuhuoneessa k\u00e4silaukkujaan. Kuva:\u00a0Lauri Puintila<\/p>\n<p><img decoding=\"async\" src=\"https:\/\/www.europesays.com\/fi\/wp-content\/uploads\/2026\/01\/1768110070_388_978.jpg\" alt=\"Toivo ja Nadja tapasivat toisensa Facebookissa vuonna 2017. Ensitreffit meniv\u00e4t kuitenkin Toivon mukaan huonosti.\" class=\"_Img_1rerz_1\" style=\"aspect-ratio:1.3333333333333333\" loading=\"eager\"\/><\/p>\n<p class=\"article-picture-caption\">Toivo ja Nadja tapasivat toisensa Facebookissa vuonna 2017. Ensitreffit meniv\u00e4t kuitenkin Toivon mukaan huonosti. Kuva:\u00a0Lauri Puintila<\/p>\n<p class=\"article-body mb-nof-24 px-nof-16\">Voisi kuvitella, ett\u00e4 parin arki on ylt\u00e4kyll\u00e4ist\u00e4 15 kilometrin p\u00e4\u00e4ss\u00e4 Marbellasta sijaitsevassa vauraassa Benahaviksessa.<\/p>\n<p class=\"article-body mb-nof-24 px-nof-16\">Sukareiden p\u00e4iv\u00e4t ovat kuitenkin hyvin samanlaisia kuin monien Aurinkorannikolla talvehtivien suomalaisel\u00e4kel\u00e4isten: pitki\u00e4 k\u00e4velylenkkej\u00e4, kiireett\u00f6mi\u00e4 aamiaisia, aurinkoa ja ihan vain kotona olemista.<\/p>\n<p class=\"article-body mb-nof-24 px-nof-16\">\u2013 Vain kerran olemme k\u00e4yneet t\u00e4ll\u00e4 reissulla ulkona sy\u00f6m\u00e4ss\u00e4. Olemme jo n\u00e4hneet Aurinkorannikon menot ja miten paikka on muuttunut. Aikaisemmin laatu oli t\u00e4\u00e4ll\u00e4 paljon parempi, mutta nyt kaikesta tingit\u00e4\u00e4n. N\u00e4kyy, ett\u00e4 talous vaikuttaa t\u00e4\u00e4ll\u00e4kin, Nadja harmittelee.<\/p>\n<blockquote class=\"p-[var(--citation-padding)] m-[var(--citation-margin)] border-y-[length:var(--citation-border-width)] border-y-[color:var(--citation-border-color)]\">\n<p>El\u00e4kkeelle j\u00e4\u00e4v\u00e4t ihmiset tippuvat sellaiseen tyhji\u00f6\u00f6n, etteiv\u00e4t ne ole en\u00e4\u00e4 kiinni t\u00e4ss\u00e4 el\u00e4m\u00e4ss\u00e4.<\/p>\n<\/blockquote>\n<p class=\"article-body mb-nof-24 px-nof-16\">Sukarin erottaa keskiverto el\u00e4kkeensaajasta siit\u00e4, ett\u00e4 h\u00e4n el\u00e4\u00e4 ja hengitt\u00e4\u00e4 yh\u00e4 bisneksist\u00e4\u00e4n. 15-vuotiaana sikafarmarina aloittanut liikemies sanoo tekev\u00e4ns\u00e4 edelleen kaikki yhti\u00f6idens\u00e4 suuret p\u00e4\u00e4t\u00f6kset. Aurinkorannikollakin p\u00e4iv\u00e4\u00e4n mahtuu Teams- ja puhelinpalavereita.<\/p>\n<p class=\"article-body mb-nof-24 px-nof-16\">\u2013 Voin olla kaksi viikkoa t\u00e4\u00e4ll\u00e4, mutta sitten ahdistun ja on pakko p\u00e4\u00e4st\u00e4 Suomeen t\u00f6ihin. Vaikka en ole operatiivisessa johdossa, p\u00e4\u00e4omistajana isot p\u00e4\u00e4t\u00f6kset ovat minun. Olen kiinni siin\u00e4 el\u00e4m\u00e4ss\u00e4. Koen, ett\u00e4 minulla on se yritt\u00e4j\u00e4n suoma mahdollisuus, ett\u00e4 saan olla t\u00f6iss\u00e4 joka p\u00e4iv\u00e4 bisneksi\u00e4 miettien, Sukari sanoo.<\/p>\n<p class=\"article-body mb-nof-24 px-nof-16\">Sukari ei arvostele el\u00e4kel\u00e4isi\u00e4, mutta h\u00e4nelle toimettomuus ei sovi.<\/p>\n<p class=\"article-body mb-nof-24 px-nof-16\">\u2013 El\u00e4kkeelle j\u00e4\u00e4v\u00e4t ihmiset tippuvat sellaiseen tyhji\u00f6\u00f6n, etteiv\u00e4t ne ole en\u00e4\u00e4 kiinni t\u00e4ss\u00e4 el\u00e4m\u00e4ss\u00e4. El\u00e4m\u00e4n tarkoitus katoaa jollakin tavalla.<\/p>\n<p class=\"article-body mb-nof-24 px-nof-16\">\u2013 Salmelan Heikki tulee Turussa vastaan aina v\u00e4lill\u00e4 k\u00e4velylenkill\u00e4. Olemme molemmat viel\u00e4 t\u00e4ysill\u00e4 mukana. Molemmat aina toteamme, ett\u00e4 kyll\u00e4 liike on paras l\u00e4\u00e4ke, Sukari kertoo toisesta turkulaisesta tee se itse -liikemiehest\u00e4, hampurilaisketju Hesburgerin perustajasta.<\/p>\n<p><img decoding=\"async\" src=\"https:\/\/www.europesays.com\/fi\/wp-content\/uploads\/2026\/01\/1768110070_809_978.jpg\" alt=\"Toivo sanoo, ett\u00e4 h\u00e4nest\u00e4 on tullut Nadjan my\u00f6t\u00e4 maailmankansalainen, vaikka ei puhukaan kuin suomea.\" class=\"_Img_1rerz_1\" style=\"aspect-ratio:1.3333333333333333\" loading=\"eager\"\/><\/p>\n<p class=\"article-picture-caption\">Toivo sanoo, ett\u00e4 h\u00e4nest\u00e4 on tullut Nadjan my\u00f6t\u00e4 maailmankansalainen, vaikka ei puhukaan kuin suomea. Kuva:\u00a0Lauri Puintila<\/p>\n<p class=\"article-body mb-nof-24 px-nof-16\">Rahan takia Sukarin ei tarvitse en\u00e4\u00e4 sykki\u00e4.<\/p>\n<p class=\"article-body mb-nof-24 px-nof-16\">\u2013 L\u00f6ys\u00e4\u00e4 rahaa ei oikeastaan ole. Aina kun rahaa tulee, investoin sen seuraavaan kohteeseen. Tillill\u00e4ni ei makaa miljoonia. Olen ottanut ylti\u00f6p\u00e4isi\u00e4 riskej\u00e4 urallani. Lemp\u00e4\u00e4l\u00e4n Ideaparkin arvo on noin 200 miljoonaa euroa. Sein\u00e4joen Ideaparkin ty\u00f6luku on noin 150 miljoonaa. Ei se velkakaan yhteen 100 miljoonaan j\u00e4\u00e4, Sukari ynn\u00e4ilee.<\/p>\n<p class=\"article-body mb-nof-24 px-nof-16\">Arjessaan Sukari ei t\u00f6rs\u00e4\u00e4, vaikka Kyprokselta onkin hankittu juuri upea kattohuoneisto loma-asunnoksi.<\/p>\n<p class=\"article-body mb-nof-24 px-nof-16\">\u2013 Nadja aina kysyy minulta, miksi olen itselleni niin nuuka. En pysty maksamaan tuhansia euroja esimerkiksi bisnesluokan lennoista. Lenn\u00e4mme aina turistiluokassa. Exit-paikka saa riitt\u00e4\u00e4, Topi kertoo Sukareiden matkustuspolitiikasta.<\/p>\n<p class=\"article-body mb-nof-24 px-nof-16\">Sukareiden loma-asunnoissa n\u00e4kyy Nadjan k\u00e4denj\u00e4lki. Benahaviksen asunto voisi olla kuin sisustuslehdist\u00e4: yht\u00e4\u00e4n turhaa esinett\u00e4 tai edes asumisen j\u00e4lki\u00e4 lukaalista ei l\u00f6ydy.<\/p>\n<p class=\"article-body mb-nof-24 px-nof-16\">\u2013 Nadjan my\u00f6t\u00e4 minusta tuli maailmankansalainen. Ilman noin hienoa naista en voisi matkustaa. Asuntohommia ei olisi ilman Nadjaa. Min\u00e4 olen huonekalukauppias, mutta Nadja on meist\u00e4 parempi sisustamaan, sanoo Sukari selaillessaan olohuoneen p\u00f6yd\u00e4ll\u00e4 olevan muoti-ikoni <a class=\"font-bold underline-offset-[0.12em] [text-decoration:var(--person-link-text-decoration)] ![text-decoration-color:var(--person-link-text-decoration-color)]\" href=\"https:\/\/www.is.fi\/haku\/?query=Coco%20Chanelin\" rel=\"nofollow noopener\" target=\"_blank\">Coco Chanelin <\/a>kirjan kuvia.<\/p>\n","protected":false},"excerpt":{"rendered":"Liikemies Toivo Sukari ui kuin kala vedess\u00e4 ulkomailla ilman kielitaitoa. Miten on mahdollista, ettei satojen miljoonien bisneksi\u00e4 tehnyt&hellip;\n","protected":false},"author":2,"featured_media":139242,"comment_status":"","ping_status":"","sticky":false,"template":"","format":"standard","meta":{"footnotes":""},"categories":[76],"tags":[79,77,33,31,30,34,32,78],"class_list":{"0":"post-139241","1":"post","2":"type-post","3":"status-publish","4":"format-standard","5":"has-post-thumbnail","7":"category-talous","8":"tag-business","9":"tag-economy","10":"tag-fi","11":"tag-finland","12":"tag-finnish","13":"tag-ilta-sanomat","14":"tag-suomi","15":"tag-talous"},"share_on_mastodon":{"url":"https:\/\/pubeurope.com\/@fi\/115874869062656051","error":""},"_links":{"self":[{"href":"https:\/\/www.europesays.com\/fi\/wp-json\/wp\/v2\/posts\/139241","targetHints":{"allow":["GET"]}}],"collection":[{"href":"https:\/\/www.europesays.com\/fi\/wp-json\/wp\/v2\/posts"}],"about":[{"href":"https:\/\/www.europesays.com\/fi\/wp-json\/wp\/v2\/types\/post"}],"author":[{"embeddable":true,"href":"https:\/\/www.europesays.com\/fi\/wp-json\/wp\/v2\/users\/2"}],"replies":[{"embeddable":true,"href":"https:\/\/www.europesays.com\/fi\/wp-json\/wp\/v2\/comments?post=139241"}],"version-history":[{"count":0,"href":"https:\/\/www.europesays.com\/fi\/wp-json\/wp\/v2\/posts\/139241\/revisions"}],"wp:featuredmedia":[{"embeddable":true,"href":"https:\/\/www.europesays.com\/fi\/wp-json\/wp\/v2\/media\/139242"}],"wp:attachment":[{"href":"https:\/\/www.europesays.com\/fi\/wp-json\/wp\/v2\/media?parent=139241"}],"wp:term":[{"taxonomy":"category","embeddable":true,"href":"https:\/\/www.europesays.com\/fi\/wp-json\/wp\/v2\/categories?post=139241"},{"taxonomy":"post_tag","embeddable":true,"href":"https:\/\/www.europesays.com\/fi\/wp-json\/wp\/v2\/tags?post=139241"}],"curies":[{"name":"wp","href":"https:\/\/api.w.org\/{rel}","templated":true}]}}