{"id":139244,"date":"2026-01-11T05:43:08","date_gmt":"2026-01-11T05:43:08","guid":{"rendered":"https:\/\/www.europesays.com\/fi\/139244\/"},"modified":"2026-01-11T05:43:08","modified_gmt":"2026-01-11T05:43:08","slug":"toista-syopaa-en-voi-selattaa","status":"publish","type":"post","link":"https:\/\/www.europesays.com\/fi\/139244\/","title":{"rendered":"\u201dToista sy\u00f6p\u00e4\u00e4 en voi sel\u00e4tt\u00e4\u00e4\u201d"},"content":{"rendered":"<p>Toimittaja Minna Ala-Heikkil\u00e4 kertoo juttusarjassaan, millaista on sairastaa sy\u00f6p\u00e4\u00e4. Sarjan 17. osassa h\u00e4n kertoo sairautensa ep\u00e4todellisimmasta ja mustimmasta hetkest\u00e4.<\/p>\n<p class=\"article-body mb-nof-24 px-nof-16\">Aamulehti<\/p>\n<p class=\"article-body mb-nof-24 px-nof-16\">Istun aamukahvilla keitti\u00f6ss\u00e4 ja l\u00e4hettelen sisarelleni, veljenvaimolleni ja yst\u00e4villeni viestej\u00e4: saanko tulla kyl\u00e4\u00e4n, ment\u00e4isiink\u00f6 kirpparille, l\u00e4hdetk\u00f6 lenkille, tehd\u00e4\u00e4nk\u00f6 p\u00e4iv\u00e4retki Turkuun? Tunnen tarvetta t\u00e4ytt\u00e4\u00e4 kalenteriani.<\/p>\n","protected":false},"excerpt":{"rendered":"Toimittaja Minna Ala-Heikkil\u00e4 kertoo juttusarjassaan, millaista on sairastaa sy\u00f6p\u00e4\u00e4. Sarjan 17. osassa h\u00e4n kertoo sairautensa ep\u00e4todellisimmasta ja mustimmasta&hellip;\n","protected":false},"author":2,"featured_media":139245,"comment_status":"","ping_status":"","sticky":false,"template":"","format":"standard","meta":{"footnotes":""},"categories":[12],"tags":[157,22,23,26,27,33,31,30,17,24,25,28,29,15,18,21,32,19,20,16],"class_list":{"0":"post-139244","1":"post","2":"type-post","3":"status-publish","4":"format-standard","5":"has-post-thumbnail","7":"category-suomi","8":"tag-aamulehti","9":"tag-breaking-news","10":"tag-breakingnews","11":"tag-featured-news","12":"tag-featurednews","13":"tag-fi","14":"tag-finland","15":"tag-finnish","16":"tag-headlines","17":"tag-latest-news","18":"tag-latestnews","19":"tag-main-news","20":"tag-mainnews","21":"tag-news","22":"tag-otsikot","23":"tag-paauutiset","24":"tag-suomi","25":"tag-top-stories","26":"tag-topstories","27":"tag-uutiset"},"share_on_mastodon":{"url":"https:\/\/pubeurope.com\/@fi\/115874876836282421","error":""},"_links":{"self":[{"href":"https:\/\/www.europesays.com\/fi\/wp-json\/wp\/v2\/posts\/139244","targetHints":{"allow":["GET"]}}],"collection":[{"href":"https:\/\/www.europesays.com\/fi\/wp-json\/wp\/v2\/posts"}],"about":[{"href":"https:\/\/www.europesays.com\/fi\/wp-json\/wp\/v2\/types\/post"}],"author":[{"embeddable":true,"href":"https:\/\/www.europesays.com\/fi\/wp-json\/wp\/v2\/users\/2"}],"replies":[{"embeddable":true,"href":"https:\/\/www.europesays.com\/fi\/wp-json\/wp\/v2\/comments?post=139244"}],"version-history":[{"count":0,"href":"https:\/\/www.europesays.com\/fi\/wp-json\/wp\/v2\/posts\/139244\/revisions"}],"wp:featuredmedia":[{"embeddable":true,"href":"https:\/\/www.europesays.com\/fi\/wp-json\/wp\/v2\/media\/139245"}],"wp:attachment":[{"href":"https:\/\/www.europesays.com\/fi\/wp-json\/wp\/v2\/media?parent=139244"}],"wp:term":[{"taxonomy":"category","embeddable":true,"href":"https:\/\/www.europesays.com\/fi\/wp-json\/wp\/v2\/categories?post=139244"},{"taxonomy":"post_tag","embeddable":true,"href":"https:\/\/www.europesays.com\/fi\/wp-json\/wp\/v2\/tags?post=139244"}],"curies":[{"name":"wp","href":"https:\/\/api.w.org\/{rel}","templated":true}]}}