{"id":139248,"date":"2026-01-11T05:53:09","date_gmt":"2026-01-11T05:53:09","guid":{"rendered":"https:\/\/www.europesays.com\/fi\/139248\/"},"modified":"2026-01-11T05:53:09","modified_gmt":"2026-01-11T05:53:09","slug":"internetin-alasajosta-huolimatta-mielenosoitukset-iranissa-jatkuvat","status":"publish","type":"post","link":"https:\/\/www.europesays.com\/fi\/139248\/","title":{"rendered":"Internetin alasajosta huolimatta mielenosoitukset Iranissa jatkuvat"},"content":{"rendered":"<p>            <a href=\"https:\/\/www.sss.fi\/wp-content\/uploads\/2026\/01\/2026010912010-XlE-XHqx9Ic.jpg\" data-caption=\"Yli kaksi viikkoa kest\u00e4neet protestit saivat sytykkeen Iranin elinkustannuskriisist\u00e4 ja inflaatiosta. AFP \/ LEHTIKUVA\" rel=\"nofollow noopener\" target=\"_blank\"><img loading=\"lazy\" decoding=\"async\" width=\"696\" height=\"464\" class=\"entry-thumb td-modal-image\" src=\"https:\/\/www.europesays.com\/fi\/wp-content\/uploads\/2026\/01\/2026010912010-XlE-XHqx9Ic-696x464.jpg\"   alt=\"Yli kaksi viikkoa kest\u00e4neet protestit saivat sytykkeen Iranin elinkustannuskriisist\u00e4 ja inflaatiosta. AFP \/ LEHTIKUVA\" title=\"Yli kaksi viikkoa kest\u00e4neet protestit saivat sytykkeen Iranin elinkustannuskriisist\u00e4 ja inflaatiosta. AFP \/ LEHTIKUVA\"\/><\/a>Yli kaksi viikkoa kest\u00e4neet protestit saivat sytykkeen Iranin elinkustannuskriisist\u00e4 ja inflaatiosta. AFP \/ LEHTIKUVA<\/p>\n<p>Aktivistit ja ihmisoikeusj\u00e4rjest\u00f6t esittiv\u00e4t lauantaina huolensa siit\u00e4, ett\u00e4 Iranissa maan turvallisuusjoukot lis\u00e4\u00e4v\u00e4t mielenosoittajiin kohdistuvaa v\u00e4kivaltaa verkkoyhteyksien katkon suojassa.<\/p>\n<p>Kyseess\u00e4 ovat suurimmat mielenosoitukset Iranissa yli kolmeen vuoteen.<\/p>\n<p>Viranomaiset ajoivat verkkoyhteydet alas torstai-iltana protesteja hillit\u00e4kseen. Internet-yhteyksi\u00e4 seuraava Netblocks-sivusto <a href=\"https:\/\/mastodon.social\/@netblocks\/115868921190082660\" rel=\"nofollow noopener\" target=\"_blank\">kertoi<\/a> lauantaiaamuna Iranin verkkoyhteyksien katkon kest\u00e4neen jo yli 30 tuntia.<\/p>\n<p>Mielenosoitukset useissa Iranin kaupungeissa jatkuivat perjantain ja lauantain v\u00e4lisen y\u00f6n aikana katkosta huolimatta.<\/p>\n<p>Uutistoimisto AFP:n varmistamien kuval\u00e4hteiden mukaan mielenosoituksia n\u00e4htiin ainakin p\u00e4\u00e4kaupunki Teheranissa. Persiankieliset tv-kanavat raportoivat protesteista my\u00f6s muissa kaupungeissa, kuten Tabrizissa ja Mashhadissa.<\/p>\n<p>Uutistoimisto AFP:n vahvistamissa videoissa mielenosoittajat muun muassa vaativat kuolemaa maan korkeimmalle johtajalle ajatollah Ali Khameneille, joka on ollut vallassa yli 30 vuotta.<\/p>\n<p>Kaksi viikkoa kest\u00e4neet mielenosoitukset saivat sytykkeen Iranin elinkustannuskriisist\u00e4 ja inflaatiosta. Mielenosoituksissa on kuollut kymmeni\u00e4, ja ihmisoikeusj\u00e4rjest\u00f6t ovat syytt\u00e4neet hallintoa mielenosoittajien ampumisesta.<\/p>\n<p>Trump varoittanut Irania<\/p>\n<p>Mielenosoituksia on ulkomailta k\u00e4sin yllytt\u00e4nyt maanpaossa el\u00e4v\u00e4 oppositiohahmo Reza Pahlavi, vallasta vuonna 1979 sy\u00f6styn Iranin monarkin eli shaahin poika. Viimeisimmiss\u00e4 sosiaalisen median p\u00e4ivityksiss\u00e4\u00e4n Pahlavi on yllytt\u00e4nyt protestoijia ottamaan kaupungit haltuunsa.\u00a0<\/p>\n<p>Viranomaisten mukaan yhteenotoissa mielenosoittajien kanssa on kuollut my\u00f6s useita turvallisuusjoukkoihin kuuluneita ja levottomuuksia ohjailisivat vieraat vallat. Khamenei on sanonut pit\u00e4v\u00e4ns\u00e4 mielenosoittajien taloudellisia huolenaiheita perusteltuina, mutta my\u00f6s kutsunut mielenosoittajia muun muassa vandaaleiksi, jotka toimivat miellytt\u00e4\u00e4kseen Yhdysvaltain presidentti\u00e4 Donald Trumpia.<\/p>\n<p>Trump on ilmaissut ihailevansa iranilaisten halua kaataa islamilaisen tasavallan hallinto ja varoittanut Irania mielenosoittajien tappamisesta. Iranin ulkoministeri Abbas Araghchi syytti perjantaina Yhdysvaltoja ja Israelia yrityksest\u00e4 lietsoa protesteja. Yhdysvaltojen ulkoministeri\u00f6st\u00e4 kutsuttiin v\u00e4itett\u00e4 harhaiseksi.<\/p>\n","protected":false},"excerpt":{"rendered":"Yli kaksi viikkoa kest\u00e4neet protestit saivat sytykkeen Iranin elinkustannuskriisist\u00e4 ja inflaatiosta. AFP \/ LEHTIKUVA Aktivistit ja ihmisoikeusj\u00e4rjest\u00f6t esittiv\u00e4t&hellip;\n","protected":false},"author":2,"featured_media":139249,"comment_status":"","ping_status":"","sticky":false,"template":"","format":"standard","meta":{"footnotes":""},"categories":[87],"tags":[33,31,30,148,32,91,92,56],"class_list":{"0":"post-139248","1":"post","2":"type-post","3":"status-publish","4":"format-standard","5":"has-post-thumbnail","7":"category-internet","8":"tag-fi","9":"tag-finland","10":"tag-finnish","11":"tag-internet","12":"tag-suomi","13":"tag-technology","14":"tag-teknologia","15":"tag-ulkomaat"},"share_on_mastodon":{"url":"https:\/\/pubeurope.com\/@fi\/115874916096296752","error":""},"_links":{"self":[{"href":"https:\/\/www.europesays.com\/fi\/wp-json\/wp\/v2\/posts\/139248","targetHints":{"allow":["GET"]}}],"collection":[{"href":"https:\/\/www.europesays.com\/fi\/wp-json\/wp\/v2\/posts"}],"about":[{"href":"https:\/\/www.europesays.com\/fi\/wp-json\/wp\/v2\/types\/post"}],"author":[{"embeddable":true,"href":"https:\/\/www.europesays.com\/fi\/wp-json\/wp\/v2\/users\/2"}],"replies":[{"embeddable":true,"href":"https:\/\/www.europesays.com\/fi\/wp-json\/wp\/v2\/comments?post=139248"}],"version-history":[{"count":0,"href":"https:\/\/www.europesays.com\/fi\/wp-json\/wp\/v2\/posts\/139248\/revisions"}],"wp:featuredmedia":[{"embeddable":true,"href":"https:\/\/www.europesays.com\/fi\/wp-json\/wp\/v2\/media\/139249"}],"wp:attachment":[{"href":"https:\/\/www.europesays.com\/fi\/wp-json\/wp\/v2\/media?parent=139248"}],"wp:term":[{"taxonomy":"category","embeddable":true,"href":"https:\/\/www.europesays.com\/fi\/wp-json\/wp\/v2\/categories?post=139248"},{"taxonomy":"post_tag","embeddable":true,"href":"https:\/\/www.europesays.com\/fi\/wp-json\/wp\/v2\/tags?post=139248"}],"curies":[{"name":"wp","href":"https:\/\/api.w.org\/{rel}","templated":true}]}}