{"id":139252,"date":"2026-01-11T05:59:07","date_gmt":"2026-01-11T05:59:07","guid":{"rendered":"https:\/\/www.europesays.com\/fi\/139252\/"},"modified":"2026-01-11T05:59:07","modified_gmt":"2026-01-11T05:59:07","slug":"sm-hiihdot-tanaan-11-1-2026-ohjelma-tv-lahetykset","status":"publish","type":"post","link":"https:\/\/www.europesays.com\/fi\/139252\/","title":{"rendered":"SM-hiihdot t\u00e4n\u00e4\u00e4n 11.1.2026 \u2013\u00a0ohjelma &#038; tv-l\u00e4hetykset"},"content":{"rendered":"<p><a href=\"https:\/\/www.suomiurheilu.com\/sm-hiihdot-2026-kuopio\/\" target=\"_blank\" rel=\"noreferrer noopener nofollow\">SM-hiihdot<\/a> t\u00e4n\u00e4\u00e4n 11.1.2026. T\u00e4\u00e4lt\u00e4 l\u00f6yd\u00e4t lauantain ohjelman, aikataulun, tv-l\u00e4hetykset ja osallistujat.<\/p>\n<p>T\u00e4m\u00e4n vuoden ensimm\u00e4iset SM-hiihdot on j\u00e4rjestetty Kuopiossa Puijon hiihtostadionilla. Kilpailup\u00e4ivin\u00e4 ovat toimineet lauantai ja sunnuntai. Perjantaina ei kilpailtu liian kovan pakkasen vuoksi.<\/p>\n<p>T\u00e4ss\u00e4 artikkelissa k\u00e4ymme tarkasti l\u00e4pi viimeisen kisap\u00e4iv\u00e4n (11.1.2026) ohjelman, tv-l\u00e4hetysten aikataulut sek\u00e4 osallistujalistan.<\/p>\n<p>SM-hiihdot t\u00e4n\u00e4\u00e4n 11.1.2026 \u2013 ohjelma &amp;\u00a0tv-l\u00e4hetykset<\/p>\n<p><a href=\"https:\/\/www.suomiurheilu.com\/sm-hiihdot-2026-kuopio\/\" target=\"_blank\" rel=\"noreferrer noopener nofollow\">SM-hiihdot<\/a> t\u00e4n\u00e4\u00e4n sunnuntaina 11.1.2026 Kuopiossa. Kilpailut n\u00e4kyv\u00e4t suorana Ylell\u00e4 ja Viaplaylla.<\/p>\n<p>Ylell\u00e4 selostajana toimii <strong>Kimmo Porttila<\/strong> ja asiantuntijana <strong>Kalle Lassila<\/strong>. Viaplaylla selostajana toimii <strong>Jussi Eskola<\/strong> ja asiantuntijana <strong>Sami Jauhoj\u00e4rvi<\/strong>.<\/p>\n<p>Alla tarkka ohjelma (sunnuntai 11.1.2026):<\/p>\n<tr>P\u00e4iv\u00e4AikaLajiHiihtotapa<\/tr>\n<tr>\n<td>Su 11.1.<\/td>\n<td>Klo 9:30<\/td>\n<td>Sprinttien karsinnat (naiset\/miehet)<\/td>\n<td>Perinteinen<\/td>\n<\/tr>\n<tr>\n<td>Su 11.1.<\/td>\n<td>Klo 12:00<\/td>\n<td>Sprinttien finaalit (naiset\/miehet)<\/td>\n<td>Perinteinen<\/td>\n<\/tr>\n<p>Alla tarkka tv-aikataulu (sunnuntai 11.1.2026):<\/p>\n<p>Voit tilata Viaplayn ylt\u00e4 l\u00f6ytyvist\u00e4 linkeist\u00e4.<\/p>\n<p>SM-hiihdot t\u00e4n\u00e4\u00e4n 11.1.2026 \u2013 osallistujat<\/p>\n<p><strong>Miehet\u00a0(108\u00a0osallistujaa)<\/strong><\/p>\n<tr>NimiSeura<\/tr>\n<tr>\n<td>Turtiainen\u00a0Aapo<\/td>\n<td>Imatran\u00a0Urheilijat<\/td>\n<\/tr>\n<tr>\n<td>H\u00e4ggman\u00a0Aaron<\/td>\n<td>V\u00f6r\u00e5\u00a0IF<\/td>\n<\/tr>\n<tr>\n<td>Pesu\u00a0Akseli<\/td>\n<td>Lemp\u00e4\u00e4l\u00e4n\u00a0Kisa<\/td>\n<\/tr>\n<tr>\n<td>Savola\u00a0Akseli<\/td>\n<td>Puijon\u00a0Hiihtoseura<\/td>\n<\/tr>\n<tr>\n<td>Lindgren\u00a0Akseli<\/td>\n<td>Raision\u00a0Kuula<\/td>\n<\/tr>\n<tr>\n<td>Pitk\u00e4nen\u00a0Akseli<\/td>\n<td>Teiskon\u00a0Urheilijat<\/td>\n<\/tr>\n<tr>\n<td>St\u00e5hlberg\u00a0Alexander<\/td>\n<td>IF\u00a0Minken<\/td>\n<\/tr>\n<tr>\n<td>Packal\u00e9n\u00a0Anton<\/td>\n<td>IF\u00a0Minken<\/td>\n<\/tr>\n<tr>\n<td>Urvanta\u00a0Antti<\/td>\n<td>Lemp\u00e4\u00e4l\u00e4n\u00a0Kisa<\/td>\n<\/tr>\n<tr>\n<td>H\u00e4k\u00e4mies\u00a0Antti<\/td>\n<td>Posion\u00a0Pyrint\u00f6<\/td>\n<\/tr>\n<tr>\n<td>Sepp\u00e4nen\u00a0Antti<\/td>\n<td>Sulkavan\u00a0Urheilijat\u00a0-41<\/td>\n<\/tr>\n<tr>\n<td>Ruuskanen\u00a0Arsi<\/td>\n<td>Kuusamon\u00a0Er\u00e4-Veikot<\/td>\n<\/tr>\n<tr>\n<td>Turtiainen\u00a0Arttu<\/td>\n<td>Imatran\u00a0Urheilijat<\/td>\n<\/tr>\n<tr>\n<td>Huhtanen\u00a0Atte<\/td>\n<td>Ylivieskan\u00a0Kuula<\/td>\n<\/tr>\n<tr>\n<td>Onnela\u00a0Daniel<\/td>\n<td>Pohti\u00a0SkiTeam\u00a0Pyh\u00e4j\u00e4rvi<\/td>\n<\/tr>\n<tr>\n<td>Valikainen\u00a0Eelis<\/td>\n<td>Saarisel\u00e4n\u00a0Loimu<\/td>\n<\/tr>\n<tr>\n<td>Meril\u00e4inen\u00a0Eelis<\/td>\n<td>Team\u00a0Skiers<\/td>\n<\/tr>\n<tr>\n<td>Mannila\u00a0Eero<\/td>\n<td>Taivalkosken\u00a0Mets\u00e4-Veikot\u00a085<\/td>\n<\/tr>\n<tr>\n<td>Rantala\u00a0Eero<\/td>\n<td>Vuokatti\u00a0Ski\u00a0Team\u00a0Kainuu<\/td>\n<\/tr>\n<tr>\n<td>Haara\u00a0Eino<\/td>\n<td>Pakilan\u00a0Veto<\/td>\n<\/tr>\n<tr>\n<td>Toivanen\u00a0Elmeri<\/td>\n<td>Tampereen\u00a0Yritys<\/td>\n<\/tr>\n<tr>\n<td>Liekari\u00a0Emil<\/td>\n<td>Vuokatti\u00a0Ski\u00a0Team\u00a0Kainuu<\/td>\n<\/tr>\n<tr>\n<td>Kantanen\u00a0Erno<\/td>\n<td>Juvan\u00a0Urheilijat<\/td>\n<\/tr>\n<tr>\n<td>Ahoniemi\u00a0Henrik<\/td>\n<td>Imatran\u00a0Urheilijat<\/td>\n<\/tr>\n<tr>\n<td>Uusitalo\u00a0Iiro<\/td>\n<td>J\u00e4ms\u00e4nkosken\u00a0Ilves<\/td>\n<\/tr>\n<tr>\n<td>Harju\u00a0Iiro-Mikko<\/td>\n<td>Pohti\u00a0SkiTeam\u00a0Pyh\u00e4j\u00e4rvi<\/td>\n<\/tr>\n<tr>\n<td>Niskanen\u00a0Iivo<\/td>\n<td>Puijon\u00a0Hiihtoseura<\/td>\n<\/tr>\n<tr>\n<td>Melnits\u00a0Ike<\/td>\n<td>Pohti\u00a0SkiTeam\u00a0Pyh\u00e4j\u00e4rvi<\/td>\n<\/tr>\n<tr>\n<td>R\u00e4is\u00e4nen\u00a0Ilmo<\/td>\n<td>Ski\u00a0Jyv\u00e4skyl\u00e4<\/td>\n<\/tr>\n<tr>\n<td>Bergqvist\u00a0Jalmari<\/td>\n<td>Liperin\u00a0Hiihtoseura<\/td>\n<\/tr>\n<tr>\n<td>Stenb\u00e4ck\u00a0Janne<\/td>\n<td>Vantaan\u00a0Hiihtoseura<\/td>\n<\/tr>\n<tr>\n<td>Juntunen\u00a0Jarno<\/td>\n<td>Liperin\u00a0Hiihtoseura<\/td>\n<\/tr>\n<tr>\n<td>Lipsanen\u00a0Jeremias<\/td>\n<td>Inarin\u00a0Yritys<\/td>\n<\/tr>\n<tr>\n<td>K\u00e4h\u00e4r\u00e4\u00a0Jesse<\/td>\n<td>Mikkelin\u00a0Hiiht\u00e4j\u00e4t<\/td>\n<\/tr>\n<tr>\n<td>Lepp\u00e4l\u00e4\u00a0Jimi<\/td>\n<td>Ylivieskan\u00a0Kuula<\/td>\n<\/tr>\n<tr>\n<td>Alarotu\u00a0Johannes<\/td>\n<td>Teiskon\u00a0Urheilijat<\/td>\n<\/tr>\n<tr>\n<td>Sarkkinen\u00a0Joonas<\/td>\n<td>Proski\u00a0Oulu<\/td>\n<\/tr>\n<tr>\n<td>Neuvonen\u00a0Juho<\/td>\n<td>Mikkelin\u00a0Hiiht\u00e4j\u00e4t<\/td>\n<\/tr>\n<tr>\n<td>L\u00e4nsiluoto\u00a0Juho<\/td>\n<td>Pakilan\u00a0Veto<\/td>\n<\/tr>\n<tr>\n<td>V\u00e4h\u00e4vihu\u00a0Jukka<\/td>\n<td>H\u00e4meenlinnan\u00a0Hiihtoseura<\/td>\n<\/tr>\n<tr>\n<td>Hyyti\u00e4inen\u00a0Jussi<\/td>\n<td>J\u00e4ms\u00e4nkosken\u00a0Ilves<\/td>\n<\/tr>\n<tr>\n<td>Karkkulainen\u00a0Jussi<\/td>\n<td>Taivalkosken\u00a0Mets\u00e4-Veikot\u00a085<\/td>\n<\/tr>\n<tr>\n<td>Tossavainen\u00a0Juuso<\/td>\n<td>Kuusamon\u00a0Er\u00e4-Veikot<\/td>\n<\/tr>\n<tr>\n<td>Varis\u00a0Juuso<\/td>\n<td>Liperin\u00a0Hiihtoseura<\/td>\n<\/tr>\n<tr>\n<td>Kuosma\u00a0Juuso<\/td>\n<td>Maaningan\u00a0Mahti<\/td>\n<\/tr>\n<tr>\n<td>Haarala\u00a0Juuso<\/td>\n<td>Pohti\u00a0SkiTeam\u00a0Pyh\u00e4j\u00e4rvi<\/td>\n<\/tr>\n<tr>\n<td>Mattila\u00a0Juuso<\/td>\n<td>Proski\u00a0Oulu<\/td>\n<\/tr>\n<tr>\n<td>Tossavainen\u00a0Kalle<\/td>\n<td>Hollolan\u00a0Urheilijat\u00a0-46<\/td>\n<\/tr>\n<tr>\n<td>Parantainen\u00a0Kalle<\/td>\n<td>Kuusamon\u00a0Er\u00e4-Veikot<\/td>\n<\/tr>\n<tr>\n<td>Kuorinki\u00a0Kasper<\/td>\n<td>\u00c4\u00e4nekosken\u00a0Huima<\/td>\n<\/tr>\n<tr>\n<td>Juutinen\u00a0Konsta<\/td>\n<td>Ristij\u00e4rven\u00a0Pyry<\/td>\n<\/tr>\n<tr>\n<td>V\u00e4h\u00e4vihu\u00a0Lauri<\/td>\n<td>H\u00e4meenlinnan\u00a0Hiihtoseura<\/td>\n<\/tr>\n<tr>\n<td>Lepist\u00f6\u00a0Lauri<\/td>\n<td>J\u00e4min\u00a0J\u00e4nne<\/td>\n<\/tr>\n<tr>\n<td>Vuorinen\u00a0Lauri<\/td>\n<td>Ounasvaaran\u00a0Hiihtoseura<\/td>\n<\/tr>\n<tr>\n<td>Sakki\u00a0Lauri<\/td>\n<td>Ski\u00a0Jyv\u00e4skyl\u00e4<\/td>\n<\/tr>\n<tr>\n<td>Tarjanne\u00a0Leevi<\/td>\n<td>Espoon\u00a0Hiihtoseura<\/td>\n<\/tr>\n<tr>\n<td>Lehtinen\u00a0Luukas<\/td>\n<td>Iisalmen\u00a0Visa<\/td>\n<\/tr>\n<tr>\n<td>Hietanen\u00a0Markus<\/td>\n<td>Inarin\u00a0Yritys<\/td>\n<\/tr>\n<tr>\n<td>Vuorela\u00a0Markus<\/td>\n<td>J\u00e4min\u00a0J\u00e4nne<\/td>\n<\/tr>\n<tr>\n<td>Kasanen\u00a0Markus<\/td>\n<td>Pohti\u00a0SkiTeam\u00a0Pyh\u00e4j\u00e4rvi<\/td>\n<\/tr>\n<tr>\n<td>Riipi\u00a0Matias<\/td>\n<td>Saarisel\u00e4n\u00a0Loimu<\/td>\n<\/tr>\n<tr>\n<td>Korhonen\u00a0Matti<\/td>\n<td>Haapaj\u00e4rven\u00a0Kiilat<\/td>\n<\/tr>\n<tr>\n<td>Wikblom\u00a0Melker<\/td>\n<td>IF\u00a0Minken<\/td>\n<\/tr>\n<tr>\n<td>Heikkil\u00e4\u00a0Miika<\/td>\n<td>Espoon\u00a0Hiihtoseura<\/td>\n<\/tr>\n<tr>\n<td>Tammilehto\u00a0Mikael<\/td>\n<td>Espoon\u00a0Hiihtoseura<\/td>\n<\/tr>\n<tr>\n<td>Rovio\u00a0Mikael<\/td>\n<td>Imatran\u00a0Urheilijat<\/td>\n<\/tr>\n<tr>\n<td>Karppanen\u00a0Miro<\/td>\n<td>Imatran\u00a0Urheilijat<\/td>\n<\/tr>\n<tr>\n<td>Bennert\u00a0Nico<\/td>\n<td>Inarin\u00a0Yritys<\/td>\n<\/tr>\n<tr>\n<td>M\u00e4kinen\u00a0Niilo<\/td>\n<td>Puijon\u00a0Hiihtoseura<\/td>\n<\/tr>\n<tr>\n<td>Husu\u00a0Niko<\/td>\n<td>J\u00e4min\u00a0J\u00e4nne<\/td>\n<\/tr>\n<tr>\n<td>Sepp\u00e4nen\u00a0Nuutti<\/td>\n<td>Sulkavan\u00a0Urheilijat\u00a0-41<\/td>\n<\/tr>\n<tr>\n<td>Ahonen\u00a0Olli<\/td>\n<td>Imatran\u00a0Urheilijat<\/td>\n<\/tr>\n<tr>\n<td>Kouvalainen\u00a0Olli<\/td>\n<td>Kiuruveden\u00a0Urheilijat<\/td>\n<\/tr>\n<tr>\n<td>Laitila\u00a0Olli-Pekka<\/td>\n<td>Vehkalahden\u00a0Veikot<\/td>\n<\/tr>\n<tr>\n<td>M\u00e4kel\u00e4\u00a0Onni<\/td>\n<td>Ounasvaaran\u00a0Hiihtoseura<\/td>\n<\/tr>\n<tr>\n<td>Kalliokoski\u00a0Oskari<\/td>\n<td>IF\u00a0Sibbo-Vargarna<\/td>\n<\/tr>\n<tr>\n<td>Juutinen\u00a0Oskari<\/td>\n<td>Ristij\u00e4rven\u00a0Pyry<\/td>\n<\/tr>\n<tr>\n<td>Hirvilampi\u00a0Otto<\/td>\n<td>Taivalkosken\u00a0Mets\u00e4-Veikot\u00a085<\/td>\n<\/tr>\n<tr>\n<td>Vuorma\u00a0Pauli<\/td>\n<td>Liperin\u00a0Hiihtoseura<\/td>\n<\/tr>\n<tr>\n<td>M\u00e4kel\u00e4\u00a0Pauli<\/td>\n<td>Ounasvaaran\u00a0Hiihtoseura<\/td>\n<\/tr>\n<tr>\n<td>Mattila\u00a0Petteri<\/td>\n<td>IF\u00a0Minken<\/td>\n<\/tr>\n<tr>\n<td>Laur\u00e9n\u00a0Petteri<\/td>\n<td>Inarin\u00a0Yritys<\/td>\n<\/tr>\n<tr>\n<td>Ahoniemi\u00a0Rasmus<\/td>\n<td>Vantaan\u00a0Hiihtoseura<\/td>\n<\/tr>\n<tr>\n<td>Lindholm\u00a0Remi<\/td>\n<td>Imatran\u00a0Urheilijat<\/td>\n<\/tr>\n<tr>\n<td>Norrbacka\u00a0Roni-Eemil<\/td>\n<td>Hollolan\u00a0Urheilijat\u00a0-46<\/td>\n<\/tr>\n<tr>\n<td>Miettinen\u00a0Saku<\/td>\n<td>Imatran\u00a0Urheilijat<\/td>\n<\/tr>\n<tr>\n<td>Sj\u00f6blom\u00a0Samu<\/td>\n<td>Puijon\u00a0Hiihtoseura<\/td>\n<\/tr>\n<tr>\n<td>Stenman\u00a0Tino<\/td>\n<td>Tampereen\u00a0Yritys<\/td>\n<\/tr>\n<tr>\n<td>Huttunen\u00a0Topi<\/td>\n<td>Mikkelin\u00a0Hiiht\u00e4j\u00e4t<\/td>\n<\/tr>\n<tr>\n<td>Kemppi\u00a0Topias<\/td>\n<td>Inarin\u00a0Yritys<\/td>\n<\/tr>\n<tr>\n<td>T\u00f6rm\u00e4kangas\u00a0Topias<\/td>\n<td>SkiTeam\u00a0105<\/td>\n<\/tr>\n<tr>\n<td>Torvinen\u00a0Topias<\/td>\n<td>Yl\u00f6j\u00e4rven\u00a0Ryhti<\/td>\n<\/tr>\n<tr>\n<td>Pennanen\u00a0Valtteri<\/td>\n<td>Proski\u00a0Oulu<\/td>\n<\/tr>\n<tr>\n<td>Kinnunen\u00a0Valtteri<\/td>\n<td>Ski\u00a0Jyv\u00e4skyl\u00e4<\/td>\n<\/tr>\n<tr>\n<td>Heinimaa\u00a0Valtteri<\/td>\n<td>Tampereen\u00a0Yritys<\/td>\n<\/tr>\n<tr>\n<td>Pyykk\u00f6\u00a0Veeti<\/td>\n<td>Vuokatti\u00a0Ski\u00a0Team\u00a0Kainuu<\/td>\n<\/tr>\n<tr>\n<td>Ahonen\u00a0Ville<\/td>\n<td>Imatran\u00a0Urheilijat<\/td>\n<\/tr>\n<tr>\n<td>Kontkanen\u00a0V\u00e4in\u00f6<\/td>\n<td>Liperin\u00a0Hiihtoseura<\/td>\n<\/tr>\n<tr>\n<td>L\u00e4nsiluoto\u00a0V\u00e4in\u00f6<\/td>\n<td>Pakilan\u00a0Veto<\/td>\n<\/tr>\n<tr>\n<td>Kotro\u00a0V\u00e4in\u00f6<\/td>\n<td>Proski\u00a0Oulu<\/td>\n<\/tr>\n<tr>\n<td>Vinkanharju\u00a0Waltteri<\/td>\n<td>Tampereen\u00a0Yritys<\/td>\n<\/tr>\n<tr>\n<td>Mattila\u00a0Wiljam<\/td>\n<td>Proski\u00a0Oulu<\/td>\n<\/tr>\n<tr>\n<td>Gr\u00f6nlund\u00a0Timo<\/td>\n<td\/><\/tr>\n<tr>\n<td>Cirenzhandui<\/td>\n<td\/><\/tr>\n<tr>\n<td>Wang\u00a0Qiang<\/td>\n<td\/><\/tr>\n<tr>\n<td>Li\u00a0Minglin<\/td>\n<td\/><\/tr>\n<tr>\n<td>Maowulietibieke\u00a0Entemake<\/td>\n<td\/><\/tr>\n<tr>\n<td>Kilp\u00a0Marko<\/td>\n<td\/><\/tr>\n<p>\t\t<a href=\"#\" class=\"btn btn-primary show-more\" data-more=\"block_5e0817a37116927752562d4ef02e5068\" data-more-text=\"N\u00e4yt\u00e4 miesten l\u00e4ht\u00f6lista\" data-less-text=\"Piilota\">N\u00e4yt\u00e4 miesten l\u00e4ht\u00f6lista<\/a><br \/>\n\t\t<br style=\"height: 0px;\"\/>\t<\/p>\n<p><strong>Naiset (89 osallistujaa)<\/strong><\/p>\n<tr>NimiSeura<\/tr>\n<tr>\n<td>Rautiainen Aada<\/td>\n<td>Liperin Hiihtoseura<\/td>\n<\/tr>\n<tr>\n<td>F\u00f6hr Aada<\/td>\n<td>Ski Jyv\u00e4skyl\u00e4<\/td>\n<\/tr>\n<tr>\n<td>Soininen Aino<\/td>\n<td>Team Skiers<\/td>\n<\/tr>\n<tr>\n<td>Nyfors Amanda<\/td>\n<td>IF Brahe<\/td>\n<\/tr>\n<tr>\n<td>Saari Amanda<\/td>\n<td>Tampereen Pyrint\u00f6<\/td>\n<\/tr>\n<tr>\n<td>Saari Anna-Kaisa<\/td>\n<td>Ylivieskan Kuula<\/td>\n<\/tr>\n<tr>\n<td>Kyll\u00f6nen Anne<\/td>\n<td>Kainuun Hiihtoseura<\/td>\n<\/tr>\n<tr>\n<td>Kaipainen Anni<\/td>\n<td>Liperin Hiihtoseura<\/td>\n<\/tr>\n<tr>\n<td>Rohila Anni<\/td>\n<td>Pargas IF<\/td>\n<\/tr>\n<tr>\n<td>Lindroos Anni<\/td>\n<td>Pargas IF<\/td>\n<\/tr>\n<tr>\n<td>Huovinen Anni<\/td>\n<td>Puijon Hiihtoseura<\/td>\n<\/tr>\n<tr>\n<td>Alakoski Anni<\/td>\n<td>Ylivieskan Kuula<\/td>\n<\/tr>\n<tr>\n<td>Neuvonen Anniina<\/td>\n<td>Lahden Hiihtoseura<\/td>\n<\/tr>\n<tr>\n<td>Hakala Assi<\/td>\n<td>Himangan Urheilijat<\/td>\n<\/tr>\n<tr>\n<td>Haasanen Eeva<\/td>\n<td>Vantaan Hiihtoseura<\/td>\n<\/tr>\n<tr>\n<td>Tossavainen Eevi-Inkeri<\/td>\n<td>Vantaan Hiihtoseura<\/td>\n<\/tr>\n<tr>\n<td>Jordas Ellen<\/td>\n<td>Borg\u00e5 Akilles<\/td>\n<\/tr>\n<tr>\n<td>Torvinen Elsa<\/td>\n<td>Vantaan Hiihtoseura<\/td>\n<\/tr>\n<tr>\n<td>H\u00e4gglund Emelie<\/td>\n<td>Borg\u00e5 Akilles<\/td>\n<\/tr>\n<tr>\n<td>L\u00e4ms\u00e4 Emmi<\/td>\n<td>AT Ski Team<\/td>\n<\/tr>\n<tr>\n<td>Saari Enni-Sofia<\/td>\n<td>Ylivieskan Kuula<\/td>\n<\/tr>\n<tr>\n<td>Kukonlehto Fanny<\/td>\n<td>Tampereen Pyrint\u00f6<\/td>\n<\/tr>\n<tr>\n<td>Granholm Felicia<\/td>\n<td>V\u00f6r\u00e5 IF<\/td>\n<\/tr>\n<tr>\n<td>H\u00e4ggkvist Frida<\/td>\n<td>N\u00e4rpes Kraft Skidf\u00f6rening<\/td>\n<\/tr>\n<tr>\n<td>Toivonen Hanna<\/td>\n<td>Kangasalan Kisa<\/td>\n<\/tr>\n<tr>\n<td>Ray Hanna<\/td>\n<td>Vantaan Hiihtoseura<\/td>\n<\/tr>\n<tr>\n<td>Ruotsala Heta<\/td>\n<td>Ounasvaaran Hiihtoseura<\/td>\n<\/tr>\n<tr>\n<td>Niemel\u00e4 Hilla<\/td>\n<td>Ikaalisten Urheilijat<\/td>\n<\/tr>\n<tr>\n<td>Ruotsala Hilpi<\/td>\n<td>Ounasvaaran Hiihtoseura<\/td>\n<\/tr>\n<tr>\n<td>H\u00e4nninen Ida<\/td>\n<td>Proski Oulu<\/td>\n<\/tr>\n<tr>\n<td>Vuollet Iida<\/td>\n<td>Ounasvaaran Hiihtoseura<\/td>\n<\/tr>\n<tr>\n<td>Savolainen Iina<\/td>\n<td>Puijon Hiihtoseura<\/td>\n<\/tr>\n<tr>\n<td>Lauren Iina<\/td>\n<td>Team Skiers<\/td>\n<\/tr>\n<tr>\n<td>Voutilainen Iiris<\/td>\n<td>Joensuun Kataja<\/td>\n<\/tr>\n<tr>\n<td>Vuorma Iitu<\/td>\n<td>Liperin Hiihtoseura<\/td>\n<\/tr>\n<tr>\n<td>Onnela Ilana<\/td>\n<td>Pohti SkiTeam Pyh\u00e4j\u00e4rvi<\/td>\n<\/tr>\n<tr>\n<td>Yl\u00f6nen Jenna<\/td>\n<td>SkiTeam 105<\/td>\n<\/tr>\n<tr>\n<td>Rautiala Jenna<\/td>\n<td>Team Skiers<\/td>\n<\/tr>\n<tr>\n<td>Junkkala Jessica<\/td>\n<td>Kankaantaan Kisa<\/td>\n<\/tr>\n<tr>\n<td>B\u00f6\u00f6k Josefiina<\/td>\n<td>Ounasvaaran Hiihtoseura<\/td>\n<\/tr>\n<tr>\n<td>Saavalainen Katri<\/td>\n<td>Ounasvaaran Hiihtoseura<\/td>\n<\/tr>\n<tr>\n<td>Lylynper\u00e4 Katri<\/td>\n<td>Vuokatti Ski Team Kainuu<\/td>\n<\/tr>\n<tr>\n<td>Autti Katriina<\/td>\n<td>Team Skiers<\/td>\n<\/tr>\n<tr>\n<td>Sepp\u00e4nen Kerttu<\/td>\n<td>Lappeen Riento<\/td>\n<\/tr>\n<tr>\n<td>Aho Laura<\/td>\n<td>Reisj\u00e4rven Pilke<\/td>\n<\/tr>\n<tr>\n<td>Karkkulainen Laura<\/td>\n<td>Ristij\u00e4rven Pyry<\/td>\n<\/tr>\n<tr>\n<td>Nurmi Leena<\/td>\n<td>Kainuun Hiihtoseura<\/td>\n<\/tr>\n<tr>\n<td>Salo Linnea<\/td>\n<td>Tampereen Pyrint\u00f6<\/td>\n<\/tr>\n<tr>\n<td>Nurmela Lumia<\/td>\n<td>Ounasvaaran Hiihtoseura<\/td>\n<\/tr>\n<tr>\n<td>Tiainen Maija<\/td>\n<td>Liperin Hiihtoseura<\/td>\n<\/tr>\n<tr>\n<td>M\u00e4kinen Mandi<\/td>\n<td>Joensuun Kataja<\/td>\n<\/tr>\n<tr>\n<td>Repo Marja-Terttu<\/td>\n<td>Lahden Hiihtoseura<\/td>\n<\/tr>\n<tr>\n<td>Pitk\u00e4nen Marjaana<\/td>\n<td>Vantaan Hiihtoseura<\/td>\n<\/tr>\n<tr>\n<td>Kauppinen Moona<\/td>\n<td>Siilinj\u00e4rven Hiihtoseura<\/td>\n<\/tr>\n<tr>\n<td>Kyt\u00e4j\u00e4 Nea<\/td>\n<td>Iisalmen Visa<\/td>\n<\/tr>\n<tr>\n<td>Voutilainen Nella<\/td>\n<td>Joensuun Kataja<\/td>\n<\/tr>\n<tr>\n<td>Haapalehto Ella Noora<\/td>\n<td>Pohti SkiTeam Pyh\u00e4j\u00e4rvi<\/td>\n<\/tr>\n<tr>\n<td>Kupari Noora<\/td>\n<td>Puijon Hiihtoseura<\/td>\n<\/tr>\n<tr>\n<td>Kyt\u00e4j\u00e4 Nora<\/td>\n<td>Iisalmen Visa<\/td>\n<\/tr>\n<tr>\n<td>Puranen Olivia<\/td>\n<td>AT Ski Team<\/td>\n<\/tr>\n<tr>\n<td>Kettunen Oona<\/td>\n<td>Pohti SkiTeam Pyh\u00e4j\u00e4rvi<\/td>\n<\/tr>\n<tr>\n<td>Kantanen Oosa<\/td>\n<td>Juvan Urheilijat<\/td>\n<\/tr>\n<tr>\n<td>Aaltonen Pinja<\/td>\n<td>IF Minken<\/td>\n<\/tr>\n<tr>\n<td>Silvasti Reetta<\/td>\n<td>Puijon Hiihtoseura<\/td>\n<\/tr>\n<tr>\n<td>P\u00f6yh\u00f6nen Ronja<\/td>\n<td>Siilinj\u00e4rven Hiihtoseura<\/td>\n<\/tr>\n<tr>\n<td>Kronvall Ronja<\/td>\n<td>Tampereen Pyrint\u00f6<\/td>\n<\/tr>\n<tr>\n<td>Juuska Roosa<\/td>\n<td>Team Skiers<\/td>\n<\/tr>\n<tr>\n<td>Jordman Sandra<\/td>\n<td>IF Minken<\/td>\n<\/tr>\n<tr>\n<td>Salokangas Seela<\/td>\n<td>Ounasvaaran Hiihtoseura<\/td>\n<\/tr>\n<tr>\n<td>Rossi Selene<\/td>\n<td>Vuokatti Ski Team Kainuu<\/td>\n<\/tr>\n<tr>\n<td>Jakobsson Signe<\/td>\n<td>IF Minken<\/td>\n<\/tr>\n<tr>\n<td>Kejonen Siiri<\/td>\n<td>Hollolan Urheilijat -46<\/td>\n<\/tr>\n<tr>\n<td>Rasimus Siiri<\/td>\n<td>Ski Jyv\u00e4skyl\u00e4<\/td>\n<\/tr>\n<tr>\n<td>Kemppi Silva<\/td>\n<td>Iisalmen Visa<\/td>\n<\/tr>\n<tr>\n<td>Leinonen Suvi<\/td>\n<td>Lahden Hiihtoseura<\/td>\n<\/tr>\n<tr>\n<td>Huuskonen Tiia<\/td>\n<td>Viitasaaren Viesti<\/td>\n<\/tr>\n<tr>\n<td>Olkkonen Tiia<\/td>\n<td>Ylivieskan Kuula<\/td>\n<\/tr>\n<tr>\n<td>Kontkanen Veera<\/td>\n<td>Vantaan Hiihtoseura<\/td>\n<\/tr>\n<tr>\n<td>Mets\u00e4nvuori Venla<\/td>\n<td>Hollolan Urheilijat -46<\/td>\n<\/tr>\n<tr>\n<td>L\u00e4nsiluoto Venla<\/td>\n<td>Vantaan Hiihtoseura<\/td>\n<\/tr>\n<tr>\n<td>Jylh\u00e4 Vilma<\/td>\n<td>AT Ski Team<\/td>\n<\/tr>\n<tr>\n<td>Kanerva Vilma<\/td>\n<td>Ounasvaaran Hiihtoseura<\/td>\n<\/tr>\n<tr>\n<td>Laajoki Heli<\/td>\n<td\/><\/tr>\n<tr>\n<td>Yilamujiang Dinigeer<\/td>\n<td\/><\/tr>\n<tr>\n<td>Chi Chunxue<\/td>\n<td\/><\/tr>\n<tr>\n<td>He Kaile<\/td>\n<td\/><\/tr>\n<tr>\n<td>Gesangquzhen<\/td>\n<td\/><\/tr>\n<tr>\n<td>Wang Yundi<\/td>\n<td\/><\/tr>\n<tr>\n<td>Ma Qinghua<\/td>\n<\/tr>\n<p>\t\t<a href=\"#\" class=\"btn btn-primary show-more\" data-more=\"block_c66e50d06df1786d871035668beecab5\" data-more-text=\"N\u00e4yt\u00e4 naisten l\u00e4ht\u00f6lista\" data-less-text=\"Piilota\">N\u00e4yt\u00e4 naisten l\u00e4ht\u00f6lista<\/a><br \/>\n\t\t<br style=\"height: 0px;\"\/>\t<\/p>\n<p>\t\t\t\t\t\tLUE MY\u00d6S:\t\t\t\t<\/p>\n","protected":false},"excerpt":{"rendered":"SM-hiihdot t\u00e4n\u00e4\u00e4n 11.1.2026. T\u00e4\u00e4lt\u00e4 l\u00f6yd\u00e4t lauantain ohjelman, aikataulun, tv-l\u00e4hetykset ja osallistujat. T\u00e4m\u00e4n vuoden ensimm\u00e4iset SM-hiihdot on j\u00e4rjestetty Kuopiossa&hellip;\n","protected":false},"author":2,"featured_media":139253,"comment_status":"","ping_status":"","sticky":false,"template":"","format":"standard","meta":{"footnotes":""},"categories":[133],"tags":[137,33,31,30,32,206,156,109],"class_list":{"0":"post-139252","1":"post","2":"type-post","3":"status-publish","4":"format-standard","5":"has-post-thumbnail","7":"category-televisiot","8":"tag-entertainment","9":"tag-fi","10":"tag-finland","11":"tag-finnish","12":"tag-suomi","13":"tag-televisiot","14":"tag-tv","15":"tag-viihde"},"share_on_mastodon":{"url":"https:\/\/pubeurope.com\/@fi\/115874939741902830","error":""},"_links":{"self":[{"href":"https:\/\/www.europesays.com\/fi\/wp-json\/wp\/v2\/posts\/139252","targetHints":{"allow":["GET"]}}],"collection":[{"href":"https:\/\/www.europesays.com\/fi\/wp-json\/wp\/v2\/posts"}],"about":[{"href":"https:\/\/www.europesays.com\/fi\/wp-json\/wp\/v2\/types\/post"}],"author":[{"embeddable":true,"href":"https:\/\/www.europesays.com\/fi\/wp-json\/wp\/v2\/users\/2"}],"replies":[{"embeddable":true,"href":"https:\/\/www.europesays.com\/fi\/wp-json\/wp\/v2\/comments?post=139252"}],"version-history":[{"count":0,"href":"https:\/\/www.europesays.com\/fi\/wp-json\/wp\/v2\/posts\/139252\/revisions"}],"wp:featuredmedia":[{"embeddable":true,"href":"https:\/\/www.europesays.com\/fi\/wp-json\/wp\/v2\/media\/139253"}],"wp:attachment":[{"href":"https:\/\/www.europesays.com\/fi\/wp-json\/wp\/v2\/media?parent=139252"}],"wp:term":[{"taxonomy":"category","embeddable":true,"href":"https:\/\/www.europesays.com\/fi\/wp-json\/wp\/v2\/categories?post=139252"},{"taxonomy":"post_tag","embeddable":true,"href":"https:\/\/www.europesays.com\/fi\/wp-json\/wp\/v2\/tags?post=139252"}],"curies":[{"name":"wp","href":"https:\/\/api.w.org\/{rel}","templated":true}]}}