{"id":139256,"date":"2026-01-11T06:04:07","date_gmt":"2026-01-11T06:04:07","guid":{"rendered":"https:\/\/www.europesays.com\/fi\/139256\/"},"modified":"2026-01-11T06:04:07","modified_gmt":"2026-01-11T06:04:07","slug":"kotaviidan-veljekset-vierailevat-crusellissa-uudenkaupunginsanomat","status":"publish","type":"post","link":"https:\/\/www.europesays.com\/fi\/139256\/","title":{"rendered":"Kotaviidan veljekset vierailevat Crusellissa | Uudenkaupunginsanomat"},"content":{"rendered":"<p>            <a href=\"https:\/\/www.uudenkaupunginsanomat.fi\/wp-content\/uploads\/2026\/01\/11653488.jpg\" data-caption=\"Konserttiohjelmistossa on my\u00f6s Usko Kempin suosittuja iskus\u00e4velmi\u00e4.\" rel=\"nofollow noopener\" target=\"_blank\"><img loading=\"lazy\" decoding=\"async\" width=\"696\" height=\"392\" class=\"entry-thumb td-modal-image\" src=\"https:\/\/www.europesays.com\/fi\/wp-content\/uploads\/2026\/01\/11653488-696x392.jpg\"   alt=\"\" title=\"Konserttiohjelmistossa on my\u00f6s Usko Kempin suosittuja iskus\u00e4velmi\u00e4.\"\/><\/a>Konserttiohjelmistossa on my\u00f6s Usko Kempin suosittuja iskus\u00e4velmi\u00e4.<\/p>\n<p>1950-luvulla muusikonuransa aloittaneet <strong>Kotaviidan<\/strong> veljekset <b>Aulis<\/b> ja <b>Reino<\/b> saapuvat konsertoimaan kulttuurikeskus Cruselliin perjantaina 23.1.<\/p>\n<p>Monipuolisten muusikoiden ohjelmistossa on my\u00f6s Usko Kempin suosittuja iskus\u00e4velmi\u00e4. Konsertti kunnioittaa Usko Kemppi -seuraa, joka on perustettu Uudessakaupungissa vuonna 1999. Molemmat Kotaviidat ovat esitt\u00e4neet Kempin s\u00e4velmi\u00e4 Sointu-orkesterin riveiss\u00e4 muun muassa Uudenvuodenaaton Sointu-konserteissa Turun konserttitalossa vuodesta 1999 alkaen. Viimeinen Sointu-konsertti oli jo 25. ja se pidettiin 31.12.2024.<\/p>\n<p>Veljesten urat muusikkoina alkoivat Niinisalon varuskuntasoittokunnan soitto-oppilaina, Auliksen 1951 ja Reinon kolme vuotta my\u00f6hemmin. Siell\u00e4 vakanssit vakinaistettiin ja seuraava palveluskohde oli kummallakin Laivaston soittokunta Turussa.<\/p>\n<p>Aulis Kotaviidan muusikkous laajeni iskelm\u00e4n puolelle ja h\u00e4nt\u00e4 alettiin tituleerata \u201dTurun surusilm\u00e4ksi\u201d levytt\u00e4m\u00e4st\u00e4\u00e4n Viherluoto-Lavi- iskelm\u00e4st\u00e4.<\/p>\n<p>Reino Kotaviita puolestaan kiersi Lahden ja Tampereen orkesterien kautta lopulliseen vakanssiinsa Turun filharmonisen orkesterin trumpetin \u00e4\u00e4nenjohtajaksi vuonna 1966. Kummallakin veljeksell\u00e4 on katkeamaton ura t\u00e4h\u00e4n p\u00e4iv\u00e4\u00e4n, muusikoina, opettajina, solisteina, radiossa, televisiossa.<\/p>\n<p>Veljeksi\u00e4 s\u00e4est\u00e4\u00e4 Crusellin konsertissa Sointu-yhtyeest\u00e4 <b>Ilpo Murtoj\u00e4rvi (<\/b> kitara) ja <b>Ari Hakulinen<\/b> (harmonikka). Konsertti alkaa kello 18.<\/p>\n","protected":false},"excerpt":{"rendered":"Konserttiohjelmistossa on my\u00f6s Usko Kempin suosittuja iskus\u00e4velmi\u00e4. 1950-luvulla muusikonuransa aloittaneet Kotaviidan veljekset Aulis ja Reino saapuvat konsertoimaan kulttuurikeskus&hellip;\n","protected":false},"author":2,"featured_media":139257,"comment_status":"","ping_status":"","sticky":false,"template":"","format":"standard","meta":{"footnotes":""},"categories":[130],"tags":[137,33,31,30,32,109],"class_list":{"0":"post-139256","1":"post","2":"type-post","3":"status-publish","4":"format-standard","5":"has-post-thumbnail","7":"category-viihde","8":"tag-entertainment","9":"tag-fi","10":"tag-finland","11":"tag-finnish","12":"tag-suomi","13":"tag-viihde"},"share_on_mastodon":{"url":"https:\/\/pubeurope.com\/@fi\/115874959343393070","error":""},"_links":{"self":[{"href":"https:\/\/www.europesays.com\/fi\/wp-json\/wp\/v2\/posts\/139256","targetHints":{"allow":["GET"]}}],"collection":[{"href":"https:\/\/www.europesays.com\/fi\/wp-json\/wp\/v2\/posts"}],"about":[{"href":"https:\/\/www.europesays.com\/fi\/wp-json\/wp\/v2\/types\/post"}],"author":[{"embeddable":true,"href":"https:\/\/www.europesays.com\/fi\/wp-json\/wp\/v2\/users\/2"}],"replies":[{"embeddable":true,"href":"https:\/\/www.europesays.com\/fi\/wp-json\/wp\/v2\/comments?post=139256"}],"version-history":[{"count":0,"href":"https:\/\/www.europesays.com\/fi\/wp-json\/wp\/v2\/posts\/139256\/revisions"}],"wp:featuredmedia":[{"embeddable":true,"href":"https:\/\/www.europesays.com\/fi\/wp-json\/wp\/v2\/media\/139257"}],"wp:attachment":[{"href":"https:\/\/www.europesays.com\/fi\/wp-json\/wp\/v2\/media?parent=139256"}],"wp:term":[{"taxonomy":"category","embeddable":true,"href":"https:\/\/www.europesays.com\/fi\/wp-json\/wp\/v2\/categories?post=139256"},{"taxonomy":"post_tag","embeddable":true,"href":"https:\/\/www.europesays.com\/fi\/wp-json\/wp\/v2\/tags?post=139256"}],"curies":[{"name":"wp","href":"https:\/\/api.w.org\/{rel}","templated":true}]}}