{"id":139273,"date":"2026-01-11T06:35:08","date_gmt":"2026-01-11T06:35:08","guid":{"rendered":"https:\/\/www.europesays.com\/fi\/139273\/"},"modified":"2026-01-11T06:35:08","modified_gmt":"2026-01-11T06:35:08","slug":"henri-vanhanen-arvioi-ukrainan-turvatakuiden-uskottavuuden-venajan-testi-voisi-romuttaa-koko-jarjestelyn","status":"publish","type":"post","link":"https:\/\/www.europesays.com\/fi\/139273\/","title":{"rendered":"Henri Vanhanen arvioi Ukrainan turvatakuiden uskottavuuden \u2013 Ven\u00e4j\u00e4n testi voisi romuttaa koko j\u00e4rjestelyn"},"content":{"rendered":"<p>Henri Vanhanen arvioi alkuvuoden maailmanpolitiikan vauhdikkaita asetelmia.<\/p>\n<p>Lue tiivistelm\u00e4<\/p>\n<p class=\"article-body mb-nof-24 px-nof-16 sndp-summary-bullet-point-font\">Ulko- ja turvallisuuspolitiikan asiantuntija Henri Vanhanen varoittaa, ett\u00e4 Ukrainalle annettavissa turvatakuissa on merkitt\u00e4vi\u00e4 riskej\u00e4.<\/p>\n<p class=\"article-body mb-nof-24 px-nof-16 sndp-summary-bullet-point-font\">Vanhanen sanoo, ett\u00e4 turvatakuiden pit\u00e4vyys riippuu siit\u00e4, sitoutuuko Yhdysvaltain kongressi niihin vai annetaanko ne vain presidentti Donald Trumpin nimiss\u00e4.<\/p>\n<p class=\"article-body mb-nof-24 px-nof-16 sndp-summary-bullet-point-font\">Vanhanen pit\u00e4\u00e4 avoimena kysymyksen\u00e4 my\u00f6s sit\u00e4, miten Ven\u00e4j\u00e4 suhtautuu l\u00e4nnen sopimiin turvatakuisiin.<\/p>\n<p class=\"article-body mb-nof-24 px-nof-16\">Ulko- ja turvallisuuspolitiikan asiantuntija <a class=\"font-bold underline-offset-[0.12em] [text-decoration:var(--person-link-text-decoration)] ![text-decoration-color:var(--person-link-text-decoration-color)]\" href=\"https:\/\/www.is.fi\/haku\/?query=Henri%20Vanhanen\" rel=\"nofollow noopener\" target=\"_blank\">Henri Vanhanen<\/a> arvioi, ett\u00e4 Ukrainalle annettavissa turvatakuissa on t\u00e4ll\u00e4 hetkell\u00e4 hy\u00f6tyjen lis\u00e4ksi isoja riskej\u00e4. Vanhanen kommentoi ISTV:n Ukraina-studiossa halukkaiden koalition loppiaisena saavuttamaa sopua Ukrainan turvatakuista.<\/p>\n<p class=\"article-body mb-nof-24 px-nof-16\">Vanhanen pit\u00e4\u00e4 turvatakuisiin kohdistuvia ep\u00e4ilyksi\u00e4 perusteltuina. H\u00e4n huomauttaa, ett\u00e4 on iso ero siin\u00e4, sitoutuuko Yhdysvalloissa kongressi turvatakuisiin vai annetaanko takuut vain presidentti <a class=\"font-bold underline-offset-[0.12em] [text-decoration:var(--person-link-text-decoration)] ![text-decoration-color:var(--person-link-text-decoration-color)]\" href=\"https:\/\/www.is.fi\/haku\/?query=Donald%20Trumpin\" rel=\"nofollow noopener\" target=\"_blank\">Donald Trumpin<\/a> nimiss\u00e4.<\/p>\n<p class=\"article-body mb-nof-24 px-nof-16\">\u2013 Jos se ei ole kongressin hyv\u00e4ksym\u00e4 lakiin kirjattu asia, turvatakuut voivat haihtua ilmaan hyvinkin nopeasti.<\/p>\n<p><img decoding=\"async\" src=\"https:\/\/www.europesays.com\/fi\/wp-content\/uploads\/2026\/01\/1768113308_497_320.jpg\" alt=\"Henri Vanhasen mukaan loppiaisena sovitut turvatakuut ovat edistysaskel, vaikka niihin liittyy paljon riskej\u00e4.\" class=\"_Img_1rerz_1\" style=\"aspect-ratio:1\" loading=\"eager\"\/><\/p>\n<p class=\"article-picture-caption\">Henri Vanhasen mukaan loppiaisena sovitut turvatakuut ovat edistysaskel, vaikka niihin liittyy paljon riskej\u00e4. Kuva:\u00a0Seppo K\u00e4rki \/ IS<\/p>\n<p class=\"article-body mb-nof-24 px-nof-16\">Vanhanen muistuttaa, ett\u00e4 takuissa on kyse poliittisesta sopimuksesta ja siit\u00e4, ett\u00e4 luotetaan niiden pit\u00e4vyyteen. Luottamus Yhdysvaltoihin tosin on saanut kolauksia.<\/p>\n<p class=\"article-body mb-nof-24 px-nof-16\">\u2013 Turvatakuiden pit\u00e4vyys mitataan vasta tosi\u00adtilanteessa. Ongelma t\u00e4ss\u00e4 ajassa on, ett\u00e4 luottamus ja oletus eiv\u00e4t kulje ihan k\u00e4si k\u00e4dess\u00e4. T\u00e4ss\u00e4 on aika paljon liikkuvia osia.<\/p>\n<p class=\"article-body mb-nof-24 px-nof-16\">Vanhanen pit\u00e4\u00e4 Parisin kokousta edistysaskeleena, koska nyt saatiin konkreettinen kehikko sille, millaisia turvatakuita eurooppalaiset ja Yhdysvallat kaavailevat Ukrainalle.<\/p>\n<p class=\"article-body mb-nof-24 px-nof-16\">\u2013 T\u00e4m\u00e4 on ollut niit\u00e4 polttopistekysymyksi\u00e4 t\u00e4ss\u00e4.<\/p>\n<p><img decoding=\"async\" src=\"https:\/\/www.europesays.com\/fi\/wp-content\/uploads\/2026\/01\/1768113308_124_468.jpg\" alt=\"Stubbin mukaan Yhdysvallat ottaa turvatakuut nyt vakavammin.\" class=\"_Img_1rerz_1\" style=\"aspect-ratio:1.7777777777777777\" loading=\"eager\"\/><\/p>\n<p class=\"article-picture-caption\">Stubbin mukaan Yhdysvallat ottaa turvatakuut nyt vakavammin. Kuva:\u00a0Antti H\u00e4m\u00e4l\u00e4inen\/IS<\/p>\n<p class=\"article-body mb-nof-24 px-nof-16\">Vaikka sitoumukset ovat Vanhasen mukaan viel\u00e4 \u201dyl\u00e4tason otsikkoja\u201d, on suunnitellussa p\u00e4\u00e4sty selv\u00e4sti eteenp\u00e4in. Avoimet kysymykset liittyv\u00e4t siihen, miten esimerkiksi tulitauon valvonta ja monikansallinen joukko k\u00e4yt\u00e4nn\u00f6ss\u00e4 toimivat.<\/p>\n<p class=\"article-body mb-nof-24 px-nof-16\">Vanhasen mukaan Ukrainan turvatakuut ovat t\u00e4ll\u00e4 hetkell\u00e4 pitk\u00e4lti Yhdysvaltain varassa. H\u00e4nen mukaansa esimerkiksi tasavallan presidentti <a class=\"font-bold underline-offset-[0.12em] [text-decoration:var(--person-link-text-decoration)] ![text-decoration-color:var(--person-link-text-decoration-color)]\" href=\"https:\/\/www.is.fi\/haku\/?query=Alexander%20Stubbin\" rel=\"nofollow noopener\" target=\"_blank\">Alexander Stubbin<\/a> lausunnot Yhdysvaltain roolista korostavat sit\u00e4, miten suuri merkitys Yhdysvalloilla on rauhanponnisteluissa.<\/p>\n<p class=\"article-body mb-nof-24 px-nof-16\">Yksi iso kysymysmerkki on Ven\u00e4j\u00e4n suhtautuminen. Vanhanen muistuttaa, ett\u00e4 Ven\u00e4j\u00e4 on vastustanut monikansallisia joukkoja ja Ukrainan vahvoja turvatakuita, joista p\u00e4\u00e4stiin Pariisissa sopuun.<\/p>\n<p class=\"article-body mb-nof-24 px-nof-16\">\u2013 On olennaista, miten Ven\u00e4j\u00e4 reagoi t\u00e4h\u00e4n. Ven\u00e4j\u00e4 voi yritt\u00e4\u00e4 viivytell\u00e4, mutta jos se ikuisesti sivuuttaa vaihtoehtoja, joihin Yhdysvallat on sitoutunut, aletaan polttaa p\u00e4\u00e4omaa suhteessa Trumpiin.<\/p>\n<p><img decoding=\"async\" src=\"https:\/\/www.europesays.com\/fi\/wp-content\/uploads\/2026\/01\/1768113308_862_468.jpg\" alt=\"Ranskan ja Britannian johtama halukkaiden koalitio sopi turvatakuista Ukrainalle loppiaisena.\" class=\"_Img_1rerz_1\" style=\"aspect-ratio:1.5\" loading=\"eager\"\/><\/p>\n<p class=\"article-picture-caption\">Ranskan ja Britannian johtama halukkaiden koalitio sopi turvatakuista Ukrainalle loppiaisena. Kuva:\u00a0PRESIDENT OF UKRAINE<\/p>\n<p class=\"article-body mb-nof-24 px-nof-16\">Vanhasen mukaan turvatakuiden yksityiskohdat ratkaisevat, miten uskottavasta sopimuksesta on kyse. Vanhasen mukaan on iso edistysaskel, jos Yhdysvallat on sitoutunut niin sanottuun \u201dbackstopiin\u201d eli er\u00e4\u00e4nlaiseen per\u00e4lautaan tulitauon turvaamisessa.<\/p>\n<p class=\"article-body mb-nof-24 px-nof-16\">Tulitauon valvonnassa kyse on siit\u00e4, mit\u00e4 tapahtuu tositilanteessa ja miten hyvin roolit ovat siin\u00e4 vaiheessa selvill\u00e4. Vaaran vesill\u00e4 ollaan, jos Ven\u00e4j\u00e4 testaa tulitauon pit\u00e4vyytt\u00e4 ja liittouman reaktio j\u00e4\u00e4 laimeaksi.<\/p>\n<p class=\"article-body mb-nof-24 px-nof-16\">\u2013 Se romuttaisi aika nopeasti j\u00e4rjestelyn uskottavuuden.<\/p>\n<p class=\"article-body mb-nof-24 px-nof-16\">My\u00f6s monikansallisen joukon j\u00e4rjest\u00e4ytyminen on Vanhasen mukaan kriittist\u00e4. Vanhasen mukaan on t\u00e4rke\u00e4\u00e4 selvent\u00e4\u00e4, mik\u00e4 on joukkojen mandaatti ja teht\u00e4v\u00e4t sek\u00e4 se, mist\u00e4 maista joukkoja tulee.<\/p>\n<p class=\"article-body mb-nof-24 px-nof-16\">\u2013 T\u00e4ss\u00e4 on aito riski. Kaikki n\u00e4m\u00e4 pit\u00e4\u00e4 m\u00e4\u00e4ritell\u00e4.<\/p>\n<blockquote class=\"p-[var(--citation-padding)] m-[var(--citation-margin)] border-y-[length:var(--citation-border-width)] border-y-[color:var(--citation-border-color)]\">\n<p>Se romuttaisi aika nopeasti j\u00e4rjestelyn uskottavuuden.<\/p>\n<\/blockquote>\n<p class=\"article-body mb-nof-24 px-nof-16\">Vanhasen mukaan Euroopassa pit\u00e4isi olla enemm\u00e4n halua pist\u00e4\u00e4 itsens\u00e4 likoon. H\u00e4n toteaa, ett\u00e4 talouspaineet sek\u00e4 oman puolustuksen vahvistaminen samaan aikaan Ukrainan sodan aikana asettavat eurooppalaiset hankalaan tilanteeseen.<\/p>\n<p class=\"article-body mb-nof-24 px-nof-16\">Vanhasen mukaan etenkin Euroopan isojen maiden pit\u00e4\u00e4 ottaa vastuu joukoista.<\/p>\n<p class=\"article-body mb-nof-24 px-nof-16\">Vanhanen painottaa, ett\u00e4 Ukrainalle t\u00e4ytyy tarjota uskottavia ja pitk\u00e4aikaisia sitoumuksia. Vanhasen mukaan Ukraina tarvitsee Euroopasta uutta teknologiaa ja todellisia vahvistuksia asevoimilleen.<\/p>\n<p class=\"article-body mb-nof-24 px-nof-16\">Yhteisty\u00f6n tiivist\u00e4minen Ukrainan asevoimien kanssa voi olla my\u00f6s Suomen rooli turvatakuissa. Vanhanen muistuttaa, ett\u00e4 Suomessa on paljon teollista osaamista, josta kiinnostaa Ukrainaa.<\/p>\n<p class=\"article-body mb-nof-24 px-nof-16\">\u2013 Se ei Suomessa tule nostattamaan suuria kiistakysymyksi\u00e4, kun eduskunta n\u00e4it\u00e4 miettii. Meill\u00e4 olisi t\u00e4ss\u00e4 my\u00f6s annettavaa.<\/p>\n","protected":false},"excerpt":{"rendered":"Henri Vanhanen arvioi alkuvuoden maailmanpolitiikan vauhdikkaita asetelmia. Lue tiivistelm\u00e4 Ulko- ja turvallisuuspolitiikan asiantuntija Henri Vanhanen varoittaa, ett\u00e4 Ukrainalle&hellip;\n","protected":false},"author":2,"featured_media":139274,"comment_status":"","ping_status":"","sticky":false,"template":"","format":"standard","meta":{"footnotes":""},"categories":[14],"tags":[22,23,26,27,33,31,30,17,34,24,25,28,29,15,18,21,32,19,20,56,16,59,60,61],"class_list":{"0":"post-139273","1":"post","2":"type-post","3":"status-publish","4":"format-standard","5":"has-post-thumbnail","7":"category-ulkomaat","8":"tag-breaking-news","9":"tag-breakingnews","10":"tag-featured-news","11":"tag-featurednews","12":"tag-fi","13":"tag-finland","14":"tag-finnish","15":"tag-headlines","16":"tag-ilta-sanomat","17":"tag-latest-news","18":"tag-latestnews","19":"tag-main-news","20":"tag-mainnews","21":"tag-news","22":"tag-otsikot","23":"tag-paauutiset","24":"tag-suomi","25":"tag-top-stories","26":"tag-topstories","27":"tag-ulkomaat","28":"tag-uutiset","29":"tag-world","30":"tag-world-news","31":"tag-worldnews"},"share_on_mastodon":{"url":"https:\/\/pubeurope.com\/@fi\/115875081489667723","error":""},"_links":{"self":[{"href":"https:\/\/www.europesays.com\/fi\/wp-json\/wp\/v2\/posts\/139273","targetHints":{"allow":["GET"]}}],"collection":[{"href":"https:\/\/www.europesays.com\/fi\/wp-json\/wp\/v2\/posts"}],"about":[{"href":"https:\/\/www.europesays.com\/fi\/wp-json\/wp\/v2\/types\/post"}],"author":[{"embeddable":true,"href":"https:\/\/www.europesays.com\/fi\/wp-json\/wp\/v2\/users\/2"}],"replies":[{"embeddable":true,"href":"https:\/\/www.europesays.com\/fi\/wp-json\/wp\/v2\/comments?post=139273"}],"version-history":[{"count":0,"href":"https:\/\/www.europesays.com\/fi\/wp-json\/wp\/v2\/posts\/139273\/revisions"}],"wp:featuredmedia":[{"embeddable":true,"href":"https:\/\/www.europesays.com\/fi\/wp-json\/wp\/v2\/media\/139274"}],"wp:attachment":[{"href":"https:\/\/www.europesays.com\/fi\/wp-json\/wp\/v2\/media?parent=139273"}],"wp:term":[{"taxonomy":"category","embeddable":true,"href":"https:\/\/www.europesays.com\/fi\/wp-json\/wp\/v2\/categories?post=139273"},{"taxonomy":"post_tag","embeddable":true,"href":"https:\/\/www.europesays.com\/fi\/wp-json\/wp\/v2\/tags?post=139273"}],"curies":[{"name":"wp","href":"https:\/\/api.w.org\/{rel}","templated":true}]}}