{"id":139279,"date":"2026-01-11T06:49:10","date_gmt":"2026-01-11T06:49:10","guid":{"rendered":"https:\/\/www.europesays.com\/fi\/139279\/"},"modified":"2026-01-11T06:49:10","modified_gmt":"2026-01-11T06:49:10","slug":"saimi-hoyerin-koira-waltti-rakastui-saukkoon-katso-kuvat-ja-lue-tarina","status":"publish","type":"post","link":"https:\/\/www.europesays.com\/fi\/139279\/","title":{"rendered":"Saimi Hoyerin koira Waltti rakastui saukkoon \u2013 katso kuvat ja lue tarina"},"content":{"rendered":"<p>            Tomi Natri\n        <\/p>\n<p class=\"subtitle \">Saimi on joutunut pulaan koiransa viettien takia.<\/p>\n<p class=\"article-content article-content-width !bg-background\">Malli\u00a0keskittyy t\u00e4t\u00e4 nyky\u00e4 el\u00e4m\u00e4\u00e4n muuallakin kuin catwalkeilla, ja arkeen tuo iloa h\u00e4nen koiransa Waltti.<\/p>\n<p class=\"font-weight-bold m-font-weight-bold article-content article-content-width !bg-background\">Arkistovideo: T\u00e4st\u00e4 Saimi Hoyer tuli tutuksi<\/p>\n<p class=\"article-content article-content-width !bg-background\">Saimin arki rakkaan koiran kanssa on kokenut melkoisen myllerryksen, ja syyn\u00e4 t\u00e4h\u00e4n on koiran vaistot \u2013 tai tunteet, joiden piikkiin Saimi itse vitsikk\u00e4\u00e4sti tilanteen laittaa.<\/p>\n<p class=\"article-content article-content-width !bg-background\">H\u00e4n kertoo pulmastaan laajan kuvasarjan yhteydess\u00e4 Instagram-tilill\u00e4\u00e4n perjantaina (9.1.). Kuvissa n\u00e4kyy Saimi poseeraamassa kovassa pakkasessa j\u00e4rven j\u00e4\u00e4ll\u00e4, mutta my\u00f6s pimeydess\u00e4 istuva Waltti-koira sek\u00e4 tilanteeseen liittyvi\u00e4 el\u00e4imen j\u00e4lki\u00e4.<\/p>\n<p class=\"article-content article-content-width !bg-background\">\u2013\u00a0En ole nukkunut kolmeen y\u00f6h\u00f6n. Syy t\u00e4h\u00e4n on se, ett\u00e4 Waltti on rakastunut. Waltti on rakastunut saukkoon, jonka reitti kulkee Oravalasta Tattilan terassin kautta l\u00e4heiselle suolle,\u00a0Saimi kertoo.<\/p>\n<p class=\"article-content article-content-width !bg-background\">\u2013\u00a0Lieskat lentelev\u00e4t ja rakkauden hymnit soivat, mutta minulle t\u00e4m\u00e4 touhu alkaa nyt piisata.\u00a0<\/p>\n<p class=\"article-content article-content-width !bg-background\">Saimi kertoo Waltin siirtyneen totutuista k\u00e4velylenkeist\u00e4 aivan seuraamaan vain saukon j\u00e4lki\u00e4 \u2013 vain toisinaan koira tutkii muita j\u00e4lki\u00e4, mutta palaa pian taas rakkaan saukkonsa per\u00e4\u00e4n.<\/p>\n<p>        <a itemprop=\"url\" href=\"https:\/\/www.seiska.fi\/kotimaa\/rakastettu-julkkismeikkaaja-on-kuollut-saimi-hoyerilta-sydantasarkeva-paivitys\/1592589\" rel=\"nofollow noopener\" target=\"_blank\"><\/p>\n<p class=\"section-date\">\n        <strong class=\"article-section\" data-section=\"kotimaa\"><br \/>\n            kotimaa<br \/>\n        <\/strong><br \/>\n        26.1.2025 15:30\n    <\/p>\n<p>Rakastettu julkkismeikkaaja on kuollut \u2013 Saimi Hoyerilta syd\u00e4nt\u00e4s\u00e4rkev\u00e4 p\u00e4ivitys\n    <\/p>\n<p itemprop=\"description\" class=\"subtitle \">\n    Julkkismaskeeraaja Janne Suono on kuollut.\n<\/p>\n<p>        <\/a><\/p>\n<p>Saukko toisille reiteille<\/p>\n<p class=\"article-content article-content-width !bg-background\">Kiihko saukon per\u00e4\u00e4n vain kiihtyy iltaisin, jolloin koiran vaatimukset k\u00e4yv\u00e4t koviksi.<\/p>\n<p class=\"article-content article-content-width !bg-background\">\u2013\u00a0Iltaisin, kun valot sammuvat, Waltti siirtyy ikkunan eteen ja alkaa hirmuinen ujellus ja l\u00e4\u00e4h\u00e4tys. Sitten se l\u00e4ps\u00e4ytt\u00e4\u00e4 minua tassulla olkap\u00e4\u00e4h\u00e4n ja vaatii p\u00e4\u00e4st\u00e4 lenkille. Kiskon silm\u00e4t ristiss\u00e4 toppavaatteet ylleni, avaan oven ja sitten menn\u00e4\u00e4n, vaakatasossa, pilkkopime\u00e4ss\u00e4, otsalampun valossa. Pari kertaa y\u00f6ss\u00e4, yleens\u00e4 kahden ja nelj\u00e4n huitteilla,\u00a0Saimi tilitt\u00e4\u00e4.<\/p>\n<p class=\"article-content article-content-width !bg-background\">Saukko el\u00e4imen\u00e4 on Saimin mieleen, ja h\u00e4n on toisinaan ihastellut niiden vipelt\u00e4mist\u00e4.<\/p>\n<p class=\"article-content article-content-width !bg-background\">\u2013\u00a0Mutta nyt t\u00e4m\u00e4n nimenomaisen saukkoneidon on l\u00f6ydett\u00e4v\u00e4 toinen reitti tai Waltti pakahtuu suuriin tunteisiinsa ja minusta tulee Vaaran haamu,\u00a0h\u00e4n esitt\u00e4\u00e4 toiveensa.<\/p>\n<p class=\"article-content article-content-width !bg-background\">Saimi kertoo saaneensa el\u00e4inl\u00e4\u00e4k\u00e4rilt\u00e4 ohjeet tarjota koiralle virikkeit\u00e4, joilla sen huomion toivottavasti saa suunnattua saukosta toisaalle.<\/p>\n<p>        <a itemprop=\"url\" href=\"https:\/\/www.seiska.fi\/kotimaa\/uusi-kaanne-julkkispari-hotelli-punkaharjun-taustalle-nain-kay-saimi-hoyerin\/1599238\" rel=\"nofollow noopener\" target=\"_blank\"><\/p>\n<p>\nHotelli Punkaharju:\n<\/p>\n<p class=\"section-date\">\n        <strong class=\"article-section\" data-section=\"kotimaa\"><br \/>\n            kotimaa<br \/>\n        <\/strong><br \/>\n        31.1.2025 18:00\n    <\/p>\n<p>Uusi k\u00e4\u00e4nne! Julkkispari Hotelli Punkaharjun taustalle \u2013 n\u00e4in k\u00e4y Saimi Hoyerin\n    <\/p>\n<p itemprop=\"description\" class=\"subtitle \">\n    Uusi ja entinen omistaja eiv\u00e4t kommentoi yhteisty\u00f6n mahdollisuutta.\n<\/p>\n<p>        <\/a><\/p>\n","protected":false},"excerpt":{"rendered":"Tomi Natri Saimi on joutunut pulaan koiransa viettien takia. Malli\u00a0keskittyy t\u00e4t\u00e4 nyky\u00e4 el\u00e4m\u00e4\u00e4n muuallakin kuin catwalkeilla, ja arkeen&hellip;\n","protected":false},"author":2,"featured_media":139280,"comment_status":"","ping_status":"","sticky":false,"template":"","format":"standard","meta":{"footnotes":""},"categories":[136],"tags":[407,404,8138,137,33,31,30,408,3434,4632,3427,72,14856,24156,32,109,24157],"class_list":{"0":"post-139279","1":"post","2":"type-post","3":"status-publish","4":"format-standard","5":"has-post-thumbnail","7":"category-julkkikset","8":"tag-celebrities","9":"tag-elaimet","10":"tag-elainlaakari","11":"tag-entertainment","12":"tag-fi","13":"tag-finland","14":"tag-finnish","15":"tag-julkkikset","16":"tag-koira","17":"tag-lemmikit","18":"tag-lemmikki","19":"tag-luonto","20":"tag-saimi-hoyer","21":"tag-saukko","22":"tag-suomi","23":"tag-viihde","24":"tag-waltti"},"share_on_mastodon":{"url":"https:\/\/pubeurope.com\/@fi\/115875136293962564","error":""},"_links":{"self":[{"href":"https:\/\/www.europesays.com\/fi\/wp-json\/wp\/v2\/posts\/139279","targetHints":{"allow":["GET"]}}],"collection":[{"href":"https:\/\/www.europesays.com\/fi\/wp-json\/wp\/v2\/posts"}],"about":[{"href":"https:\/\/www.europesays.com\/fi\/wp-json\/wp\/v2\/types\/post"}],"author":[{"embeddable":true,"href":"https:\/\/www.europesays.com\/fi\/wp-json\/wp\/v2\/users\/2"}],"replies":[{"embeddable":true,"href":"https:\/\/www.europesays.com\/fi\/wp-json\/wp\/v2\/comments?post=139279"}],"version-history":[{"count":0,"href":"https:\/\/www.europesays.com\/fi\/wp-json\/wp\/v2\/posts\/139279\/revisions"}],"wp:featuredmedia":[{"embeddable":true,"href":"https:\/\/www.europesays.com\/fi\/wp-json\/wp\/v2\/media\/139280"}],"wp:attachment":[{"href":"https:\/\/www.europesays.com\/fi\/wp-json\/wp\/v2\/media?parent=139279"}],"wp:term":[{"taxonomy":"category","embeddable":true,"href":"https:\/\/www.europesays.com\/fi\/wp-json\/wp\/v2\/categories?post=139279"},{"taxonomy":"post_tag","embeddable":true,"href":"https:\/\/www.europesays.com\/fi\/wp-json\/wp\/v2\/tags?post=139279"}],"curies":[{"name":"wp","href":"https:\/\/api.w.org\/{rel}","templated":true}]}}