{"id":139285,"date":"2026-01-11T06:57:07","date_gmt":"2026-01-11T06:57:07","guid":{"rendered":"https:\/\/www.europesays.com\/fi\/139285\/"},"modified":"2026-01-11T06:57:07","modified_gmt":"2026-01-11T06:57:07","slug":"tanaan-tvssa-kotimainen-koko-perheen-seikkailuelokuva-vuodelta-2021-hyvin-tehty-nuorisoelokuva","status":"publish","type":"post","link":"https:\/\/www.europesays.com\/fi\/139285\/","title":{"rendered":"T\u00e4n\u00e4\u00e4n tv:ss\u00e4: Kotimainen koko perheen seikkailuelokuva vuodelta 2021 \u2013 &#8221;Hyvin tehty nuorisoelokuva!&#8221;"},"content":{"rendered":"<p>T\u00e4n\u00e4\u00e4n n\u00e4hd\u00e4\u00e4n televisiossa vuonna 2021 valmistunut kotimainen elokuva Pertsa ja Kilu.<\/p>\n<p><strong>V\u00e4in\u00f6 Riikkil\u00e4n<\/strong> 1950-luvun nuortenkirjoihin perustuvassa koko perheen seikkailuelokuvassa yst\u00e4vykset Pertsa ja Kilu pelastavat karille ajaneen pariskunnan. K\u00e4y ilmi, ett\u00e4 huvijahti oli varastettu ja sen mukana upposi pankkiry\u00f6st\u00f6st\u00e4 saatu saalis. Pojat joutuvat huimaan seikkailuun saalista etsiess\u00e4\u00e4n.<\/p>\n<p>Parikin R\u00f6lli-elokuvaa tehneen<strong>\u00a0Taavi Vartian<\/strong> ohjaaman elokuvan p\u00e4\u00e4osissa n\u00e4yttelev\u00e4t <strong>Olavi Kiiski, Oskari Mustikkaniemi, Mimosa Willamo, Elias Westerberg, Hannes Suominen<\/strong> ja<strong> Veeti Kallio.<\/strong><\/p>\n<p>Episodi antoi arviossaan Pertsalle ja Kilulle kolme t\u00e4hte\u00e4.<\/p>\n<p>\u201dPertsa ja Kilu\u00a0on hyvin tehty nuorisoelokuva, mutta se on samalla h\u00e4mment\u00e4v\u00e4 nostalgiatrippi, eik\u00e4 sen vanhanaikaisuutta voi olla huomaamatta. Miten mahtaa nykynuoriso ottaa vastaan n\u00e4in vanhakantaisen elokuvan?\u201d, pohti Niko Ikonen hein\u00e4kuussa 2021.<\/p>\n<p>\u201dSe tuntuu olevan my\u00f6s omituisella tavalla hyvin mustavalkoinen filmi \u2013 ei arvomaailmaltaan (vaikka tyt\u00f6t j\u00e4\u00e4v\u00e4tkin taas pieniin sivurooleihin) vaan kuvaukseltaan. Se on paikoitellen tehty kuin vanhojen Suomi-filmien kaavalla. Liek\u00f6 kyseess\u00e4 ohjaajan henkil\u00f6kohtainen nostalgiatrippi lapsuutensa maisemiin ja tunnelmiin?\u201d, arviossa pohditaan.<\/p>\n<p>Pertsa ja Kilu esitet\u00e4\u00e4n nyt Nelosella kahteen otteeseen:<\/p>\n<ul class=\"wp-block-list\">\n<li>Su 11.1.2026 klo 17.10<\/li>\n<li>La 17.1.2026 klo 16.40<\/li>\n<\/ul>\n<p>Katso traileri alta.<\/p>\n<p><img loading=\"lazy\" decoding=\"async\" alt=\"YouTube video\" width=\"480\" height=\"360\" data-pin-nopin=\"true\" nopin=\"nopin\" class=\"perfmatters-lazy\" src=\"https:\/\/www.europesays.com\/fi\/wp-content\/uploads\/2026\/01\/1768114627_87_hqdefault.jpg\"\/><\/p>\n<p>Lue my\u00f6s: <a href=\"https:\/\/www.episodi.fi\/uutiskirje\/?uutiskirjemainos=tekstilinkkimainos\" title=\"Tilaa Episodin uutiskirje ja voit voittaa leffalippuja! Nappaa tv-vinkit suoraan s\u00e4hk\u00f6postiin t\u00e4st\u00e4.\" class=\"underline-custom !font-montserrat !font-bold !underline-offset-4 !decoration-4 !decoration-episodi-blue !text-md\" rel=\"nofollow noopener\" target=\"_blank\">Tilaa Episodin uutiskirje ja voit voittaa leffalippuja! Nappaa katseluvinkit suoraan s\u00e4hk\u00f6postiin t\u00e4st\u00e4.<\/a><\/p>\n","protected":false},"excerpt":{"rendered":"T\u00e4n\u00e4\u00e4n n\u00e4hd\u00e4\u00e4n televisiossa vuonna 2021 valmistunut kotimainen elokuva Pertsa ja Kilu. V\u00e4in\u00f6 Riikkil\u00e4n 1950-luvun nuortenkirjoihin perustuvassa koko perheen&hellip;\n","protected":false},"author":2,"featured_media":139286,"comment_status":"","ping_status":"","sticky":false,"template":"","format":"standard","meta":{"footnotes":""},"categories":[130],"tags":[137,33,31,30,32,139,109],"class_list":{"0":"post-139285","1":"post","2":"type-post","3":"status-publish","4":"format-standard","5":"has-post-thumbnail","7":"category-viihde","8":"tag-entertainment","9":"tag-fi","10":"tag-finland","11":"tag-finnish","12":"tag-suomi","13":"tag-tv-ohjelmat","14":"tag-viihde"},"share_on_mastodon":{"url":"https:\/\/pubeurope.com\/@fi\/115875167845855931","error":""},"_links":{"self":[{"href":"https:\/\/www.europesays.com\/fi\/wp-json\/wp\/v2\/posts\/139285","targetHints":{"allow":["GET"]}}],"collection":[{"href":"https:\/\/www.europesays.com\/fi\/wp-json\/wp\/v2\/posts"}],"about":[{"href":"https:\/\/www.europesays.com\/fi\/wp-json\/wp\/v2\/types\/post"}],"author":[{"embeddable":true,"href":"https:\/\/www.europesays.com\/fi\/wp-json\/wp\/v2\/users\/2"}],"replies":[{"embeddable":true,"href":"https:\/\/www.europesays.com\/fi\/wp-json\/wp\/v2\/comments?post=139285"}],"version-history":[{"count":0,"href":"https:\/\/www.europesays.com\/fi\/wp-json\/wp\/v2\/posts\/139285\/revisions"}],"wp:featuredmedia":[{"embeddable":true,"href":"https:\/\/www.europesays.com\/fi\/wp-json\/wp\/v2\/media\/139286"}],"wp:attachment":[{"href":"https:\/\/www.europesays.com\/fi\/wp-json\/wp\/v2\/media?parent=139285"}],"wp:term":[{"taxonomy":"category","embeddable":true,"href":"https:\/\/www.europesays.com\/fi\/wp-json\/wp\/v2\/categories?post=139285"},{"taxonomy":"post_tag","embeddable":true,"href":"https:\/\/www.europesays.com\/fi\/wp-json\/wp\/v2\/tags?post=139285"}],"curies":[{"name":"wp","href":"https:\/\/api.w.org\/{rel}","templated":true}]}}