{"id":139295,"date":"2026-01-11T07:03:09","date_gmt":"2026-01-11T07:03:09","guid":{"rendered":"https:\/\/www.europesays.com\/fi\/139295\/"},"modified":"2026-01-11T07:03:09","modified_gmt":"2026-01-11T07:03:09","slug":"saana-kiviranta-osti-sijoitusasunnon-hangosta-se-osoittautui-asuinkelvottomaksi","status":"publish","type":"post","link":"https:\/\/www.europesays.com\/fi\/139295\/","title":{"rendered":"Saana Kiviranta osti sijoitusasunnon Hangosta \u2013 se osoittautui asuinkelvottomaksi"},"content":{"rendered":"<p>Salainen virhe. Niin oikeuden asiakirjoihin on kirjoitettu. Saana Kiviranta ei voinut siit\u00e4 asuntokauppoja solmiessaan tiet\u00e4\u00e4. Eik\u00e4 sit\u00e4k\u00e4\u00e4n, ett\u00e4 edess\u00e4 olisi vuosikausia kest\u00e4v\u00e4 oikeustaisto, jonka h\u00e4n onnekseen lopulta voittaisi. Nyt Kiviranta kertoo kaikille asunnonostajille sen, mit\u00e4 olisi itse toivonut jo vuosia sitten tiet\u00e4v\u00e4ns\u00e4.<\/p>\n<p class=\"article-body mb-nof-24 px-nof-16\">Saana Kiviranta ihastui rivitaloon ja asuinalueeseen v\u00e4litt\u00f6m\u00e4sti. Asunto vaikutti t\u00e4ydelliselt\u00e4. Se toimisi varmasti hyvin sijoitusasuntona. Kaupat solmittiin vajaalla 48 000 eurolla. Hangossa sijaitsevan taloyhti\u00f6n kolmessa talossa on 29 asuntoa.<\/p>\n<p class=\"article-body mb-nof-24 px-nof-16\">\u2013 Vastikekin oli vain pari sataa euroa, Kiviranta kertoo.<\/p>\n","protected":false},"excerpt":{"rendered":"Salainen virhe. Niin oikeuden asiakirjoihin on kirjoitettu. Saana Kiviranta ei voinut siit\u00e4 asuntokauppoja solmiessaan tiet\u00e4\u00e4. Eik\u00e4 sit\u00e4k\u00e4\u00e4n, ett\u00e4&hellip;\n","protected":false},"author":2,"featured_media":139296,"comment_status":"","ping_status":"","sticky":false,"template":"","format":"standard","meta":{"footnotes":""},"categories":[5],"tags":[22,23,26,27,33,31,30,17,34,24,25,28,29,15,18,21,32,19,20,16],"class_list":{"0":"post-139295","1":"post","2":"type-post","3":"status-publish","4":"format-standard","5":"has-post-thumbnail","7":"category-otsikot","8":"tag-breaking-news","9":"tag-breakingnews","10":"tag-featured-news","11":"tag-featurednews","12":"tag-fi","13":"tag-finland","14":"tag-finnish","15":"tag-headlines","16":"tag-ilta-sanomat","17":"tag-latest-news","18":"tag-latestnews","19":"tag-main-news","20":"tag-mainnews","21":"tag-news","22":"tag-otsikot","23":"tag-paauutiset","24":"tag-suomi","25":"tag-top-stories","26":"tag-topstories","27":"tag-uutiset"},"share_on_mastodon":{"url":"https:\/\/pubeurope.com\/@fi\/115875191380425267","error":""},"_links":{"self":[{"href":"https:\/\/www.europesays.com\/fi\/wp-json\/wp\/v2\/posts\/139295","targetHints":{"allow":["GET"]}}],"collection":[{"href":"https:\/\/www.europesays.com\/fi\/wp-json\/wp\/v2\/posts"}],"about":[{"href":"https:\/\/www.europesays.com\/fi\/wp-json\/wp\/v2\/types\/post"}],"author":[{"embeddable":true,"href":"https:\/\/www.europesays.com\/fi\/wp-json\/wp\/v2\/users\/2"}],"replies":[{"embeddable":true,"href":"https:\/\/www.europesays.com\/fi\/wp-json\/wp\/v2\/comments?post=139295"}],"version-history":[{"count":0,"href":"https:\/\/www.europesays.com\/fi\/wp-json\/wp\/v2\/posts\/139295\/revisions"}],"wp:featuredmedia":[{"embeddable":true,"href":"https:\/\/www.europesays.com\/fi\/wp-json\/wp\/v2\/media\/139296"}],"wp:attachment":[{"href":"https:\/\/www.europesays.com\/fi\/wp-json\/wp\/v2\/media?parent=139295"}],"wp:term":[{"taxonomy":"category","embeddable":true,"href":"https:\/\/www.europesays.com\/fi\/wp-json\/wp\/v2\/categories?post=139295"},{"taxonomy":"post_tag","embeddable":true,"href":"https:\/\/www.europesays.com\/fi\/wp-json\/wp\/v2\/tags?post=139295"}],"curies":[{"name":"wp","href":"https:\/\/api.w.org\/{rel}","templated":true}]}}