{"id":139297,"date":"2026-01-11T07:15:09","date_gmt":"2026-01-11T07:15:09","guid":{"rendered":"https:\/\/www.europesays.com\/fi\/139297\/"},"modified":"2026-01-11T07:15:09","modified_gmt":"2026-01-11T07:15:09","slug":"ismo-leikola-yllatti-yleison-laulamalla-metallicaa-katso-huima-video","status":"publish","type":"post","link":"https:\/\/www.europesays.com\/fi\/139297\/","title":{"rendered":"Ismo Leikola yll\u00e4tti yleis\u00f6n laulamalla Metallicaa &#8211; katso huima video!"},"content":{"rendered":"<p>            lukijan kuva\n        <\/p>\n<p class=\"subtitle \">Ismo on paitsi maailman hauskin ihminen, my\u00f6s ilmeisen lahjakas rokkari.<\/p>\n<p class=\"article-content article-content-width !bg-background\">Lordin uuroviisuvoitto 2006, leijonien kiekkomenestys&#8230; Aina silloin t\u00e4ll\u00f6in suomalaisilla on ollut aihetta torilla tapaamiseen. Kansanjuhlaan olisi ollut aihetta my\u00f6s vuonna 2014, kun koomikko  nappasi itselleen maailman hauskimman ihmisen -tittelin.<\/p>\n<p class=\"font-weight-bold m-font-weight-bold article-content article-content-width !bg-background\">Video: Ismo tulkitsee Metallicaa<\/p>\n<p class=\"article-content article-content-width !bg-background\">Los Angelesissa j\u00e4rjestetyn kilpailun voitto teki Ismosta kertaheitolla kansainv\u00e4lisen t\u00e4hden. &#8221;Ismo Suomesta&#8221; kutsuttiin vieraaksi muun muassa  show&#8217;hun.<\/p>\n<p>El\u00e4keik\u00e4isten suosikki<\/p>\n<p class=\"article-content article-content-width !bg-background\">Maailmanmenestyksest\u00e4 huolimatta Ismo ei ole unohtanut kotimaataan. <a href=\"https:\/\/finlandiatalo.fi\/tapahtumat\/ismo-leikola-ajatusleikki\/\" target=\"_blank\" rel=\"nofollow noopener\">H\u00e4n esiintyi uudenvuodenaattona Finlandia-talolla<\/a>. Yleis\u00f6st\u00e4 kerrotaan Seiskalle, ett\u00e4 tunnelma Ajatusleikki-show&#8217;ssa oli purevasta pakkasesta huolimatta l\u00e4mmin.<\/p>\n<p>                <img decoding=\"async\" src=\"https:\/\/www.europesays.com\/fi\/wp-content\/uploads\/2026\/01\/2038245.webp.jpeg\" width=\"576\" height=\"802\" alt=\"Ismon perisuomalainen ujous on yleis\u00f6n mieleen. Arkistokuva 2025.\" loading=\"lazy\" \/>            <\/p>\n<p>\n            Ismon perisuomalainen ujous on yleis\u00f6n mieleen. Arkistokuva 2025.<br \/>\n            Panu H\u00f6rkk\u00f6\n        <\/p>\n<p class=\"article-content article-content-width !bg-background\">\u2013 Mukava ja rauhallinen tilaisuus juhlia uutta vuotta. Meininki oli hillitty, Suomessa kun ollaan, pitk\u00e4aikainen tilaajamme kuvailee.<\/p>\n<p class=\"article-content article-content-width !bg-background\">\u2013 Yleis\u00f6 koostui selv\u00e4sti hieman i\u00e4kk\u00e4\u00e4mm\u00e4st\u00e4 v\u00e4est\u00e4.<\/p>\n<p>Ihan kuin James Hetfield!<\/p>\n<p class=\"article-content article-content-width !bg-background\">Varsinaisen esityksen j\u00e4lkeen ilta  suunnittelemassa rakennuksessa jatkui karaoken merkeiss\u00e4.\u00a0<\/p>\n<p>        <a itemprop=\"url\" href=\"https:\/\/www.seiska.fi\/kotimaa\/ismo-leikola-pahassa-onnettomuudessa\/1921670\" rel=\"nofollow noopener\" target=\"_blank\"><\/p>\n<p>\nSelk\u00e4 murtui\n<\/p>\n<p class=\"section-date\">\n        <strong class=\"article-section\" data-section=\"kotimaa\"><br \/>\n            kotimaa<br \/>\n        <\/strong><br \/>\n        5.9.2025 11:56\n    <\/p>\n<p>Ismo Leikola pahassa onnettomuudessa!\n    <\/p>\n<p itemprop=\"description\" class=\"subtitle \">\n    Suosikkikoomikko siirt\u00e4\u00e4 keikkojaan turmansa vuoksi.\n<\/p>\n<p>        <\/a><\/p>\n<p class=\"article-content article-content-width !bg-background\">Illan t\u00e4hti nousi jatkobileiss\u00e4 lavalle luonnollisesti viel\u00e4 itsekin. Haasteita Ismo ei ainakaan tunnu pelk\u00e4\u00e4v\u00e4n, sill\u00e4 suosikkikoomikko kajautti kitusistaan  Enter Sandmanin\u00a0\u2013 viel\u00e4p\u00e4 varsin komeasti.\u00a0<\/p>\n<p>                <img decoding=\"async\" src=\"https:\/\/www.europesays.com\/fi\/wp-content\/uploads\/2026\/01\/2038252.webp.jpeg\" width=\"576\" height=\"269\" alt=\"Mitk\u00e4 keuhkot! Ismosta kuoriutui todellinen rokkikukko.\" loading=\"lazy\" \/>            <\/p>\n<p>\n            Mitk\u00e4 keuhkot! Ismosta kuoriutui todellinen rokkikukko.<br \/>\n            lukijan kuva\n        <\/p>\n<p class=\"article-content article-content-width !bg-background\">\u2013 Ismo loikkasi lavalta niin vauhdikkaasti, ett\u00e4 mietin, miten h\u00e4nen selk\u00e4ns\u00e4 kesti, n\u00e4kem\u00e4st\u00e4\u00e4n vaikuttunut keikkak\u00e4vij\u00e4 p\u00e4ivittelee.<\/p>\n<p>Nollarit\u00e4hti mukana\u00a0<\/p>\n<p class=\"article-content article-content-width !bg-background\">Ismon DJ:n\u00e4 viihdytti Beats and Styles -yhtyeest\u00e4 tuttu . H\u00e4n innostui musisoinnin tuoksinnassa juttuihin my\u00f6s yleis\u00f6n kanssa.<\/p>\n<p>        <a itemprop=\"url\" href=\"https:\/\/www.seiska.fi\/vain-seiskassa\/huhhuh-ismo-leikolalta-kova-paljastus-amerikan-rahoista-lapimurto-on-tapahtunut\/1907091\" rel=\"nofollow noopener\" target=\"_blank\"><\/p>\n<p>\nSeiskan erikoishaastattelu\n<\/p>\n<p class=\"section-date\">\n        <strong class=\"article-section\" data-section=\"vain seiskassa\"><br \/>\n            vain seiskassa<br \/>\n        <\/strong><br \/>\n        26.8.2025 06:00\n    <\/p>\n<p>Huhhuh! Ismo Leikolalta kova paljastus Amerikan rahoista: \u201dL\u00e4pimurto on tapahtunut\u201d\n    <\/p>\n<p itemprop=\"description\" class=\"subtitle \">\n    Supersuosittu stand up -t\u00e4hti valottaa Seiskalle USA:n valloitustaan.\n<\/p>\n<p>        <\/a><\/p>\n<p class=\"article-content article-content-width !bg-background\">\u2013 H\u00e4n kiert\u00e4\u00e4 kuulemma Ismon mukana ulkomaillakin. Jaakko oli koko porukasta varmaan eniten innoissaan ja hyppi ja pomppi lavalla, lukijamme nauraa.<\/p>\n<p>Ei joutunut silm\u00e4tikuksi<\/p>\n<p class=\"article-content article-content-width !bg-background\">Ujoksi mieheksi tunnustautunut Ismo sen sijaan viihtyi esiintymisten v\u00e4liss\u00e4 omassa tuttavapiiriss\u00e4\u00e4n. Silminn\u00e4kij\u00e4n mukaan seurueeseen kuului ainakin kaksi miest\u00e4 ja yksi nainen.\u00a0<\/p>\n<p>                <img decoding=\"async\" src=\"https:\/\/www.europesays.com\/fi\/wp-content\/uploads\/2026\/01\/2038254.webp.jpeg\" width=\"576\" height=\"639\" alt=\"'Ismo varmaan harvemmin saa olla rauhassa, joten oli kiva, ett\u00e4 nyt h\u00e4n sai keskitty\u00e4 illanviettoon omassa porukassa' yleis\u00f6st\u00e4 todetaan.\" loading=\"lazy\" \/>            <\/p>\n<p>\n            &#8221;Ismo varmaan harvemmin saa olla rauhassa, joten oli kiva, ett\u00e4 nyt h\u00e4n sai keskitty\u00e4 illanviettoon omassa porukassa&#8221; yleis\u00f6st\u00e4 todetaan.<br \/>\n            lukijan kuva\n        <\/p>\n<p class=\"article-content article-content-width !bg-background\">\u2013 Ihan kavereilta vaikuttivat, Finlandia-talolta kuvaillaan.<\/p>\n<p class=\"article-content article-content-width !bg-background\">\u2013 Olisi Ismokin varmaan jutellut faneille, jos joku olisi l\u00e4hestynyt. Yleis\u00f6 antoi h\u00e4nen kuitenkin nauttia illasta rauhassa.<\/p>\n<p>        <a itemprop=\"url\" href=\"https:\/\/www.seiska.fi\/kotimaa\/herranjestas-seiska-penkoi-ismo-leikolan-raha-asiat-firman-tililla-mykistava-naky\/1907155\" rel=\"nofollow noopener\" target=\"_blank\"><\/p>\n<p>\nHerranjestas!\n<\/p>\n<p class=\"section-date\">\n        <strong class=\"article-section\" data-section=\"kotimaa\"><br \/>\n            kotimaa<br \/>\n        <\/strong><br \/>\n        1.9.2025 06:00\n    <\/p>\n<p>Herranjestas! Seiska penkoi Ismo Leikolan raha-asiat \u2013 firman tilill\u00e4 mykist\u00e4v\u00e4 n\u00e4ky\n    <\/p>\n<p itemprop=\"description\" class=\"subtitle \">\n    Los Angelesissa asuvan Ismon huumoribisnekset ly\u00f6v\u00e4t komeasti leiville.\n<\/p>\n<p>        <\/a><\/p>\n","protected":false},"excerpt":{"rendered":"lukijan kuva Ismo on paitsi maailman hauskin ihminen, my\u00f6s ilmeisen lahjakas rokkari. Lordin uuroviisuvoitto 2006, leijonien kiekkomenestys&#8230; Aina&hellip;\n","protected":false},"author":2,"featured_media":139298,"comment_status":"","ping_status":"","sticky":false,"template":"","format":"standard","meta":{"footnotes":""},"categories":[136],"tags":[407,24158,137,33,31,20340,30,5659,408,4478,15749,7623,5661,6208,5159,12411,1122,32,1667,201,109],"class_list":{"0":"post-139297","1":"post","2":"type-post","3":"status-publish","4":"format-standard","5":"has-post-thumbnail","7":"category-julkkikset","8":"tag-celebrities","9":"tag-enter-sandman","10":"tag-entertainment","11":"tag-fi","12":"tag-finland","13":"tag-finlandia-talo","14":"tag-finnish","15":"tag-ismo-leikola","16":"tag-julkkikset","17":"tag-kaak","18":"tag-kansainvalinen","19":"tag-karaoke","20":"tag-koomikko","21":"tag-kuva","22":"tag-laulaja","23":"tag-metallica","24":"tag-rock","25":"tag-suomi","26":"tag-tapahtumat","27":"tag-ura","28":"tag-viihde"},"share_on_mastodon":{"url":"https:\/\/pubeurope.com\/@fi\/115875238595945274","error":""},"_links":{"self":[{"href":"https:\/\/www.europesays.com\/fi\/wp-json\/wp\/v2\/posts\/139297","targetHints":{"allow":["GET"]}}],"collection":[{"href":"https:\/\/www.europesays.com\/fi\/wp-json\/wp\/v2\/posts"}],"about":[{"href":"https:\/\/www.europesays.com\/fi\/wp-json\/wp\/v2\/types\/post"}],"author":[{"embeddable":true,"href":"https:\/\/www.europesays.com\/fi\/wp-json\/wp\/v2\/users\/2"}],"replies":[{"embeddable":true,"href":"https:\/\/www.europesays.com\/fi\/wp-json\/wp\/v2\/comments?post=139297"}],"version-history":[{"count":0,"href":"https:\/\/www.europesays.com\/fi\/wp-json\/wp\/v2\/posts\/139297\/revisions"}],"wp:featuredmedia":[{"embeddable":true,"href":"https:\/\/www.europesays.com\/fi\/wp-json\/wp\/v2\/media\/139298"}],"wp:attachment":[{"href":"https:\/\/www.europesays.com\/fi\/wp-json\/wp\/v2\/media?parent=139297"}],"wp:term":[{"taxonomy":"category","embeddable":true,"href":"https:\/\/www.europesays.com\/fi\/wp-json\/wp\/v2\/categories?post=139297"},{"taxonomy":"post_tag","embeddable":true,"href":"https:\/\/www.europesays.com\/fi\/wp-json\/wp\/v2\/tags?post=139297"}],"curies":[{"name":"wp","href":"https:\/\/api.w.org\/{rel}","templated":true}]}}