{"id":139307,"date":"2026-01-11T07:27:08","date_gmt":"2026-01-11T07:27:08","guid":{"rendered":"https:\/\/www.europesays.com\/fi\/139307\/"},"modified":"2026-01-11T07:27:08","modified_gmt":"2026-01-11T07:27:08","slug":"iranin-laajat-mielenosoitukset-jatkuneet-lapi-yon-trumpille-esitelty-sotilaallisen-iskun-mahdollisuuksia-uutisia-lyhyesti","status":"publish","type":"post","link":"https:\/\/www.europesays.com\/fi\/139307\/","title":{"rendered":"Iranin laajat mielenosoitukset jatkuneet l\u00e4pi y\u00f6n \u2013 Trumpille esitelty sotilaallisen iskun mahdollisuuksia | Uutisia lyhyesti"},"content":{"rendered":"<p class=\"aw-1gybjub aw-5vja16 kEtdKx kmuxyA yle__article__paragraph\">Iranissa maanlaajuiset protestit jatkuvat kolmatta y\u00f6t\u00e4. <\/p>\n<p><img decoding=\"async\" alt=\"Mielenosoittajia kadulla.\" src=\"https:\/\/www.europesays.com\/fi\/wp-content\/uploads\/2026\/01\/39-15796216963358a0d068.jpeg\" class=\"aw-1l9m598 hKVVvP\"\/><\/p>\n<p>Avaa kuvien katselu<\/p>\n<p>Mielenosoittajia kadulla Fasassa etel\u00e4isessa Iranissa 31.12.2025. Kuva: AFP<\/p>\n<p class=\"aw-1gybjub aw-1p7kakr kEtdKx cEmitX yle__article__paragraph\">Iranissa mielenosoitukset ovat jatkuneet lauantain ja sunnuntain v\u00e4lisen\u00e4 y\u00f6n\u00e4. Uhrilukuja seuraavien aktivistien mukaan protesteissa kuolleita on ainakin 116. Iranin valtiotelevisio on kertonut turvallisuusjoukkojen j\u00e4senten vammoista.<\/p>\n<p class=\"aw-1gybjub aw-1p7kakr kEtdKx cEmitX yle__article__paragraph\">Yhdysvaltain presidentti <strong class=\"aw-ak79eh KyCXm yle__article__strong\">Donald Trump<\/strong> kommentoi Iranin tilannetta omalla tililll\u00e4\u00e4n. H\u00e4nen mukaansa Iran haluaa vapautta, kenties enemm\u00e4n kuin koskaan ja siin\u00e4 Yhdysvallat on valmis auttamaan.<\/p>\n<p class=\"aw-1gybjub aw-1p7kakr kEtdKx cEmitX yle__article__paragraph\"><a class=\"aw-iao6s4 iHOxEa yle__article__link\" href=\"https:\/\/www.nytimes.com\/2026\/01\/10\/us\/politics\/trump-iran-strikes.html\" role=\"link\" rel=\"nofollow noopener\" target=\"_blank\">The New York Times<\/a>&#8211; ja Wall Street Journal-lehdet kertoivat nimett\u00f6mi\u00e4 virkamiesl\u00e4hteit\u00e4 lainaten, ett\u00e4 Trumpille oli esitelty erilaisia, Iranin iskuja sis\u00e4lt\u00e4vi\u00e4 sotilaallisia vaihtoehtoja. Presidentti ei tiett\u00e4v\u00e4sti ole tehnyt p\u00e4\u00e4t\u00f6st\u00e4 toimintalinjasta.<\/p>\n<p class=\"aw-1gybjub aw-1p7kakr kEtdKx cEmitX yle__article__paragraph\">Iranissa monet koulut ja yliopistot ovat kiinni kuohunnan vuoksi. Internet on edelleen valtaosin poikki. Iranin valtiontelevision mukaan hallituksen sis\u00e4iset sivustot ovat osittain toiminnassa.<\/p>\n<p class=\"aw-1gybjub aw-1p7kakr kEtdKx cEmitX yle__article__paragraph\">Yhdysvaltain ulkoministeri <strong class=\"aw-ak79eh KyCXm yle__article__strong\">Marco Rubio<\/strong> ja Israelin p\u00e4\u00e4ministeri <strong class=\"aw-ak79eh KyCXm yle__article__strong\">Benjamin Netanjahu<\/strong> ovat keskustelleet puhelimessa. Israelilaisl\u00e4hteiden mukaan puhelussa on k\u00e4siltelty sotilaallisen iskun optiota. <a class=\"aw-iao6s4 iHOxEa yle__article__link\" href=\"https:\/\/yle.fi\/a\/74-20167551\" role=\"link\" rel=\"nofollow noopener\" target=\"_blank\">Yhdysvallat liittyi viime kes\u00e4n\u00e4 Israelin tueksi<\/a> ja teki ilmaiskuja Iranin ydinlaitoksiin ja muihin kohteisiin.<\/p>\n<p class=\"aw-1gybjub aw-1p7kakr kEtdKx cEmitX yle__article__paragraph\">Reuters<\/p>\n","protected":false},"excerpt":{"rendered":"Iranissa maanlaajuiset protestit jatkuvat kolmatta y\u00f6t\u00e4. Avaa kuvien katselu Mielenosoittajia kadulla Fasassa etel\u00e4isessa Iranissa 31.12.2025. Kuva: AFP Iranissa&hellip;\n","protected":false},"author":2,"featured_media":139308,"comment_status":"","ping_status":"","sticky":false,"template":"","format":"standard","meta":{"footnotes":""},"categories":[14],"tags":[22,23,26,27,33,31,30,17,3648,70,24,25,28,29,2571,15,18,21,32,19,20,56,16,59,60,61],"class_list":{"0":"post-139307","1":"post","2":"type-post","3":"status-publish","4":"format-standard","5":"has-post-thumbnail","7":"category-ulkomaat","8":"tag-breaking-news","9":"tag-breakingnews","10":"tag-featured-news","11":"tag-featurednews","12":"tag-fi","13":"tag-finland","14":"tag-finnish","15":"tag-headlines","16":"tag-iran","17":"tag-kansainvalinen-politiikka","18":"tag-latest-news","19":"tag-latestnews","20":"tag-main-news","21":"tag-mainnews","22":"tag-mielenosoitukset","23":"tag-news","24":"tag-otsikot","25":"tag-paauutiset","26":"tag-suomi","27":"tag-top-stories","28":"tag-topstories","29":"tag-ulkomaat","30":"tag-uutiset","31":"tag-world","32":"tag-world-news","33":"tag-worldnews"},"share_on_mastodon":{"url":"https:\/\/pubeurope.com\/@fi\/115875285790558054","error":""},"_links":{"self":[{"href":"https:\/\/www.europesays.com\/fi\/wp-json\/wp\/v2\/posts\/139307","targetHints":{"allow":["GET"]}}],"collection":[{"href":"https:\/\/www.europesays.com\/fi\/wp-json\/wp\/v2\/posts"}],"about":[{"href":"https:\/\/www.europesays.com\/fi\/wp-json\/wp\/v2\/types\/post"}],"author":[{"embeddable":true,"href":"https:\/\/www.europesays.com\/fi\/wp-json\/wp\/v2\/users\/2"}],"replies":[{"embeddable":true,"href":"https:\/\/www.europesays.com\/fi\/wp-json\/wp\/v2\/comments?post=139307"}],"version-history":[{"count":0,"href":"https:\/\/www.europesays.com\/fi\/wp-json\/wp\/v2\/posts\/139307\/revisions"}],"wp:featuredmedia":[{"embeddable":true,"href":"https:\/\/www.europesays.com\/fi\/wp-json\/wp\/v2\/media\/139308"}],"wp:attachment":[{"href":"https:\/\/www.europesays.com\/fi\/wp-json\/wp\/v2\/media?parent=139307"}],"wp:term":[{"taxonomy":"category","embeddable":true,"href":"https:\/\/www.europesays.com\/fi\/wp-json\/wp\/v2\/categories?post=139307"},{"taxonomy":"post_tag","embeddable":true,"href":"https:\/\/www.europesays.com\/fi\/wp-json\/wp\/v2\/tags?post=139307"}],"curies":[{"name":"wp","href":"https:\/\/api.w.org\/{rel}","templated":true}]}}