{"id":139313,"date":"2026-01-11T07:41:13","date_gmt":"2026-01-11T07:41:13","guid":{"rendered":"https:\/\/www.europesays.com\/fi\/139313\/"},"modified":"2026-01-11T07:41:13","modified_gmt":"2026-01-11T07:41:13","slug":"tiia-routakankaan-ja-eetu-salmisen-vauva-on-harjavallan-vuoden-ensimmainen","status":"publish","type":"post","link":"https:\/\/www.europesays.com\/fi\/139313\/","title":{"rendered":"Tiia Routakankaan ja Eetu Salmisen vauva on Harjavallan vuoden ensimm\u00e4inen"},"content":{"rendered":"<p>Harjavallan vuoden ensimm\u00e4isen vauvan ei pit\u00e4nyt olla ensimm\u00e4inen, vaan yksi vuoden viimeisist\u00e4 vauvoista.<\/p>\n<p>10.1. 5:00<\/p>\n<p class=\"article-body mb-nof-24 px-nof-16\">Jos Harjavallan vuoden ensimm\u00e4inen vauva olisi ollut tytt\u00f6, kotiv\u00e4ki olisi kutsunut h\u00e4nt\u00e4 Polkaksi.<\/p>\n<p class=\"article-body mb-nof-24 px-nof-16\">Vauva oli kuitenkin poika, joten h\u00e4nest\u00e4 tuli Humppa.<\/p>\n<p class=\"article-body mb-nof-24 px-nof-16\">Humppa on vanhempiensa <a class=\"font-bold underline-offset-[0.12em] [text-decoration:var(--person-link-text-decoration)] ![text-decoration-color:var(--person-link-text-decoration-color)]\" href=\"https:\/\/www.sydansatakunta.fi\/haku\/?query=Tiia%20Routakankaan\" rel=\"nofollow noopener\" target=\"_blank\">Tiia Routakankaan<\/a> ja <a class=\"font-bold underline-offset-[0.12em] [text-decoration:var(--person-link-text-decoration)] ![text-decoration-color:var(--person-link-text-decoration-color)]\" href=\"https:\/\/www.sydansatakunta.fi\/haku\/?query=Eetu%20Salmisen\" rel=\"nofollow noopener\" target=\"_blank\">Eetu Salmisen<\/a> ensimm\u00e4inen yhteinen lapsi. Uusperheeseen kuuluvat my\u00f6s Routakankaan tyt\u00e4r <a class=\"font-bold underline-offset-[0.12em] [text-decoration:var(--person-link-text-decoration)] ![text-decoration-color:var(--person-link-text-decoration-color)]\" href=\"https:\/\/www.sydansatakunta.fi\/haku\/?query=Siiri\" rel=\"nofollow noopener\" target=\"_blank\">Siiri<\/a>, 8, ja Salmisen poika <a class=\"font-bold underline-offset-[0.12em] [text-decoration:var(--person-link-text-decoration)] ![text-decoration-color:var(--person-link-text-decoration-color)]\" href=\"https:\/\/www.sydansatakunta.fi\/haku\/?query=Vihtori\" rel=\"nofollow noopener\" target=\"_blank\">Vihtori<\/a>,12.<\/p>\n","protected":false},"excerpt":{"rendered":"Harjavallan vuoden ensimm\u00e4isen vauvan ei pit\u00e4nyt olla ensimm\u00e4inen, vaan yksi vuoden viimeisist\u00e4 vauvoista. 10.1. 5:00 Jos Harjavallan vuoden&hellip;\n","protected":false},"author":2,"featured_media":139314,"comment_status":"","ping_status":"","sticky":false,"template":"","format":"standard","meta":{"footnotes":""},"categories":[136],"tags":[407,137,33,31,30,408,32,572,109],"class_list":{"0":"post-139313","1":"post","2":"type-post","3":"status-publish","4":"format-standard","5":"has-post-thumbnail","7":"category-julkkikset","8":"tag-celebrities","9":"tag-entertainment","10":"tag-fi","11":"tag-finland","12":"tag-finnish","13":"tag-julkkikset","14":"tag-suomi","15":"tag-sydan-satakunta","16":"tag-viihde"},"share_on_mastodon":{"url":"https:\/\/pubeurope.com\/@fi\/115875340785787118","error":""},"_links":{"self":[{"href":"https:\/\/www.europesays.com\/fi\/wp-json\/wp\/v2\/posts\/139313","targetHints":{"allow":["GET"]}}],"collection":[{"href":"https:\/\/www.europesays.com\/fi\/wp-json\/wp\/v2\/posts"}],"about":[{"href":"https:\/\/www.europesays.com\/fi\/wp-json\/wp\/v2\/types\/post"}],"author":[{"embeddable":true,"href":"https:\/\/www.europesays.com\/fi\/wp-json\/wp\/v2\/users\/2"}],"replies":[{"embeddable":true,"href":"https:\/\/www.europesays.com\/fi\/wp-json\/wp\/v2\/comments?post=139313"}],"version-history":[{"count":0,"href":"https:\/\/www.europesays.com\/fi\/wp-json\/wp\/v2\/posts\/139313\/revisions"}],"wp:featuredmedia":[{"embeddable":true,"href":"https:\/\/www.europesays.com\/fi\/wp-json\/wp\/v2\/media\/139314"}],"wp:attachment":[{"href":"https:\/\/www.europesays.com\/fi\/wp-json\/wp\/v2\/media?parent=139313"}],"wp:term":[{"taxonomy":"category","embeddable":true,"href":"https:\/\/www.europesays.com\/fi\/wp-json\/wp\/v2\/categories?post=139313"},{"taxonomy":"post_tag","embeddable":true,"href":"https:\/\/www.europesays.com\/fi\/wp-json\/wp\/v2\/tags?post=139313"}],"curies":[{"name":"wp","href":"https:\/\/api.w.org\/{rel}","templated":true}]}}