{"id":139315,"date":"2026-01-11T07:42:06","date_gmt":"2026-01-11T07:42:06","guid":{"rendered":"https:\/\/www.europesays.com\/fi\/139315\/"},"modified":"2026-01-11T07:42:06","modified_gmt":"2026-01-11T07:42:06","slug":"aiti-ja-tytar-riisuivat-kaiken-40-vuoden-jalkeen-hameenlinnassa-kasvaneen-leena-louhivaaran-nayttely-on-valokuvaajien-sielunmessu-paikalliset","status":"publish","type":"post","link":"https:\/\/www.europesays.com\/fi\/139315\/","title":{"rendered":"\u00c4iti ja tyt\u00e4r riisuivat kaiken 40 vuoden j\u00e4lkeen \u2013 H\u00e4meenlinnassa kasvaneen Leena Louhivaaran n\u00e4yttely on valokuvaajien sielunmessu | Paikalliset"},"content":{"rendered":"<p>Galleria Paperihuoneessa kohtaavat kaksi naiskuvaajaa, \u00e4iti ja adoptiotyt\u00e4r alastomina ja ilman ammattirooleja. Kyllikki Louhivaaran perint\u00f6 on iso osa h\u00e4meenlinnalaisten historiaa.<\/p>\n<p>Pieni punatukkainen tytt\u00f6 istuu studiovalojen loisteessa ja \u00e4iti ottaa kuvia. Hieno, pys\u00e4htynyt hetki on piirtynyt l\u00e4htem\u00e4tt\u00f6m\u00e4sti <strong>Leena Louhivaaran<\/strong> mieleen.<\/p>\n","protected":false},"excerpt":{"rendered":"Galleria Paperihuoneessa kohtaavat kaksi naiskuvaajaa, \u00e4iti ja adoptiotyt\u00e4r alastomina ja ilman ammattirooleja. Kyllikki Louhivaaran perint\u00f6 on iso osa&hellip;\n","protected":false},"author":2,"featured_media":139316,"comment_status":"","ping_status":"","sticky":false,"template":"","format":"standard","meta":{"footnotes":""},"categories":[135],"tags":[389,387,388,390,137,33,31,30,104,101,108,99,100,98,1311,32,394,393,391,392,109],"class_list":{"0":"post-139315","1":"post","2":"type-post","3":"status-publish","4":"format-standard","5":"has-post-thumbnail","7":"category-taiteet-ja-suunnittelu","8":"tag-arts","9":"tag-arts-and-design","10":"tag-artsanddesign","11":"tag-design","12":"tag-entertainment","13":"tag-fi","14":"tag-finland","15":"tag-finnish","16":"tag-helsinki","17":"tag-ihmissuhteet","18":"tag-kulttuuri","19":"tag-lapset","20":"tag-lapset-ja-nuoret","21":"tag-perhe","22":"tag-rakkaus","23":"tag-suomi","24":"tag-suunnittelu","25":"tag-taiteet","26":"tag-taiteet-ja-suunnittelu","27":"tag-taiteetsuunnittelu","28":"tag-viihde"},"share_on_mastodon":{"url":"https:\/\/pubeurope.com\/@fi\/115875344717147862","error":""},"_links":{"self":[{"href":"https:\/\/www.europesays.com\/fi\/wp-json\/wp\/v2\/posts\/139315","targetHints":{"allow":["GET"]}}],"collection":[{"href":"https:\/\/www.europesays.com\/fi\/wp-json\/wp\/v2\/posts"}],"about":[{"href":"https:\/\/www.europesays.com\/fi\/wp-json\/wp\/v2\/types\/post"}],"author":[{"embeddable":true,"href":"https:\/\/www.europesays.com\/fi\/wp-json\/wp\/v2\/users\/2"}],"replies":[{"embeddable":true,"href":"https:\/\/www.europesays.com\/fi\/wp-json\/wp\/v2\/comments?post=139315"}],"version-history":[{"count":0,"href":"https:\/\/www.europesays.com\/fi\/wp-json\/wp\/v2\/posts\/139315\/revisions"}],"wp:featuredmedia":[{"embeddable":true,"href":"https:\/\/www.europesays.com\/fi\/wp-json\/wp\/v2\/media\/139316"}],"wp:attachment":[{"href":"https:\/\/www.europesays.com\/fi\/wp-json\/wp\/v2\/media?parent=139315"}],"wp:term":[{"taxonomy":"category","embeddable":true,"href":"https:\/\/www.europesays.com\/fi\/wp-json\/wp\/v2\/categories?post=139315"},{"taxonomy":"post_tag","embeddable":true,"href":"https:\/\/www.europesays.com\/fi\/wp-json\/wp\/v2\/tags?post=139315"}],"curies":[{"name":"wp","href":"https:\/\/api.w.org\/{rel}","templated":true}]}}