{"id":139317,"date":"2026-01-11T07:48:13","date_gmt":"2026-01-11T07:48:13","guid":{"rendered":"https:\/\/www.europesays.com\/fi\/139317\/"},"modified":"2026-01-11T07:48:13","modified_gmt":"2026-01-11T07:48:13","slug":"ikaalisten-urheilijoiden-hilla-niemela-hiihti-suomen-mestariksi","status":"publish","type":"post","link":"https:\/\/www.europesays.com\/fi\/139317\/","title":{"rendered":"Ikaalisten Urheilijoiden Hilla Niemel\u00e4 hiihti Suomen mestariksi"},"content":{"rendered":"<p>SM-hiihtoja suksitaan Kuopiossa.<\/p>\n<p>10.1. 16:16<\/p>\n<p class=\"article-body mb-nof-24 px-nof-16\">Ikaalisten Urheilijoiden <a class=\"font-bold underline-offset-[0.12em] [text-decoration:var(--person-link-text-decoration)] ![text-decoration-color:var(--person-link-text-decoration-color)]\" href=\"https:\/\/www.aamulehti.fi\/haku\/?query=Hilla%20Niemel%C3%A4\" rel=\"nofollow noopener\" target=\"_blank\">Hilla Niemel\u00e4<\/a> voitti naisten kymmenen kilometrin vapaan hiihtotavan SM-v\u00e4liaikakilpailun lauantaina Kuopiossa.<\/p>\n<p class=\"article-body mb-nof-24 px-nof-16\">Kilpailussa toiseksi suksi Iisalmen Visan <a class=\"font-bold underline-offset-[0.12em] [text-decoration:var(--person-link-text-decoration)] ![text-decoration-color:var(--person-link-text-decoration-color)]\" href=\"https:\/\/www.aamulehti.fi\/haku\/?query=Nora%20Kyt%C3%A4j%C3%A4\" rel=\"nofollow noopener\" target=\"_blank\">Nora Kyt\u00e4j\u00e4<\/a>, joka h\u00e4visi voittajalle 5,1 sekuntia. Kolmas oli Ylivieskan Kuulan<a class=\"font-bold underline-offset-[0.12em] [text-decoration:var(--person-link-text-decoration)] ![text-decoration-color:var(--person-link-text-decoration-color)]\" href=\"https:\/\/www.aamulehti.fi\/haku\/?query=%20Anna-Kaisa%20Saari\" rel=\"nofollow noopener\" target=\"_blank\"> Anna-Kaisa Saari<\/a>. H\u00e4n h\u00e4visi Niemel\u00e4lle 13,7 sekuntia.<\/p>\n<p class=\"article-body mb-nof-24 px-nof-16\">\u201dTosi tasainen vauhdinjako ja tunsin, ett\u00e4 suksi oli todella hyv\u00e4. Jaksoin pit\u00e4\u00e4 ahtaalla koko ajan. Onnistui tuolle radalle tosi hyvin\u201d, Niemel\u00e4 sanoi Ylen haastattelussa.<\/p>\n<p class=\"article-body mb-nof-24 px-nof-16\">Maajoukkueestakin vuosien varrella tutuksi tullut <a class=\"font-bold underline-offset-[0.12em] [text-decoration:var(--person-link-text-decoration)] ![text-decoration-color:var(--person-link-text-decoration-color)]\" href=\"https:\/\/www.aamulehti.fi\/haku\/?query=Anne%20Kyll%C3%B6nen\" rel=\"nofollow noopener\" target=\"_blank\">Anne Kyll\u00f6nen<\/a> keskeytti kilpailun.<\/p>\n<p class=\"article-body mb-nof-24 px-nof-16\">Naisten kilpailua lykittiin noin kymmenen asteen pakkasessa ja kevyehk\u00f6ss\u00e4 lumisateessa.<\/p>\n<p class=\"article-body mb-nof-24 px-nof-16\">J\u00e4min J\u00e4nteen <a class=\"font-bold underline-offset-[0.12em] [text-decoration:var(--person-link-text-decoration)] ![text-decoration-color:var(--person-link-text-decoration-color)]\" href=\"https:\/\/www.aamulehti.fi\/haku\/?query=Markus%20Vuorela\" rel=\"nofollow noopener\" target=\"_blank\">Markus Vuorela<\/a> voitti miesten vastaavan SM-kilpailun lauantaina Kuopiossa.<\/p>\n","protected":false},"excerpt":{"rendered":"SM-hiihtoja suksitaan Kuopiossa. 10.1. 16:16 Ikaalisten Urheilijoiden Hilla Niemel\u00e4 voitti naisten kymmenen kilometrin vapaan hiihtotavan SM-v\u00e4liaikakilpailun lauantaina Kuopiossa.&hellip;\n","protected":false},"author":2,"featured_media":139318,"comment_status":"","ping_status":"","sticky":false,"template":"","format":"standard","meta":{"footnotes":""},"categories":[158],"tags":[157,33,31,30,159,32,160],"class_list":{"0":"post-139317","1":"post","2":"type-post","3":"status-publish","4":"format-standard","5":"has-post-thumbnail","7":"category-urheilu","8":"tag-aamulehti","9":"tag-fi","10":"tag-finland","11":"tag-finnish","12":"tag-sports","13":"tag-suomi","14":"tag-urheilu"},"share_on_mastodon":{"url":"https:\/\/pubeurope.com\/@fi\/115875368451511578","error":""},"_links":{"self":[{"href":"https:\/\/www.europesays.com\/fi\/wp-json\/wp\/v2\/posts\/139317","targetHints":{"allow":["GET"]}}],"collection":[{"href":"https:\/\/www.europesays.com\/fi\/wp-json\/wp\/v2\/posts"}],"about":[{"href":"https:\/\/www.europesays.com\/fi\/wp-json\/wp\/v2\/types\/post"}],"author":[{"embeddable":true,"href":"https:\/\/www.europesays.com\/fi\/wp-json\/wp\/v2\/users\/2"}],"replies":[{"embeddable":true,"href":"https:\/\/www.europesays.com\/fi\/wp-json\/wp\/v2\/comments?post=139317"}],"version-history":[{"count":0,"href":"https:\/\/www.europesays.com\/fi\/wp-json\/wp\/v2\/posts\/139317\/revisions"}],"wp:featuredmedia":[{"embeddable":true,"href":"https:\/\/www.europesays.com\/fi\/wp-json\/wp\/v2\/media\/139318"}],"wp:attachment":[{"href":"https:\/\/www.europesays.com\/fi\/wp-json\/wp\/v2\/media?parent=139317"}],"wp:term":[{"taxonomy":"category","embeddable":true,"href":"https:\/\/www.europesays.com\/fi\/wp-json\/wp\/v2\/categories?post=139317"},{"taxonomy":"post_tag","embeddable":true,"href":"https:\/\/www.europesays.com\/fi\/wp-json\/wp\/v2\/tags?post=139317"}],"curies":[{"name":"wp","href":"https:\/\/api.w.org\/{rel}","templated":true}]}}