{"id":139319,"date":"2026-01-11T07:49:07","date_gmt":"2026-01-11T07:49:07","guid":{"rendered":"https:\/\/www.europesays.com\/fi\/139319\/"},"modified":"2026-01-11T07:49:07","modified_gmt":"2026-01-11T07:49:07","slug":"n-suosittu-rikossarja-voi-saada-jatkoa-stara-fi","status":"publish","type":"post","link":"https:\/\/www.europesays.com\/fi\/139319\/","title":{"rendered":"n suosittu rikossarja voi saada jatkoa \u2013 Stara.fi"},"content":{"rendered":"<p>Kate Winsletin t\u00e4hditt\u00e4m\u00e4ss\u00e4 Mare of Easttown -sarjassa ratkottiin teini-ik\u00e4isen \u00e4idin murhaa pieness\u00e4 yhdysvaltalaiskaupungissa. HBO:n seitsenosainen sarja sai ylist\u00e4v\u00e4n vastaanoton ja voitti nelj\u00e4 Emmy-palkintoa.<\/p>\n<p>MAINOS ALKAAMAINOS LOPPUU<\/p>\n<p>Mare of Easttownin oli alun perin m\u00e4\u00e4r\u00e4 j\u00e4\u00e4d\u00e4 yhden kauden mittaiseksi minisarjaksi. Sarjalle on kuitenkin toivottu jatkoa. Winslet on sittemmin kertonut, ett\u00e4 toinen kausi saattaa toteutua.<\/p>\n<p>Winslet paljasti <a href=\"https:\/\/deadline.com\/2026\/01\/kate-winslet-season-2-mare-of-easttown-2027-1236676083\/\" rel=\"nofollow noopener\" target=\"_blank\">Deadlinelle<\/a>, ett\u00e4 keskusteluja Mare of Easttownin jatkosta on jo k\u00e4yty. Keskustelut liittyiv\u00e4t siihen, milloin toinen tuotantokausi olisi mahdollista kuvata.<\/p>\n<p>MAINOS ALKAAMAINOS LOPPUU<\/p>\n<p>\u2013 Uskon, ett\u00e4 toteutamme sen, Winslet kertoi.<\/p>\n<p>Toista tuotantokautta ei kuitenkaan kannata odottaa ruuduille viel\u00e4 hetkeen. Winsletin mukaan toisen tuotantokauden kuvaukset toteutuisivat todenn\u00e4k\u00f6isesti vasta vuonna 2027.<\/p>\n<p>MAINOS ALKAAMAINOS LOPPUU<\/p>\n<p>Kate Winslet teki taannoin uuden aluevaltauksen ohjaamalla Goodbye Family -elokuva Netflixille. Joulukuun 24. p\u00e4iv\u00e4 julkaistun elokuvan rooleissa n\u00e4hd\u00e4\u00e4n Winsletin ohella muun muassa Helen Mirren ja Toni Collette.<\/p>\n<p>\n\t\t\t\tVoit halutessasi lukea Starassa my\u00f6s lis\u00e4\u00e4 juuri t\u00e4h\u00e4n artikkeliin liittyvist\u00e4 teemoista ja aiheista, kuten <a href=\"https:\/\/www.stara.fi\/asiasanat\/hbo\/\" rel=\"tag nofollow noopener\" target=\"_blank\">HBO<\/a>, <a href=\"https:\/\/www.stara.fi\/asiasanat\/kate-winslet\/\" rel=\"tag nofollow noopener\" target=\"_blank\">Kate Winslet<\/a> tai laajemmin t\u00e4st\u00e4 aihealueesta <a href=\"https:\/\/www.stara.fi\/category\/viihdeuutiset\/\" rel=\"category tag nofollow noopener\" target=\"_blank\">Viihdeuutiset<\/a> -osioistamme.\n\t\t\t<\/p>\n","protected":false},"excerpt":{"rendered":"Kate Winsletin t\u00e4hditt\u00e4m\u00e4ss\u00e4 Mare of Easttown -sarjassa ratkottiin teini-ik\u00e4isen \u00e4idin murhaa pieness\u00e4 yhdysvaltalaiskaupungissa. HBO:n seitsenosainen sarja sai ylist\u00e4v\u00e4n&hellip;\n","protected":false},"author":2,"featured_media":139320,"comment_status":"","ping_status":"","sticky":false,"template":"","format":"standard","meta":{"footnotes":""},"categories":[130],"tags":[137,33,31,30,32,109],"class_list":{"0":"post-139319","1":"post","2":"type-post","3":"status-publish","4":"format-standard","5":"has-post-thumbnail","7":"category-viihde","8":"tag-entertainment","9":"tag-fi","10":"tag-finland","11":"tag-finnish","12":"tag-suomi","13":"tag-viihde"},"share_on_mastodon":{"url":"https:\/\/pubeurope.com\/@fi\/115875372265268209","error":""},"_links":{"self":[{"href":"https:\/\/www.europesays.com\/fi\/wp-json\/wp\/v2\/posts\/139319","targetHints":{"allow":["GET"]}}],"collection":[{"href":"https:\/\/www.europesays.com\/fi\/wp-json\/wp\/v2\/posts"}],"about":[{"href":"https:\/\/www.europesays.com\/fi\/wp-json\/wp\/v2\/types\/post"}],"author":[{"embeddable":true,"href":"https:\/\/www.europesays.com\/fi\/wp-json\/wp\/v2\/users\/2"}],"replies":[{"embeddable":true,"href":"https:\/\/www.europesays.com\/fi\/wp-json\/wp\/v2\/comments?post=139319"}],"version-history":[{"count":0,"href":"https:\/\/www.europesays.com\/fi\/wp-json\/wp\/v2\/posts\/139319\/revisions"}],"wp:featuredmedia":[{"embeddable":true,"href":"https:\/\/www.europesays.com\/fi\/wp-json\/wp\/v2\/media\/139320"}],"wp:attachment":[{"href":"https:\/\/www.europesays.com\/fi\/wp-json\/wp\/v2\/media?parent=139319"}],"wp:term":[{"taxonomy":"category","embeddable":true,"href":"https:\/\/www.europesays.com\/fi\/wp-json\/wp\/v2\/categories?post=139319"},{"taxonomy":"post_tag","embeddable":true,"href":"https:\/\/www.europesays.com\/fi\/wp-json\/wp\/v2\/tags?post=139319"}],"curies":[{"name":"wp","href":"https:\/\/api.w.org\/{rel}","templated":true}]}}