{"id":13932,"date":"2025-08-23T09:16:07","date_gmt":"2025-08-23T09:16:07","guid":{"rendered":"https:\/\/www.europesays.com\/fi\/13932\/"},"modified":"2025-08-23T09:16:07","modified_gmt":"2025-08-23T09:16:07","slug":"kauniit-ja-rohkeat-juonipaljastukset-vaarallinen-luna-saa-asekoulutusta","status":"publish","type":"post","link":"https:\/\/www.europesays.com\/fi\/13932\/","title":{"rendered":"Kauniit ja rohkeat -juonipaljastukset: Vaarallinen Luna saa asekoulutusta"},"content":{"rendered":"<p>\n            Kauniit ja rohkeat. MTV.<br \/>\n            MTV\n        <\/p>\n<p class=\"subtitle \">Lunan toimet her\u00e4tt\u00e4v\u00e4t entist\u00e4 suurempaa huolta l\u00e4hipiiriss\u00e4.<\/p>\n<p class=\"article-content article-content-width !bg-background\">Deacon on raivoissaan Sheilalle, kun t\u00e4m\u00e4 on tavannut Lunaa. Deaconin mielest\u00e4 Sheilan ei pid\u00e4 olla miss\u00e4\u00e4n tekemisiss\u00e4 tuomitun rikollisen kanssa. Sheila kuitenkin sanoo, ett\u00e4 Luna k\u00e4y h\u00e4nt\u00e4 s\u00e4\u00e4liksi, ja h\u00e4n haluaa oppia tuntemaan lapsenlapsensa.<\/p>\n<p class=\"article-content article-content-width !bg-background\">Arkistovideo: Kaunarit\u00e4hdet onnittelevat Seiskaa<\/p>\n<p class=\"article-content article-content-width !bg-background\">Luna itse yritt\u00e4\u00e4 anella Finnilt\u00e4 is\u00e4llist\u00e4 rakkautta. Lunan mielest\u00e4 on Steffyn vika, ett\u00e4 Lunan ja Finnin v\u00e4lille ei p\u00e4\u00e4se syntym\u00e4\u00e4n yhteytt\u00e4.<\/p>\n<p>        <a itemprop=\"url\" href=\"https:\/\/www.seiska.fi\/katso\/kauniit-ja-rohkeat-juonipaljastukset-lunan-pakkomielle-ottaa-vallan\/1888708\" rel=\"nofollow noopener\" target=\"_blank\"><\/p>\n<p>\nKauniit ja rohkeat -juonipaljastukset\n<\/p>\n<p class=\"section-date\">\n        <strong class=\"article-section\" data-section=\"katso\"><br \/>\n            katso<br \/>\n        <\/strong><br \/>\n        15.8. 06:15\n    <\/p>\n<p>    Kauniit ja rohkeat -juonipaljastukset: Lunan pakkomielle ottaa vallan<\/p>\n<p itemprop=\"description\" class=\"subtitle \">\n    Luna joutuu vaikeuksiin joka suunnalla.\n<\/p>\n<p>        <\/a><\/p>\n<p class=\"article-content article-content-width !bg-background\">Ridge keskustelee Lunasta Electran ja Willin kanssa. Ridgen mielest\u00e4 on vaarallista asettua riitoihin Lunan kanssa. Deacon puolestaan sanoo Lunalle suoraan, ett\u00e4 k\u00e4ytt\u00e4\u00e4 kovia keinoja, jos Luna ei suostu l\u00e4htem\u00e4\u00e4n Los Angelesista.<\/p>\n<p class=\"article-content article-content-width !bg-background\">Liam on kauhuissaan, kun kuulee Lunan k\u00e4yneen Steffyn ja Finnin luona. Itse kukin alkaa olla sit\u00e4 mielt\u00e4, ett\u00e4 Luna suorittaa kohta uuden tappavan iskun.<\/p>\n<p>        <a itemprop=\"url\" href=\"https:\/\/www.seiska.fi\/katso\/kauniissa-ja-rohkeissa-historiallinen-kaanne\/1904407\" rel=\"nofollow noopener\" target=\"_blank\"><\/p>\n<p>\nKauniit ja rohkeat\n<\/p>\n<p class=\"section-date\">\n        <strong class=\"article-section\" data-section=\"katso\"><br \/>\n            katso<br \/>\n        <\/strong><br \/>\n        20.8. 09:15\n    <\/p>\n<p>    Kauniissa ja rohkeissa historiallinen k\u00e4\u00e4nne<\/p>\n<p itemprop=\"description\" class=\"subtitle \">\n    Kauniit ja rohkeat -sarjan tekij\u00e4t joutuivat j\u00e4tt\u00e4m\u00e4\u00e4n hyv\u00e4stit vanhalle, mutta saivat uutta tilalle.\n<\/p>\n<p>        <\/a><\/p>\n<p class=\"article-content article-content-width !bg-background\">Luna saa aseenk\u00e4sittelyoppia yll\u00e4tt\u00e4v\u00e4lt\u00e4 taholta, Remylt\u00e4. Maalitaulunaan Lunalla on Steffyn kuva.<\/p>\n<p class=\"article-content article-content-width !bg-background\"> Kauniit ja rohkeat MTV3:lla maanantaista perjantaihin. <\/p>\n<p>        <a itemprop=\"url\" href=\"https:\/\/www.seiska.fi\/katso\/kauniit-ja-rohkeat-tahti-joutuu-piilottelemaan-raskauttaan\/1899701\" rel=\"nofollow noopener\" target=\"_blank\"><\/p>\n<p>\nKauniit ja rohkeat\n<\/p>\n<p class=\"section-date\">\n        <strong class=\"article-section\" data-section=\"katso\"><br \/>\n            katso<br \/>\n        <\/strong><br \/>\n        14.8. 13:15\n    <\/p>\n<p>    Kauniit ja rohkeat -t\u00e4hti joutuu piilottelemaan raskauttaan<\/p>\n<p itemprop=\"description\" class=\"subtitle \">\n    Steffy Forresteria n\u00e4yttelev\u00e4n Jacqueline MacInnes Woodin tosiel\u00e4m\u00e4n raskautta ei ole kirjoitettu mukaan sarjaan.\n<\/p>\n<p>        <\/a><\/p>\n","protected":false},"excerpt":{"rendered":"Kauniit ja rohkeat. MTV. MTV Lunan toimet her\u00e4tt\u00e4v\u00e4t entist\u00e4 suurempaa huolta l\u00e4hipiiriss\u00e4. Deacon on raivoissaan Sheilalle, kun t\u00e4m\u00e4&hellip;\n","protected":false},"author":2,"featured_media":13933,"comment_status":"","ping_status":"","sticky":false,"template":"","format":"standard","meta":{"footnotes":""},"categories":[133],"tags":[5686,5685,5684,5683,137,33,31,30,375,3474,3478,32,206,156,109],"class_list":{"0":"post-13932","1":"post","2":"type-post","3":"status-publish","4":"format-standard","5":"has-post-thumbnail","7":"category-televisiot","8":"tag-ase","9":"tag-aseenkasittelyoppi","10":"tag-asekoulutus","11":"tag-deacon","12":"tag-entertainment","13":"tag-fi","14":"tag-finland","15":"tag-finnish","16":"tag-kauniit-ja-rohkeat","17":"tag-luna","18":"tag-sheila","19":"tag-suomi","20":"tag-televisiot","21":"tag-tv","22":"tag-viihde"},"share_on_mastodon":{"url":"","error":""},"_links":{"self":[{"href":"https:\/\/www.europesays.com\/fi\/wp-json\/wp\/v2\/posts\/13932","targetHints":{"allow":["GET"]}}],"collection":[{"href":"https:\/\/www.europesays.com\/fi\/wp-json\/wp\/v2\/posts"}],"about":[{"href":"https:\/\/www.europesays.com\/fi\/wp-json\/wp\/v2\/types\/post"}],"author":[{"embeddable":true,"href":"https:\/\/www.europesays.com\/fi\/wp-json\/wp\/v2\/users\/2"}],"replies":[{"embeddable":true,"href":"https:\/\/www.europesays.com\/fi\/wp-json\/wp\/v2\/comments?post=13932"}],"version-history":[{"count":0,"href":"https:\/\/www.europesays.com\/fi\/wp-json\/wp\/v2\/posts\/13932\/revisions"}],"wp:featuredmedia":[{"embeddable":true,"href":"https:\/\/www.europesays.com\/fi\/wp-json\/wp\/v2\/media\/13933"}],"wp:attachment":[{"href":"https:\/\/www.europesays.com\/fi\/wp-json\/wp\/v2\/media?parent=13932"}],"wp:term":[{"taxonomy":"category","embeddable":true,"href":"https:\/\/www.europesays.com\/fi\/wp-json\/wp\/v2\/categories?post=13932"},{"taxonomy":"post_tag","embeddable":true,"href":"https:\/\/www.europesays.com\/fi\/wp-json\/wp\/v2\/tags?post=13932"}],"curies":[{"name":"wp","href":"https:\/\/api.w.org\/{rel}","templated":true}]}}